{"id":8292,"date":"2013-03-13T09:11:02","date_gmt":"2013-03-13T08:11:02","guid":{"rendered":"http:\/\/fa86.noblogs.org\/?p=8292"},"modified":"2013-03-13T09:11:02","modified_gmt":"2013-03-13T08:11:02","slug":"valdivienne-86-encore-une-supprssion-de-classe","status":"publish","type":"post","link":"https:\/\/fa86.noblogs.org\/?p=8292","title":{"rendered":"[Valdivienne &#8211; 86] Encore une supprssion de classe !"},"content":{"rendered":"<p style=\"text-align: justify\"><a href=\"http:\/\/www.lanouvellerepublique.fr\/Vienne\/Actualite\/Education\/n\/Contenus\/Articles\/2013\/03\/13\/A-Valdivienne-une-classe-en-moins-dans-la-future-ecole-1368498\" target=\"_blank\"><strong>A Valdivienne, une classe en moins dans la future \u00e9cole ?<\/strong><\/a><\/p>\n<p id=\"articleChapo\" style=\"text-align: justify\">Malgr\u00e9 la construction d\u2019un groupe scolaire et des pr\u00e9visions d\u2019effectifs \u00e0 la hausse, l\u2019inspection acad\u00e9mique voudrait supprimer une classe.<a href=\"http:\/\/memorix.sdv.fr\/5c\/www.lanouvellerepublique.fr\/actualite\/education_articles\/86\/chauvigny\/86070\/1661299004\/Position1\/default\/empty.gif\/5575556e555646414d76734144693836\" target=\"_blank\"><img loading=\"lazy\" decoding=\"async\" alt=\"\" src=\"http:\/\/memorix.sdv.fr\/0\/default\/empty.gif\" width=\"1\" height=\"1\" border=\"0\" \/><\/a><\/p>\n<div id=\"text\" style=\"text-align: justify\">\n<p>C&rsquo;est la consternation profonde et totale du c\u00f4t\u00e9 de la municipalit\u00e9 et de l&rsquo;association des parents d&rsquo;\u00e9l\u00e8ves (APE) des \u00e9coles publiques de Valdivienne\u2009: le maire Roland Laurendeau et le pr\u00e9sident de l&rsquo;Association des parents d&rsquo;\u00e9l\u00e8ves J\u00e9r\u00f4me Thielin ont appris indirectement que la commune serait <i>\u00ab sur la liste noire des communes qui pourraient \u00eatre touch\u00e9es par la suppression d&rsquo;une classe. A priori une classe de maternelle de l&rsquo;\u00e9cole de Saint-Martin-la-Rivi\u00e8re \u00bb,<\/i> lancent-ils.<\/p>\n<p><b>La d\u00e9mographie n\u00e9cessiterait plut\u00f4t une ouverture<\/b><\/p>\n<p><i>Personne ne comprend cette possible d\u00e9cision de l&rsquo;inspecteur d&rsquo;acad\u00e9mie, surtout apr\u00e8s les investissements effectu\u00e9s par la mairie, soit pr\u00e8s de sept millions d&rsquo;euros pour la construction d&rsquo;un groupe scolaire qui d\u00e9note une politique scolaire tr\u00e8s optimiste, qui correspond \u00e0 l&rsquo;augmentation r\u00e9guli\u00e8re des effectifs scolaires. Pour la rentr\u00e9e 2013-2014 le pr\u00e9visionnel est estim\u00e9 \u00e0 208 \u00e9l\u00e8ves, soit huit \u00e9l\u00e8ves de plus qu&rsquo;aujourd&rsquo;hui, alors que du c\u00f4t\u00e9 de l&rsquo;inspection il semblerait que le calcul ne soit pas le m\u00eame. Elle pr\u00e9voirait un maintien \u00e0 200 \u00e9l\u00e8ves. \u00bb<\/i> Le maire et le responsable de l&rsquo;APE avancent \u00e9galement qu&rsquo;en 2014, \u00e0 la suite d&rsquo;une pouss\u00e9e sensible des naissances avec un pic de 42 nouveaux-n\u00e9s en 2011, une vingtaine d&rsquo;\u00e9l\u00e8ves viendraient gonfler les effectifs. <i>\u00ab Et ceci, apr\u00e8s avoir retir\u00e9 ceux qui partiront en sixi\u00e8me, un \u00e9l\u00e9ment d&rsquo;importance \u00e0 prendre en compte. \u00bb <\/i>Et le maire de pr\u00e9ciser que la courbe de population ne cesse de grimper, selon les chiffres officiels communiqu\u00e9s par l&rsquo;Insee\u2009: 2.589 habitants actuellement, contre 2.455 en 2007, soit +5,8\u2009%. \u00ab <i>Cette suppression est difficile \u00e0 comprendre quand on \u00e9coute le discours du ministre de l&rsquo;\u00c9ducation nationale qui demande que les collectivit\u00e9s s&rsquo;int\u00e9ressent aux enfants de deux ans. Dans ce cas ce n&rsquo;est pas une fermeture qu&rsquo;il faut envisager mais plut\u00f4t l&rsquo;ouverture d&rsquo;une classe suppl\u00e9mentaire \u00bb<\/i>, temp\u00eate Roland Laurendeau. Le maire pr\u00e9pare un courrier \u00e0 l&rsquo;attention de l&rsquo;inspecteur d&rsquo;acad\u00e9mie et les membres de l&rsquo;APE envisageraient des actions fortes de protestation, sans doute jeudi et vendredi. Il leur faut faire vite\u2009: c&rsquo;est lundi que le projet de carte scolaire 2013 doit \u00eatre d\u00e9voil\u00e9 publiquement.<\/p>\n<p><em>Corr. Robert Benoist, Nouvelle R\u00e9publique, 13 mars 2013<\/em><\/p>\n<\/div>\n","protected":false},"excerpt":{"rendered":"<p>A Valdivienne, une classe en moins dans la future \u00e9cole ? Malgr\u00e9 la construction d\u2019un groupe scolaire et des pr\u00e9visions d\u2019effectifs \u00e0 la hausse, l\u2019inspection acad\u00e9mique voudrait supprimer une classe. C&rsquo;est la consternation profonde et totale du c\u00f4t\u00e9 de la municipalit\u00e9 et de l&rsquo;association des parents d&rsquo;\u00e9l\u00e8ves (APE) des \u00e9coles publiques de Valdivienne\u2009: le maire &hellip; <a href=\"https:\/\/fa86.noblogs.org\/?p=8292\" class=\"more-link\">Continuer la lecture de <span class=\"screen-reader-text\">[Valdivienne &#8211; 86] Encore une supprssion de classe !<\/span> <span class=\"meta-nav\">&rarr;<\/span><\/a><\/p>\n","protected":false},"author":2691,"featured_media":0,"comment_status":"open","ping_status":"open","sticky":false,"template":"","format":"standard","meta":{"footnotes":""},"categories":[17],"tags":[],"class_list":["post-8292","post","type-post","status-publish","format-standard","hentry","category-education-populaire"],"_links":{"self":[{"href":"https:\/\/fa86.noblogs.org\/index.php?rest_route=\/wp\/v2\/posts\/8292","targetHints":{"allow":["GET"]}}],"collection":[{"href":"https:\/\/fa86.noblogs.org\/index.php?rest_route=\/wp\/v2\/posts"}],"about":[{"href":"https:\/\/fa86.noblogs.org\/index.php?rest_route=\/wp\/v2\/types\/post"}],"author":[{"embeddable":true,"href":"https:\/\/fa86.noblogs.org\/index.php?rest_route=\/wp\/v2\/users\/2691"}],"replies":[{"embeddable":true,"href":"https:\/\/fa86.noblogs.org\/index.php?rest_route=%2Fwp%2Fv2%2Fcomments&post=8292"}],"version-history":[{"count":2,"href":"https:\/\/fa86.noblogs.org\/index.php?rest_route=\/wp\/v2\/posts\/8292\/revisions"}],"predecessor-version":[{"id":8294,"href":"https:\/\/fa86.noblogs.org\/index.php?rest_route=\/wp\/v2\/posts\/8292\/revisions\/8294"}],"wp:attachment":[{"href":"https:\/\/fa86.noblogs.org\/index.php?rest_route=%2Fwp%2Fv2%2Fmedia&parent=8292"}],"wp:term":[{"taxonomy":"category","embeddable":true,"href":"https:\/\/fa86.noblogs.org\/index.php?rest_route=%2Fwp%2Fv2%2Fcategories&post=8292"},{"taxonomy":"post_tag","embeddable":true,"href":"https:\/\/fa86.noblogs.org\/index.php?rest_route=%2Fwp%2Fv2%2Ftags&post=8292"}],"curies":[{"name":"wp","href":"https:\/\/api.w.org\/{rel}","templated":true}]}}