{"id":8301,"date":"2013-03-14T12:09:10","date_gmt":"2013-03-14T11:09:10","guid":{"rendered":"http:\/\/fa86.noblogs.org\/?p=8301"},"modified":"2013-03-14T12:09:10","modified_gmt":"2013-03-14T11:09:10","slug":"les-bureaucrates-syndicaux-travaillent","status":"publish","type":"post","link":"https:\/\/fa86.noblogs.org\/?p=8301","title":{"rendered":"Les bureaucrates syndicaux travaillent"},"content":{"rendered":"<p style=\"text-align: justify\"><em><strong>NdPN<\/strong> : l&rsquo;\u00e9pid\u00e9mie de jaunisse syndicale\u00a0monte encore d&rsquo;un cran. Les deux articles suivants se passent de commentaire !\u00a0On a quand m\u00eame soulign\u00e9 les passages les plus croustillants.<\/em><\/p>\n<p style=\"text-align: justify\"><strong><a title=\"Retraites compl\u00e9mentaires: un accord ent\u00e9rine une baisse de pouvoir d'achat\" href=\"\/actualites\/politique\/2013\/03\/14\/retraites-complementaires-un-accord-enterine-une-baisse-de-pouvoir-d-achat_5348202.html\">Retraites compl\u00e9mentaires: un accord ent\u00e9rine une baisse de pouvoir d&rsquo;achat<\/a><\/strong><\/p>\n<p style=\"text-align: justify\"><b>Les partenaires sociaux sont parvenus mercredi soir \u00e0 un protocole d&rsquo;accord pour renflouer les caisses des r\u00e9gimes de retraite compl\u00e9mentaire, qui ent\u00e9rine une baisse de pouvoir d&rsquo;achat pour 11 millions de retrait\u00e9s mais doit encore \u00eatre formellement approuv\u00e9 par les organisations.<\/b><\/p>\n<p style=\"text-align: justify\"><a href=\"https:\/\/fa86.noblogs.org\/files\/2013\/03\/quest-ce-quon-samuse-entre-copains.jpg\"><img loading=\"lazy\" decoding=\"async\" class=\"alignnone size-full wp-image-8303\" alt=\"qu'est-ce qu'on s'amuse entre copains\" src=\"https:\/\/fa86.noblogs.org\/files\/2013\/03\/quest-ce-quon-samuse-entre-copains.jpg\" width=\"512\" height=\"340\" srcset=\"https:\/\/fa86.noblogs.org\/files\/2013\/03\/quest-ce-quon-samuse-entre-copains.jpg 512w, https:\/\/fa86.noblogs.org\/files\/2013\/03\/quest-ce-quon-samuse-entre-copains-300x199.jpg 300w\" sizes=\"auto, (max-width: 512px) 100vw, 512px\" \/><\/a><\/p>\n<p style=\"text-align: justify\"><em>Des membres du patronat et de cinq syndicats lors d&rsquo;une s\u00e9ance de n\u00e9gociations sur les retraites compl\u00e9mentaires, le 13 mars 2013 \u00e0 Paris<\/em><\/p>\n<p style=\"text-align: justify\">Le patronat et les cinq syndicats CFDT, CFE-CGC, CFTC, FO et CGT, qui g\u00e8rent ces r\u00e9gimes, ont ainsi mis un terme \u00e0 leurs discussions un peu apr\u00e8s 21H00.<\/p>\n<p style=\"text-align: justify\">Pour \u00eatre valid\u00e9, le texte mis sur la table ne doit pas faire l&rsquo;objet de trois oppositions de syndicats.<!-- SUR LE MEME SUJET --><\/p>\n<p style=\"text-align: justify\">Tous ont affirm\u00e9 qu&rsquo;ils donneraient leur r\u00e9ponse dans les prochains jours, <strong>certains ont laiss\u00e9 entendre qu&rsquo;ils pourraient l&rsquo;approuver<\/strong>.<\/p>\n<p style=\"text-align: justify\">A l&rsquo;ouverture de la s\u00e9ance, le Medef avait fait un geste en proposant une augmentation des cotisations, comme les syndicats le r\u00e9clamaient <strong>en \u00e9change d&rsquo;une baisse de pouvoir d&rsquo;achat des retrait\u00e9s<\/strong>.<\/p>\n<p style=\"text-align: justify\">Selon le texte d\u00e9finitif, transmis \u00e0 la presse, <strong>les pensions augmenteront au 1er avril moins que l&rsquo;inflation, soit 0,5% pour les cadres du priv\u00e9 (Agirc) et 0,8% pour les salari\u00e9s du priv\u00e9 (Arrco).<\/strong><\/p>\n<p style=\"text-align: justify\"><strong>L&rsquo;inflation pr\u00e9vue pour 2013 est \u00e0 environ 1,75%.<\/strong><\/p>\n<p style=\"text-align: justify\"><strong>En 2014 et 2015, elles seront \u00e9galement moins revaloris\u00e9es que l&rsquo;inflation (- un point).<\/strong><\/p>\n<p style=\"text-align: justify\"><strong>Les cotisations acquitt\u00e9es par 18 millions d&rsquo;actifs et les entreprises augmenteront quant \u00e0 elles via le taux \u00ab\u00a0contractuel\u00a0\u00bb (ouvrant des droits \u00e0 la retraite), de 0,1 point en 2014 et \u00e0 nouveau de 0,1 point en 2015.<\/strong><\/p>\n<p style=\"text-align: justify\"><strong>Au total, ces mesures permettront d&rsquo;\u00e9conomiser environ 3 milliards d&rsquo;euros \u00e0 l&rsquo;horizon 2017, faisant passer le d\u00e9ficit des r\u00e9gimes de 8,6 milliards \u00e0 5,5 milliards cette ann\u00e9e-l\u00e0, selon Jean-Fran\u00e7ois Pilliard, le repr\u00e9sentant du Medef.<\/strong><\/p>\n<p style=\"text-align: justify\">\u00ab\u00a0La moindre revalorisation est une mesure <strong>indispensable<\/strong> (&#8230;), <strong>en m\u00eame temps sur le plan humain, c&rsquo;est une mesure qui \u00e9videmment pose probl\u00e8me<\/strong>\u00ab\u00a0, a-t-il dit, <strong>reconnaissant ne pas \u00eatre \u00ab\u00a0dans une n\u00e9gociation qui cr\u00e9e de l&rsquo;enthousiasme\u00a0\u00bb.<\/strong><\/p>\n<p style=\"text-align: justify\">Un accord utile, mais pas forc\u00e9ment suffisant<\/p>\n<p style=\"text-align: justify\"><strong>\u00ab\u00a0Il y a des mesures d&rsquo;une efficacit\u00e9 relative\u00a0\u00bb, et \u00ab\u00a0nous repoussons l&rsquo;\u00e9ch\u00e9ance de quelques ann\u00e9es. C&rsquo;est utile, je ne suis pas s\u00fbr que ce soit suffisant\u00a0\u00bb, a dit de son c\u00f4t\u00e9 Jean-Louis Malys (CFDT).<\/strong><\/p>\n<p style=\"text-align: justify\"><strong>\u00ab\u00a0Nous avons eu des signes positifs pour la p\u00e9rennit\u00e9 des r\u00e9gimes\u00a0\u00bb, a estim\u00e9 Philippe Pihet pour FO, reconnaissant que l&rsquo;accord pr\u00e9voyait \u00ab\u00a0effectivement une diminution du pouvoir d&rsquo;achat des retrait\u00e9s\u00a0\u00bb.<\/strong><\/p>\n<p style=\"text-align: justify\"><strong>\u00ab\u00a0Il nous semblait essentiel de pouvoir dire \u00e0 ceux qui ont une retraite d\u00e9j\u00e0 moindre qu&rsquo;ils auront quand m\u00eame une revalorisation\u00a0\u00bb, a soulign\u00e9 Pascale Coton (CFTC), se disant \u00ab\u00a0plut\u00f4t optimiste\u00a0\u00bb.<\/strong><\/p>\n<p style=\"text-align: justify\"><strong>Pour Dani\u00e8le Karniewicz (CFE-CGC), un effort est \u00ab\u00a0demand\u00e9 \u00e0 tous les retrait\u00e9s, de fa\u00e7on importante\u00a0\u00bb en particulier \u00ab\u00a0aux classes moyennes\u00a0\u00bb.<\/strong><\/p>\n<p style=\"text-align: justify\"><strong>\u00ab\u00a0L&rsquo;effort n&rsquo;est pas \u00e9quilibr\u00e9\u00a0\u00bb et \u00ab\u00a0pour moi ce n&rsquo;est pas suffisant\u00a0\u00bb, a-t-elle jug\u00e9.<\/strong><\/p>\n<p style=\"text-align: justify\">De son c\u00f4t\u00e9 Eric Aubin CGT) a affirm\u00e9 que son organisation ne souhaitait pas \u00ab\u00a0faire subir une nouvelle contrainte\u00a0\u00bb aux retrait\u00e9s et \u00ab\u00a0une baisse de pouvoir d&rsquo;achat pendant trois ans\u00a0\u00bb, disant avoir un avis \u00ab\u00a0n\u00e9gatif\u00a0\u00bb sur le texte.<\/p>\n<p style=\"text-align: justify\"><strong>Les partenaires sociaux \u00e9taient press\u00e9s de trouver une solution avant le 1er avril, date de revalorisation des pensions<\/strong>, pour assainir la situation financi\u00e8re d\u00e9licate de ces r\u00e9gimes.<\/p>\n<p style=\"text-align: justify\">Reste \u00e0 savoir si les d\u00e9lais permettront d&rsquo;appliquer l&rsquo;accord \u00e0 cette date.<\/p>\n<p style=\"text-align: justify\">La CFTC donnera sa r\u00e9ponse lundi, tandis que la CFE-CGC attendra le 25 mars et FO le fera \u00ab\u00a0dans les prochains jours.<\/p>\n<p style=\"text-align: justify\"><strong>Quoi qu&rsquo;il en soit, le r\u00e9sultat de ces n\u00e9gociations pourrait s&rsquo;av\u00e9rer d\u00e9cisif pour l&rsquo;ensemble des retrait\u00e9s, vis\u00e9s par la r\u00e9forme du r\u00e9gime g\u00e9n\u00e9ral que pr\u00e9pare le gouvernement.<\/strong><\/p>\n<p style=\"text-align: justify\">Mardi, <strong>Fran\u00e7ois Hollande a pr\u00e9venu \u00e0 Dijon que \u00ab\u00a0des choix courageux\u00a0\u00bb devraient \u00eatre faits \u00ab\u00a0dans l&rsquo;ann\u00e9e\u00a0\u00bb pour assurer l&rsquo;avenir des r\u00e9gimes de retraites.<\/strong><\/p>\n<p style=\"text-align: justify\"><strong>La ministre des Affaires sociales, Marisol Touraine, avait d\u00e9j\u00e0 pr\u00e9par\u00e9 les esprits dimanche en soulignant que \u00ab\u00a0des efforts\u00a0\u00bb seraient demand\u00e9s \u00ab\u00a0\u00e0 tous les Fran\u00e7ais\u00a0\u00bb.<\/strong><\/p>\n<p style=\"text-align: justify\">Elle avait estim\u00e9 notamment que la question de la dur\u00e9e de cotisation devrait \u00eatre \u00ab\u00a0examin\u00e9e\u00a0\u00bb.<\/p>\n<p style=\"text-align: justify\"><strong>Install\u00e9e par le gouvernement, une commission pour l&rsquo;avenir des retraites doit proposer des pistes de r\u00e9forme d&rsquo;ici le mois de juin avant une concertation avec les partenaires sociaux sur le sujet.<\/strong><\/p>\n<p style=\"text-align: justify\"><em>AFP, 14 mars 2013<\/em><\/p>\n<p style=\"text-align: justify\"><strong><a title=\"Efforts des salari\u00e9s contre maintien des usines: un accord de comp\u00e9titivit\u00e9 sign\u00e9 chez Renault\" href=\"\/actualites\/economie\/2013\/03\/13\/efforts-des-salaries-contre-maintien-des-usines-un-accord-de-competitivite-signe-chez-renault_5347701.html\">Efforts des salari\u00e9s contre maintien des usines: un accord de comp\u00e9titivit\u00e9 sign\u00e9 chez Renault<\/a><\/strong><\/p>\n<p style=\"text-align: justify\"><b>Efforts des salari\u00e9s et baisse drastique des effectifs contre maintien des usines fran\u00e7aises jusqu&rsquo;en 2016: Renault parie sur l&rsquo;avenir avec son accord comp\u00e9titivit\u00e9 au niveau du groupe scell\u00e9 mercredi, une premi\u00e8re du genre qui pourrait faire des \u00e9mules.<\/b><\/p>\n<p style=\"text-align: justify\"><a href=\"https:\/\/fa86.noblogs.org\/files\/2013\/03\/signez-ici.jpg\"><img loading=\"lazy\" decoding=\"async\" class=\"alignnone size-full wp-image-8302\" alt=\"signez ici\" src=\"https:\/\/fa86.noblogs.org\/files\/2013\/03\/signez-ici.jpg\" width=\"512\" height=\"325\" srcset=\"https:\/\/fa86.noblogs.org\/files\/2013\/03\/signez-ici.jpg 512w, https:\/\/fa86.noblogs.org\/files\/2013\/03\/signez-ici-300x190.jpg 300w\" sizes=\"auto, (max-width: 512px) 100vw, 512px\" \/><\/a><\/p>\n<p style=\"text-align: justify\"><em>Le patron de Renault Carlos Ghosn, entour\u00e9 des repr\u00e9sentants des trois syndicats signataires (CFE-CGC, FO et CFDT), le 13 mars 2013 \u00e0 Boulogne-Billancourt pr\u00e8s de Paris<\/em><\/p>\n<p style=\"text-align: justify\"><strong>Le patron Carlos Ghosn<\/strong>, entour\u00e9 des repr\u00e9sentants des trois syndicats signataires (CFE-CGC, FO et CFDT, pr\u00e8s de 65% des voix au total), <strong>a paraph\u00e9 l&rsquo;accord qui, selon ses termes, \u00ab\u00a0fera date dans l&rsquo;histoire des n\u00e9gociations sociales fran\u00e7aises\u00a0\u00bb.<\/strong><\/p>\n<p style=\"text-align: justify\"><strong>Plus de flexibilit\u00e9 dans l&rsquo;organisation du temps de travail<\/strong>, \u00ab\u00a0le contrat pour une nouvelle dynamique de croissance et de d\u00e9veloppement social en France\u00a0\u00bb est un \u00ab\u00a0accord \u00e9quilibr\u00e9\u00a0\u00bb, assure M. Ghosn. <strong>Il \u00ab\u00a0donne \u00e0 Renault les moyens de renouer avec la comp\u00e9titivit\u00e9 en France\u00a0\u00bb,<\/strong> avec \u00e0 la cl\u00e9 500 millions d&rsquo;\u00e9conomies par an escompt\u00e9es, soit 300 euros par v\u00e9hicule.<\/p>\n<p style=\"text-align: justify\"><strong>Pour la CFE-CGC<\/strong>, ce \u00ab\u00a0n&rsquo;est pas un bon accord\u00a0\u00bb, mais <strong>un accord \u00ab\u00a0donnant-donnant\u00a0\u00bb<\/strong> et un \u00ab\u00a0pari sur les quatre prochaines ann\u00e9es\u00a0\u00bb <strong>qui \u00ab\u00a0garantit des affectations de mod\u00e8les et de produits, des volumes minimum de production\u00a0\u00bb.<\/strong><\/p>\n<p style=\"text-align: justify\"><strong>L&rsquo;accord marque \u00ab\u00a0le retour industriel de Renault en France\u00a0\u00bb, s&rsquo;est f\u00e9licit\u00e9 Arnaud Montebourg, ministre du Redressement productif.<\/strong><\/p>\n<p style=\"text-align: justify\"><strong>L&rsquo;accord pr\u00e9voit notamment une augmentation de 6,5% du temps de travail, une refonte des comptes \u00e9pargne temps, un gel des salaires en 2013. D&rsquo;ici fin 2016, 7.500 suppressions nettes d&#8217;emplois et 760 embauches sont pr\u00e9vues, soit plus de 15% des effectifs, sans plan social ni plan de d\u00e9parts volontaires.<\/strong><\/p>\n<p style=\"text-align: justify\">Le constructeur automobile s&rsquo;est engag\u00e9 en \u00e9change \u00e0 ne fermer aucune de ses cinq usines dans l&rsquo;Hexagone jusqu&rsquo;\u00e0 cette date et \u00e0 leur assurer une activit\u00e9 minimum de 710.000 v\u00e9hicules par an (contre 530.000 en 2012): 630.000 v\u00e9hicules Renault et 80.000 provenant de partenaires, dont les noms devraient \u00eatre d\u00e9voil\u00e9es d&rsquo;ici l&rsquo;\u00e9t\u00e9. Le taux de remplissage moyen passera ainsi d&rsquo;environ 50% actuellement \u00e0 85%.<\/p>\n<p style=\"text-align: justify\">L&rsquo;avenir de Flins Yvelines) s&rsquo;\u00e9claircit avec la promesse d&rsquo;une production minimum de 110.00 v\u00e9hicules par an, Maubeuge Nord) se voit attribuer la nouvelle g\u00e9n\u00e9ration de l&rsquo;utilitaire Kangoo et Douai Nord) aura cinq mod\u00e8les.<\/p>\n<p style=\"text-align: justify\">Sauf \u00ab\u00a0apocalypse\u00a0\u00bb, les engagements de Renault sont valables jusqu\u2019en 2016 quelle que soit l&rsquo;\u00e9volution du march\u00e9 automobile europ\u00e9en, attendu \u00ab\u00a0\u00e0 peu pr\u00e8s au niveau o\u00f9 il est aujourd&rsquo;hui\u00a0\u00bb, c&rsquo;est-\u00e0-dire \u00ab\u00a0tr\u00e8s m\u00e9diocre\u00a0\u00bb, a assur\u00e9 M. Ghosn.<\/p>\n<p style=\"text-align: justify\"><strong>La majorit\u00e9 des efforts demand\u00e9s aux salari\u00e9s est, elle, \u00e0 dur\u00e9e ind\u00e9termin\u00e9e.<\/strong><\/p>\n<p style=\"text-align: justify\">\u00ab\u00a0N\u00e9gociations sous forte pression\u00a0\u00bb<\/p>\n<p style=\"text-align: justify\">Les quatre syndicats repr\u00e9sentatifs, les trois signataires et la CGT (2\u00e8me syndicat, qui n&rsquo;a pas pris part au vote sur le projet d&rsquo;accord) ont discut\u00e9 avec en t\u00eate le spectre de la fermeture de l&rsquo;usine PSA d&rsquo;Aulnay-sous-Bois et les 8.000 suppressions de postes pr\u00e9vues chez le constructeur.<\/p>\n<p style=\"text-align: justify\"><strong>R\u00e9guli\u00e8rement, la direction de Renault a mis dans la balance l&rsquo;\u00e9ventualit\u00e9 de fermer des usines si l&rsquo;accord n&rsquo;\u00e9tait pas sign\u00e9.<\/strong> Le constructeur, <strong>dont l\u2019\u00c9tat est premier actionnaire,<\/strong> \u00e9tait aussi surveill\u00e9 par <strong>les partenaires sociaux qui n\u00e9gociaient en parall\u00e8le un accord interprofessionnel<\/strong>. Mais Renault a tr\u00e8s vite avanc\u00e9 que son accord serait un \u00ab\u00a0ajustement structurel\u00a0\u00bb alors que l&rsquo;accord national r\u00e9pondait \u00e0 des probl\u00e8mes \u00ab\u00a0conjoncturels\u00a0\u00bb.<\/p>\n<p style=\"text-align: justify\"><strong>Les n\u00e9gociations ont donc \u00e9t\u00e9 men\u00e9es \u00ab\u00a0sous forte pression\u00a0\u00bb, reconna\u00eet Olivier Clairfond (CFE-CGC),<\/strong> parce qu&rsquo;avec \u00ab\u00a0une fermeture d&rsquo;usine, c&rsquo;est toute la fili\u00e8re qui trinque, tout un bassin d&#8217;emploi\u00a0\u00bb.<\/p>\n<p style=\"text-align: justify\">Chantage \u00e0 l&#8217;emploi ou r\u00e9alit\u00e9 \u00e9conomique, <strong>les syndicats signataires saluaient toutefois mercredi les garanties obtenues.<\/strong><\/p>\n<p style=\"text-align: justify\"><strong>\u00ab\u00a0Il fallait arr\u00eater l&rsquo;h\u00e9morragie, l&rsquo;activit\u00e9 de Renault en France \u00e9tait en chute libre. Nous revendiquions la pr\u00e9servation de nos usines\u00a0\u00bb, explique Fred Dijoux (CFDT).<\/strong><\/p>\n<p style=\"text-align: justify\">\u00ab\u00a0Depuis quelques ann\u00e9es nous n\u00e9gocions des accords d&rsquo;indemnisation du ch\u00f4mage\u00a0\u00bb,\u00a0\u00bbmais l\u00e0, on a n\u00e9goci\u00e9 de l&rsquo;activit\u00e9 suppl\u00e9mentaire et un renouvellement de gamme <strong>ce qui permettra d&rsquo;avoir de l&#8217;emploi\u00a0\u00bb, a soulign\u00e9 Laurent Smolnik (FO).<\/strong><\/p>\n<p style=\"text-align: justify\">Au-del\u00e0 du report de la part variable de son salaire en 2013, M. Ghosn a engag\u00e9, par sa signature, la responsabilit\u00e9 de tout le groupe, estiment les signataires qui entendent veiller au bon respect des engagements de la direction.<\/p>\n<p style=\"text-align: justify\"><strong>La CGT d\u00e9nonce elle \u00ab\u00a0un accord sans aucune contrepartie\u00a0\u00bb puisque \u00ab\u00a0les volumes de fabrication annonc\u00e9s avaient d\u00e9j\u00e0 \u00e9t\u00e9 attribu\u00e9s depuis 2011\u00a0\u00bb. Les 7.500 suppressions d&#8217;emplois sont \u00ab\u00a0dramatiques socialement\u00a0\u00bb et vont peser sur les salari\u00e9s qui restent, selon Fabien G\u00e2che.<\/strong><\/p>\n<p style=\"text-align: justify\"><em>AFP, 13 mars 2013<\/em><\/p>\n","protected":false},"excerpt":{"rendered":"<p>NdPN : l&rsquo;\u00e9pid\u00e9mie de jaunisse syndicale\u00a0monte encore d&rsquo;un cran. Les deux articles suivants se passent de commentaire !\u00a0On a quand m\u00eame soulign\u00e9 les passages les plus croustillants. Retraites compl\u00e9mentaires: un accord ent\u00e9rine une baisse de pouvoir d&rsquo;achat Les partenaires sociaux sont parvenus mercredi soir \u00e0 un protocole d&rsquo;accord pour renflouer les caisses des r\u00e9gimes de &hellip; <a href=\"https:\/\/fa86.noblogs.org\/?p=8301\" class=\"more-link\">Continuer la lecture de <span class=\"screen-reader-text\">Les bureaucrates syndicaux travaillent<\/span> <span class=\"meta-nav\">&rarr;<\/span><\/a><\/p>\n","protected":false},"author":2691,"featured_media":0,"comment_status":"open","ping_status":"open","sticky":false,"template":"","format":"standard","meta":{"footnotes":""},"categories":[22,7,16],"tags":[],"class_list":["post-8301","post","type-post","status-publish","format-standard","hentry","category-le-travail-tue","category-propagande-marchande","category-repression"],"_links":{"self":[{"href":"https:\/\/fa86.noblogs.org\/index.php?rest_route=\/wp\/v2\/posts\/8301","targetHints":{"allow":["GET"]}}],"collection":[{"href":"https:\/\/fa86.noblogs.org\/index.php?rest_route=\/wp\/v2\/posts"}],"about":[{"href":"https:\/\/fa86.noblogs.org\/index.php?rest_route=\/wp\/v2\/types\/post"}],"author":[{"embeddable":true,"href":"https:\/\/fa86.noblogs.org\/index.php?rest_route=\/wp\/v2\/users\/2691"}],"replies":[{"embeddable":true,"href":"https:\/\/fa86.noblogs.org\/index.php?rest_route=%2Fwp%2Fv2%2Fcomments&post=8301"}],"version-history":[{"count":2,"href":"https:\/\/fa86.noblogs.org\/index.php?rest_route=\/wp\/v2\/posts\/8301\/revisions"}],"predecessor-version":[{"id":8305,"href":"https:\/\/fa86.noblogs.org\/index.php?rest_route=\/wp\/v2\/posts\/8301\/revisions\/8305"}],"wp:attachment":[{"href":"https:\/\/fa86.noblogs.org\/index.php?rest_route=%2Fwp%2Fv2%2Fmedia&parent=8301"}],"wp:term":[{"taxonomy":"category","embeddable":true,"href":"https:\/\/fa86.noblogs.org\/index.php?rest_route=%2Fwp%2Fv2%2Fcategories&post=8301"},{"taxonomy":"post_tag","embeddable":true,"href":"https:\/\/fa86.noblogs.org\/index.php?rest_route=%2Fwp%2Fv2%2Ftags&post=8301"}],"curies":[{"name":"wp","href":"https:\/\/api.w.org\/{rel}","templated":true}]}}