{"id":8322,"date":"2013-03-15T09:18:15","date_gmt":"2013-03-15T08:18:15","guid":{"rendered":"http:\/\/fa86.noblogs.org\/?p=8322"},"modified":"2013-03-15T09:18:15","modified_gmt":"2013-03-15T08:18:15","slug":"86-en-lutte-contre-les-suppressions-de-classes-dans-les-ecoles","status":"publish","type":"post","link":"https:\/\/fa86.noblogs.org\/?p=8322","title":{"rendered":"[86] En lutte contre les suppressions de classes dans les \u00e9coles"},"content":{"rendered":"<p style=\"text-align: justify\"><a href=\"http:\/\/www.lanouvellerepublique.fr\/Vienne\/Actualite\/Education\/n\/Contenus\/Articles\/2013\/03\/15\/La-grogne-monte-dans-les-ecoles-1371515\" target=\"_blank\"><strong>La grogne monte dans les \u00e9coles<\/strong><\/a><\/p>\n<p id=\"articleChapo\" style=\"text-align: justify\">Hier, les parents d\u2019\u00e9l\u00e8ves ont protest\u00e9 contre les menaces de fermeture de classe qui planent sur leurs \u00e9coles. La carte scolaire devrait \u00eatre officiellement d\u00e9voil\u00e9e lundi prochain 18 mars.<\/p>\n<p style=\"text-align: justify\">Les parents d&rsquo;\u00e9l\u00e8ves ont d\u00e9cid\u00e9 de se faire entendre le jour m\u00eame o\u00f9 des d\u00e9cisions devaient se prendre quant aux ouvertures ou non de classes lors d&rsquo;une r\u00e9union du Comit\u00e9 technique sp\u00e9cial d\u00e9partemental \u00e0 l&rsquo;Inspection acad\u00e9mique. A Adriers, Millac, Sillars et Valdivienne, les repr\u00e9sentants de parents d&rsquo;\u00e9l\u00e8ves ont r\u00e9ussi \u00e0 obtenir un rendez-vous ce vendredi \u00e0 l&rsquo;inspection d&rsquo;acad\u00e9mie. Ils esp\u00e8rent convaincre les autorit\u00e9s de faire machine arri\u00e8re, avant la publication officielle de la carte scolaire 2013, pr\u00e9vue lundi prochain.<\/p>\n<div id=\"text\" style=\"text-align: justify\">\n<p><b>&gt; A Couh\u00e9, une classe menac\u00e9e. <\/b>Une classe du regroupement scolaire des enfants des communes de Ceaux, Chatillon, Couh\u00e9 et Vaux est menac\u00e9e de fermeture. Cette \u00e9cole accueille depuis plusieurs ann\u00e9es des enfants de moins de 3 ans, \u00e0 la satisfaction de tous. Mais ces derniers ne sont pas pris en compte dans les effectifs, ce qui conduit \u00e0 cette possible fermeture de poste. Depuis mercredi l&rsquo;association de parents d&rsquo;\u00e9l\u00e8ves ABC des Z&rsquo;\u00e9coles fait signer une p\u00e9tition. <b>&gt; A Saint-Saviol, l&rsquo;\u00e9cole occup\u00e9e pacifiquement.<\/b> Hier matin, les parents d&rsquo;\u00e9l\u00e8ves du RPI (Regroupement p\u00e9dagogique intercommunal) de Saint-Saviol &#8211; Saint-Macoux &#8211; Linazay ont occup\u00e9 pacifiquement l&rsquo;\u00e9cole de Saint-Saviol, en pr\u00e9sence des \u00e9lus des trois communes. Bertrand Geoffret, maire de Saint-Saviol, s&rsquo;exasp\u00e8re\u2009: \u00ab <i>chaque ann\u00e9e il faut se battre pour maintenir nos \u00e9coles en milieu rural. Si une suppression de classe intervenait, les cons\u00e9quences seraient d\u00e9sastreuses pour nos enfants. <\/i>\u00bb De nombreuses actions \u00a0\u00bb coup-de-poing \u00a0\u00bb sont pr\u00e9vues dans les jours \u00e0 venir. <b>&gt; A Adriers, les parents d&rsquo;\u00e9l\u00e8ves ont bloqu\u00e9 l&rsquo;acc\u00e8s de l&rsquo;\u00e9cole Fran\u00e7ois-Albert<\/b> d\u00e8s 8\u2009h\u200930, \u00e0 l&rsquo;aide de bottes de paille, barbel\u00e9s et m\u00eame de chevaux\u2026 Ils \u00e9taient soutenus par les \u00e9lus d&rsquo;Adriers, mais aussi de Mouterre-sur-Blourde, dont le maire Evelyne Iribarren, et d&rsquo;habitants d&rsquo;autres communes voisines dont les enfants sont scolaris\u00e9s \u00e0 Adriers. Les enfants, l&rsquo;\u00e9quipe p\u00e9dagogique et les agents de service ont \u00e9t\u00e9 accueillis dans la salle des f\u00eates d&rsquo;Adriers. L&rsquo;\u00e9cole a \u00e9t\u00e9 bloqu\u00e9e toute la journ\u00e9e et pourrait l&rsquo;\u00eatre \u00e0 nouveau ce matin. Les manifestants ont aussi bloqu\u00e9 la circulation pendant une demi-heure, sur la route d&rsquo;Adriers \u00e0 Saint-Barbant (87). Le groupe s&rsquo;est ensuite d\u00e9plac\u00e9 dans le centre-bourg o\u00f9 il a mis en place un barrage filtrant sur la D 729 avec distribution de tracts et p\u00e9tition (une centaine de signatures). <b>&gt; A Sillars, <\/b>l&rsquo;occupation de l&rsquo;\u00e9cole a \u00e9t\u00e9 lanc\u00e9e vers 8\u2009h\u200945, par une quinzaine de parents d&rsquo;\u00e9l\u00e8ves oppos\u00e9s \u00e0 la fermeture possible d&rsquo;une des trois classes. Elle s&rsquo;est poursuivie jusqu&rsquo;\u00e0 midi. La temp\u00e9rature ext\u00e9rieure \u00e9tant tr\u00e8s fra\u00eeche, les enfants sont rest\u00e9s jouer dans les salles de classes en d\u00e9but de matin\u00e9e. Les parents sont d&rsquo;autant plus d\u00e9termin\u00e9s que les effectifs remontent\u2009: 58 enfants cette ann\u00e9e, 60 pr\u00e9vus en septembre prochain\u2009: <i>\u00ab Tout ceci est incompr\u00e9hensible et les locaux ne sont pas adapt\u00e9s pour faire deux grandes classes \u00bb <\/i>r\u00e9sume Samuel Gouin, membre de l&rsquo;APE. La premi\u00e8re adjointe Nadine Texier \u00e9tait pr\u00e9sente, soulignant les efforts de la commune\u2009: <i>\u00ab Cette \u00e9cole est indispensable pour le village, nous avons eu neuf naissances en 2011, 5 en 2012 et allons ouvrir un lotissement en septembre\u2009! \u00bb<\/i><\/p>\n<p><b>\u00ab\u00a0\u2009C&rsquo;est la m\u00eame chose chaque ann\u00e9e\u2009\u00a0\u00bb<\/b><\/p>\n<p><b>&gt; A Millac, on craint la suppression d&rsquo;une classe<\/b>. Les parents des \u00e9l\u00e8ves de l&rsquo;\u00e9cole communale restent mobilis\u00e9s pour protester contre ce projet <i>\u00ab\u00a0qui revient chaque ann\u00e9e et qui ne peut aboutir qu&rsquo;\u00e0 une d\u00e9sertification progressive de notre village\u00a0\u00bb <\/i>peste un parent tr\u00e8s remont\u00e9 (voir notre \u00e9dition de mardi). <b>&gt; A Valvidienne, un rassemblement devant l&rsquo;\u00e9cole.<\/b> Une soixantaine de parents d&rsquo;\u00e9l\u00e8ves accompagn\u00e9s d&rsquo;habitants et d&rsquo;\u00e9lus se sont rassembl\u00e9s \u00e0 8\u2009h\u200945 devant l&rsquo;\u00e9cole publique de Saint-Martin-la-Rivi\u00e8re pour exprimer leur col\u00e8re au sujet du projet de fermeture d&rsquo;une classe de maternelle. Banderoles en mains, les protestataires ont p\u00e9n\u00e9tr\u00e9 dans l&rsquo;\u00e9tablissement pour y interrompre les cours. La directrice, Patricia Caulat, a vainement tent\u00e9 de les dissuader. Les manifestants sont rest\u00e9s sur les lieux une bonne partie de la matin\u00e9e et comptaient organiser la m\u00eame action ce vendredi, \u00e0 9\u2009h, \u00e0 l&rsquo;\u00e9cole de Salles-en-Toulon, puis \u00e0 16\u2009h \u00e0 nouveau devant l&rsquo;\u00e9cole de Saint-Martin-la-Rivi\u00e8re. <b>&gt; A Avanton, on s&rsquo;inqui\u00e8te pour la maternelle. <\/b>Hier matin, les parents d&rsquo;\u00e9l\u00e8ves ont manifest\u00e9 devant l&rsquo;\u00e9cole maternelle leur volont\u00e9 d&rsquo;obtenir l&rsquo;ouverture d&rsquo;une quatri\u00e8me classe \u00e0 la rentr\u00e9e prochaine en d\u00e9roulant une banderole en pr\u00e9sence de trois \u00e9lus de la municipalit\u00e9. La commune conna\u00eet une hausse de sa population et plus de 30 permis de construire sont en cours pour 2013. Les estimations pour 2014 seulement en fonction des naissances sont d\u00e9j\u00e0 d&rsquo;un minimum de 27 enfants par classe.<\/p>\n<p><em>Nouvelle R\u00e9publique, 15 mars 2013<\/em><\/p>\n<\/div>\n","protected":false},"excerpt":{"rendered":"<p>La grogne monte dans les \u00e9coles Hier, les parents d\u2019\u00e9l\u00e8ves ont protest\u00e9 contre les menaces de fermeture de classe qui planent sur leurs \u00e9coles. La carte scolaire devrait \u00eatre officiellement d\u00e9voil\u00e9e lundi prochain 18 mars. Les parents d&rsquo;\u00e9l\u00e8ves ont d\u00e9cid\u00e9 de se faire entendre le jour m\u00eame o\u00f9 des d\u00e9cisions devaient se prendre quant aux &hellip; <a href=\"https:\/\/fa86.noblogs.org\/?p=8322\" class=\"more-link\">Continuer la lecture de <span class=\"screen-reader-text\">[86] En lutte contre les suppressions de classes dans les \u00e9coles<\/span> <span class=\"meta-nav\">&rarr;<\/span><\/a><\/p>\n","protected":false},"author":2691,"featured_media":0,"comment_status":"open","ping_status":"open","sticky":false,"template":"","format":"standard","meta":{"footnotes":""},"categories":[17,9,12],"tags":[],"class_list":["post-8322","post","type-post","status-publish","format-standard","hentry","category-education-populaire","category-la-rue-grogne","category-okupa-y-resiste"],"_links":{"self":[{"href":"https:\/\/fa86.noblogs.org\/index.php?rest_route=\/wp\/v2\/posts\/8322","targetHints":{"allow":["GET"]}}],"collection":[{"href":"https:\/\/fa86.noblogs.org\/index.php?rest_route=\/wp\/v2\/posts"}],"about":[{"href":"https:\/\/fa86.noblogs.org\/index.php?rest_route=\/wp\/v2\/types\/post"}],"author":[{"embeddable":true,"href":"https:\/\/fa86.noblogs.org\/index.php?rest_route=\/wp\/v2\/users\/2691"}],"replies":[{"embeddable":true,"href":"https:\/\/fa86.noblogs.org\/index.php?rest_route=%2Fwp%2Fv2%2Fcomments&post=8322"}],"version-history":[{"count":2,"href":"https:\/\/fa86.noblogs.org\/index.php?rest_route=\/wp\/v2\/posts\/8322\/revisions"}],"predecessor-version":[{"id":8324,"href":"https:\/\/fa86.noblogs.org\/index.php?rest_route=\/wp\/v2\/posts\/8322\/revisions\/8324"}],"wp:attachment":[{"href":"https:\/\/fa86.noblogs.org\/index.php?rest_route=%2Fwp%2Fv2%2Fmedia&parent=8322"}],"wp:term":[{"taxonomy":"category","embeddable":true,"href":"https:\/\/fa86.noblogs.org\/index.php?rest_route=%2Fwp%2Fv2%2Fcategories&post=8322"},{"taxonomy":"post_tag","embeddable":true,"href":"https:\/\/fa86.noblogs.org\/index.php?rest_route=%2Fwp%2Fv2%2Ftags&post=8322"}],"curies":[{"name":"wp","href":"https:\/\/api.w.org\/{rel}","templated":true}]}}