{"id":8332,"date":"2013-03-15T22:39:18","date_gmt":"2013-03-15T21:39:18","guid":{"rendered":"http:\/\/fa86.noblogs.org\/?p=8332"},"modified":"2013-03-15T22:42:02","modified_gmt":"2013-03-15T21:42:02","slug":"allo-non-mais-allo-quoi-tes-ministre-de-linterieur-et-tu-connais-pas-la-loi","status":"publish","type":"post","link":"https:\/\/fa86.noblogs.org\/?p=8332","title":{"rendered":"All\u00f4 ? Non mais all\u00f4 quoi. T\u2019es ministre de l\u2019int\u00e9rieur et tu connais pas la loi ?"},"content":{"rendered":"<p style=\"text-align: justify\"><a href=\"http:\/\/rebellyon.info\/Allo-Non-mais-allo-quoi-T-es.html\" target=\"_blank\"><strong>All\u00f4 ? Non mais all\u00f4 quoi. T\u2019es ministre de l\u2019int\u00e9rieur et tu connais pas la loi ?<\/strong><\/a><\/p>\n<div style=\"text-align: justify\">\n<p>All\u00f4 ? All\u00f4 ? Vous me recevez ? T\u2019es ministre de l\u2019int\u00e9rieur et tu connais pas la loi ?\u00a0 C\u2019est comme si je te dis, heu\u2026 T\u2019es socialiste et tu pourchasses les pauvres, non mais all\u00f4, quoi !\u00a0 [<a id=\"nh1\" title=\"http:\/\/www.dailymotion.com\/video\/xy06nz_les-anges-de-la-telerealite-nabilla- (...)\" href=\"#nb1\" rel=\"footnote\">1<\/a>]<\/p>\n<\/div>\n<div style=\"text-align: justify\">\n<p>Dans un entre\u00adtien accord\u00e9 au Figaro le 14 mars 2013, Manuel Valls affirme : \u00ab La situa\u00adtion, deve\u00adnue into\u00adl\u00e9\u00adra\u00adble, ne peut per\u00addu\u00adrer :\u00a0 il faut faire res\u00adpec\u00adter la loi en d\u00e9man\u00adte\u00adlant le maxi\u00admum de camps de Roms insa\u00adlu\u00adbres\u2026 \u00bb [<a id=\"nh2\" title=\"http:\/\/www.lefigaro.fr\/actualite-france\/2013\/03\/14\/01016-20130314ARTFIG00647 (...)\" href=\"#nb2\" rel=\"footnote\">2<\/a>]<\/p>\n<p>En d\u00e9si\u00adgnant expres\u00ads\u00e9\u00adment des per\u00adson\u00adnes par leur ori\u00adgine eth\u00adni\u00adque, le minis\u00adtre de l\u2019int\u00e9\u00adrieur viole un prin\u00adcipe fon\u00adda\u00admen\u00adtal de la cons\u00adti\u00adtu\u00adtion fran\u00ad\u00e7aise. Ce n\u2019est pas moi qui le dit, ni Nabila,\u00a0 c\u2019est la plus haute juri\u00addic\u00adtion admi\u00adnis\u00adtra\u00adtive fran\u00ad\u00e7aise. En mars 2011, le Conseil d\u2019Etat avait en effet annul\u00e9 la cir\u00adcu\u00adlaire du 5 ao\u00fbt 2010 qui ordon\u00adnait aux pr\u00e9\u00adfets d\u2019enga\u00adger une \u00ab d\u00e9mar\u00adche sys\u00adt\u00e9\u00adma\u00adti\u00adque de d\u00e9man\u00adt\u00e8\u00adle\u00adments des cam\u00adpe\u00adments, en prio\u00adrit\u00e9 ceux des Roms \u00bb.<\/p>\n<p>\u00ab Le Conseil d\u2019\u00c9tat a annul\u00e9 ce texte, en se fon\u00addant sur l\u2019arti\u00adcle 1<sup>er<\/sup> de la Constitution, qui pose le prin\u00adcipe d\u2019\u00e9galit\u00e9 devant la loi. Il a jug\u00e9 que l\u2019objec\u00adtif, invo\u00adqu\u00e9 par le minis\u00adtre, de pro\u00adtec\u00adtion du droit de pro\u00adpri\u00e9t\u00e9 et de pr\u00e9\u00adven\u00adtion des attein\u00adtes \u00e0 la salu\u00adbrit\u00e9, la s\u00e9cu\u00adrit\u00e9 et la tran\u00adquillit\u00e9 publi\u00adques, ne l\u2019auto\u00adri\u00adsait pas \u00e0 mettre en \u0153uvre, en m\u00e9connais\u00adsance du prin\u00adcipe d\u2019\u00e9galit\u00e9 devant la loi, une poli\u00adti\u00adque d\u2019\u00e9vacuation des cam\u00adpe\u00adments illi\u00adci\u00adtes d\u00e9si\u00adgnant sp\u00e9\u00adcia\u00adle\u00adment cer\u00adtains de leurs occu\u00adpants en raison de leur ori\u00adgine eth\u00adni\u00adque. \u00bb [<a id=\"nh3\" title=\"http:\/\/www.conseil-etat.fr\/fr\/communiques-de-presse\/campements-illicites-de- (...)\" href=\"#nb3\" rel=\"footnote\">3<\/a>] All\u00f4, Monsieur, Valls, vous me rece\u00advez ? c\u2019est ill\u00e9\u00adgal, I-LLE-GAL.\u00a0 En France, on n\u2019a pas le droit de d\u00e9si\u00adgner une mino\u00adrit\u00e9 eth\u00adni\u00adque et de dire ou d\u2019\u00e9crire qu\u2019on va cibler sa poli\u00adti\u00adque contre cette mino\u00adrit\u00e9. Vous com\u00adpre\u00adnez ? All\u00f4 ? All\u00f4 ?<\/p>\n<p>A l\u2019\u00e9poque de la cir\u00adcu\u00adlaire eth\u00adni\u00adque contre les Roms, un can\u00addi\u00addat socia\u00adliste \u00e0 la Pr\u00e9sidence de la R\u00e9publique nomm\u00e9 Fran\u00e7ois Hollande d\u00e9cla\u00adrait dans l\u2019\u00e9mission C poli\u00adti\u00adque sur France 5 qu\u2019elle \u00e9tait \u00ab \u00e0 la fois immo\u00adrale et ill\u00e9\u00adgale \u00bb. \u00ab Elle est immo\u00adrale parce qu\u2019une com\u00admu\u00adnaut\u00e9 est stig\u00adma\u00adti\u00ads\u00e9e en tant que telle \u00bb et elle \u00ab est ill\u00e9\u00adgale parce que c\u2019est une dis\u00adcri\u00admi\u00adna\u00adtion \u00bb en infrac\u00adtion avec la Convention euro\u00adp\u00e9enne des droits de l\u2019Homme. Il avait m\u00eame ajout\u00e9 : \u00ab Qu\u2019en plus on veuille en faire une op\u00e9\u00adra\u00adtion de com\u00admu\u00adni\u00adca\u00adtion, \u00e7a d\u00e9passe tout ce que l\u2019on pou\u00advait conna\u00ee\u00adtre jusqu\u2019\u00e0 r\u00e9cem\u00adment dans la concep\u00adtion de la R\u00e9publique \u00bb. [<a id=\"nh4\" title=\"http:\/\/www.lepoint.fr\/societe\/circulaire-sur-l-expulsion-des-roms-francois-h (...)\" href=\"#nb4\" rel=\"footnote\">4<\/a>]<\/p>\n<p>Harlem D\u00e9sir, aujourd\u2019hui pre\u00admier secr\u00e9\u00adtaire du Parti Socialiste avait quant \u00e0 lui demand\u00e9 \u00e0 la Commission Europ\u00e9enne : \u00ab d\u2019enga\u00adger une pro\u00adc\u00e9\u00addure d\u2019infrac\u00adtion \u00e0 l\u2019encontre du gou\u00adver\u00adne\u00adment fran\u00ad\u00e7ais pour que ces\u00adsent le trai\u00adte\u00adment indi\u00adgne et la stig\u00adma\u00adti\u00adsa\u00adtion inac\u00adcep\u00adta\u00adble des citoyens euro\u00adp\u00e9ens que sont les Roms \u00bb.<\/p>\n<p>All\u00f4 ? All\u00f4 ? O\u00f9 \u00eates-vous Monsieur Hollande ? Quelle est votre concep\u00adtion de la R\u00e9publique aujourd\u2019hui ? O\u00f9 \u00eates-vous Monsieur D\u00e9sir ? O\u00f9 sont-ils tous ces socia\u00adlis\u00adtes qui pous\u00adsaient des cris d\u2019orfraie sous Sarkozy ? V\u00e9rit\u00e9 en de\u00e7\u00e0 des \u00e9lections, men\u00adsonge au del\u00e0 ?<\/p>\n<p>M\u00eame l\u2019Europe s\u2019\u00e9tait indi\u00adgn\u00e9e, avec le fameux \u00ab enough is enough \u00bb de Viviane Reding qui rap\u00adpe\u00adlait que cette poli\u00adti\u00adque \u00e9tait digne des moments les plus som\u00adbres de notre his\u00adtoire.\u00a0 Manuel Baroso lui-m\u00eame, Pr\u00e9sident de la Commission Europ\u00e9enne, avait d\u00e9clar\u00e9 : \u00ab Le res\u00adpect de la dignit\u00e9 humaine, c\u2019est une valeur sacr\u00e9e pour l\u2019Union Europ\u00e9enne \u00bb<\/p>\n<p>Le mot \u00ab Rom \u00bb signi\u00adfie \u00ab \u00eatre humain \u00bb en romani.\u00a0 Les Roms en France ne sont pas consi\u00add\u00e9\u00adr\u00e9s comme des \u00eatres humains. Ils sont consi\u00add\u00e9\u00adr\u00e9s comme des chiens qu\u2019on jette \u00e0 coups de pieds, de matra\u00adque et de gaz lacry\u00admo\u00adg\u00e8ne d\u2019un camp vers l\u2019autre. [<a id=\"nh5\" title=\"http:\/\/blogs.mediapart.fr\/blog\/philippe-alain\/120113\/la-police-gaze-des-enfa (...)\" href=\"#nb5\" rel=\"footnote\">5<\/a>]<\/p>\n<p>Un docu\u00adment res\u00adti\u00adtue par\u00adfai\u00adte\u00adment l\u2019ambiance d\u2019une expul\u00adsion. On y cons\u00adtate la d\u00e9tresse des per\u00adson\u00adnes expul\u00ads\u00e9es, le regard vide des enfants perdus qui ne com\u00adpren\u00adnent pas, la dis\u00adpro\u00adpor\u00adtion totale des moyens mis en \u0153uvre avec la pr\u00e9\u00adsence mas\u00adsive de poli\u00adciers, arm\u00e9s et \u00e9quip\u00e9s de gaz lacry\u00admo\u00adg\u00e8ne contre des famil\u00adles dont la moiti\u00e9 des mem\u00adbres sont des enfants. On peut res\u00adsen\u00adtir les secondes qui durent des minu\u00adtes, les minu\u00adtes qui durent des heures et le temps qui s\u2019\u00e9coule au ralenti.\u00a0 Toute une vie \u00e0 recons\u00adtruire avec pour simple bagage son enfant dans un bras et son cabas dans l\u2019autre. Cela se passe en France socia\u00adliste, en 2013, \u00e0 Vigneux, dans l\u2019Essonne. Ce n\u2019est que le d\u00e9but d\u2019une longue s\u00e9rie.\u00a0 La France est en train de deve\u00adnir la honte de l\u2019Europe dans le trai\u00adte\u00adment raciste et dis\u00adcri\u00admi\u00adna\u00adtoire qu\u2019elle inflige \u00e0 la mino\u00adrit\u00e9 eth\u00adni\u00adque la plus impor\u00adtante d\u2019Europe pour des rai\u00adsons pure\u00adment \u00e9lectoralistes. _<br \/>\nVigneux-sur-Seine, 11 mars 2013 : <a href=\"http:\/\/youtu.be\/DdoS2Sd4v_8\" rel=\"nofollow external\">http:\/\/youtu.be\/DdoS2Sd4v_8<\/a>.<\/p>\n<\/div>\n<div style=\"text-align: justify\">\n<h2>P.-S.<\/h2>\n<div>\n<p>Philippe Alain\u00a0 <a href=\"http:\/\/blogs.mediapart.fr\/blog\/philippe-alain\" rel=\"nofollow external\">http:\/\/blogs.mediapart.fr\/blog\/philippe-alain<\/a><\/p>\n<\/div>\n<\/div>\n<div style=\"text-align: justify\">\n<h2>Notes<\/h2>\n<p>[<a id=\"nb1\" title=\"Notes 1\" href=\"#nh1\" rev=\"footnote\">1<\/a>] <a href=\"http:\/\/www.dailymotion.com\/video\/xy06nz_les-anges-de-la-telerealite-nabilla-du-shampooing-et-une-fille-sans-cheveux_news?start=1#.UULuQDe_HSg\" rel=\"nofollow external\">http:\/\/www.dailymotion.com\/video\/xy06nz_les-anges-de-la-telerealite-nabilla-du-shamp<\/a><\/p>\n<p>[<a id=\"nb2\" title=\"Notes 2\" href=\"#nh2\" rev=\"footnote\">2<\/a>] <a href=\"http:\/\/www.lefigaro.fr\/actualite-france\/2013\/03\/14\/01016-20130314ARTFIG00647-roms-le-cri-d-alarme-et-le-message-de-fermete-de-valls.php\" rel=\"nofollow external\">http:\/\/www.lefigaro.fr\/actualite-france\/2013\/03\/14\/01016-20130314ARTFIG00647-roms-le-cri-d-alarme-et-le-me<\/a><\/p>\n<p>[<a id=\"nb3\" title=\"Notes 3\" href=\"#nh3\" rev=\"footnote\">3<\/a>] <a href=\"http:\/\/www.conseil-etat.fr\/fr\/communiques-de-presse\/campements-illicites-de-roms.html\" rel=\"nofollow external\">http:\/\/www.conseil-etat.fr\/fr\/communiques-de-presse\/campements-illicites-de-roms.html<\/a><\/p>\n<p>[<a id=\"nb4\" title=\"Notes 4\" href=\"#nh4\" rev=\"footnote\">4<\/a>] <a href=\"http:\/\/www.lepoint.fr\/societe\/circulaire-sur-l-expulsion-des-roms-francois-hollande-denonce-un-document-immoral-et-illegal-13-09-2010-1235491_23.php\" rel=\"nofollow external\">http:\/\/www.lepoint.fr\/societe\/circulaire-sur-l-expulsion-des-roms-francois-hollande-de<\/a><\/p>\n<p>[<a id=\"nb5\" title=\"Notes 5\" href=\"#nh5\" rev=\"footnote\">5<\/a>] <a href=\"http:\/\/blogs.mediapart.fr\/blog\/philippe-alain\/120113\/la-police-gaze-des-enfants-et-saccage-un-camp-de-roms\" rel=\"nofollow external\">http:\/\/blogs.mediapart.fr\/blog\/philippe-alain\/120113\/la-police-gaz<\/a><\/p>\n<p><em>Vu sur Rebellyon, 15 mars 2013<\/em><\/p>\n<\/div>\n","protected":false},"excerpt":{"rendered":"<p>All\u00f4 ? Non mais all\u00f4 quoi. T\u2019es ministre de l\u2019int\u00e9rieur et tu connais pas la loi ? All\u00f4 ? All\u00f4 ? Vous me recevez ? T\u2019es ministre de l\u2019int\u00e9rieur et tu connais pas la loi ?\u00a0 C\u2019est comme si je te dis, heu\u2026 T\u2019es socialiste et tu pourchasses les pauvres, non mais all\u00f4, quoi !\u00a0 &hellip; <a href=\"https:\/\/fa86.noblogs.org\/?p=8332\" class=\"more-link\">Continuer la lecture de <span class=\"screen-reader-text\">All\u00f4 ? Non mais all\u00f4 quoi. T\u2019es ministre de l\u2019int\u00e9rieur et tu connais pas la loi ?<\/span> <span class=\"meta-nav\">&rarr;<\/span><\/a><\/p>\n","protected":false},"author":2691,"featured_media":0,"comment_status":"open","ping_status":"open","sticky":false,"template":"","format":"standard","meta":{"footnotes":""},"categories":[11,6,16],"tags":[],"class_list":["post-8332","post","type-post","status-publish","format-standard","hentry","category-ni-patrie-ni-frontiere","category-paf-le-faf","category-repression"],"_links":{"self":[{"href":"https:\/\/fa86.noblogs.org\/index.php?rest_route=\/wp\/v2\/posts\/8332","targetHints":{"allow":["GET"]}}],"collection":[{"href":"https:\/\/fa86.noblogs.org\/index.php?rest_route=\/wp\/v2\/posts"}],"about":[{"href":"https:\/\/fa86.noblogs.org\/index.php?rest_route=\/wp\/v2\/types\/post"}],"author":[{"embeddable":true,"href":"https:\/\/fa86.noblogs.org\/index.php?rest_route=\/wp\/v2\/users\/2691"}],"replies":[{"embeddable":true,"href":"https:\/\/fa86.noblogs.org\/index.php?rest_route=%2Fwp%2Fv2%2Fcomments&post=8332"}],"version-history":[{"count":3,"href":"https:\/\/fa86.noblogs.org\/index.php?rest_route=\/wp\/v2\/posts\/8332\/revisions"}],"predecessor-version":[{"id":8334,"href":"https:\/\/fa86.noblogs.org\/index.php?rest_route=\/wp\/v2\/posts\/8332\/revisions\/8334"}],"wp:attachment":[{"href":"https:\/\/fa86.noblogs.org\/index.php?rest_route=%2Fwp%2Fv2%2Fmedia&parent=8332"}],"wp:term":[{"taxonomy":"category","embeddable":true,"href":"https:\/\/fa86.noblogs.org\/index.php?rest_route=%2Fwp%2Fv2%2Fcategories&post=8332"},{"taxonomy":"post_tag","embeddable":true,"href":"https:\/\/fa86.noblogs.org\/index.php?rest_route=%2Fwp%2Fv2%2Ftags&post=8332"}],"curies":[{"name":"wp","href":"https:\/\/api.w.org\/{rel}","templated":true}]}}