{"id":8344,"date":"2013-03-16T08:51:38","date_gmt":"2013-03-16T07:51:38","guid":{"rendered":"http:\/\/fa86.noblogs.org\/?p=8344"},"modified":"2013-03-16T08:51:38","modified_gmt":"2013-03-16T07:51:38","slug":"poitiers-chez-les-salarie-e-s-de-vitalis-la-lutte-continue","status":"publish","type":"post","link":"https:\/\/fa86.noblogs.org\/?p=8344","title":{"rendered":"[Poitiers] Chez les salari\u00e9-e-s de Vitalis, la lutte continue"},"content":{"rendered":"<p style=\"text-align: justify\"><a href=\"http:\/\/www.lanouvellerepublique.fr\/Vienne\/Actualite\/Economie-social\/n\/Contenus\/Articles\/2013\/03\/16\/Les-bus-Vitalis-toujours-bloques-au-lever-du-jour-1373005\" target=\"_blank\"><strong>Les bus Vitalis toujours bloqu\u00e9s au lever du jour<\/strong><\/a><\/p>\n<p id=\"articleChapo\" style=\"text-align: justify\">Les n\u00e9gociations entre la direction et le syndicat Solidaires achoppent sur le paiement des jours de gr\u00e8ve aux conducteurs. Nouveau blocage lundi.<\/p>\n<p style=\"text-align: justify\">L&rsquo;accord aurait pu se faire jeudi entre la direction de Vitalis et le syndicat Solidaires transport. Des discussions \u00e9taient engag\u00e9es. Elles n&rsquo;ont pas abouti. Le point de crispation\u2009: l&rsquo;augmentation de la prime d&rsquo;intervention (8,53\u2009\u20ac) pay\u00e9e aux ouvriers de l&rsquo;atelier quand ils sortent pour un d\u00e9pannage. Depuis le 4 mars, le syndicat demande son doublement.<\/p>\n<div id=\"text\" style=\"text-align: justify\">\n<p><b>Quelle contrepartie\u2009?<\/b><\/p>\n<p>Thierry Wischnewski, le directeur de la r\u00e9gie des bus\u2009: <i>\u00ab J&rsquo;ai dit \u00e0 mes interlocuteurs que j&rsquo;\u00e9tais d&rsquo;accord pour acc\u00e9der \u00e0 leur revendication \u00e0 condition que, de leur c\u00f4t\u00e9, il y ait une contrepartie. L&rsquo;accord que nous signerons \u00e0 l&rsquo;issue de la gr\u00e8ve doit \u00eatre gagnant-gagnant. \u00bb<\/i> La contrepartie soumise \u00e0 l&rsquo;approbation des gr\u00e9vistes\u2009: la r\u00e9organisation de l&rsquo;atelier. Elle obligerait un ouvrier \u00e0 une prise de service une heure plus t\u00f4t le matin (4\u2009h\u200930 au lieu de 5\u2009h\u200930). Le syndicat a d&rsquo;abord rejet\u00e9 la proposition. Avant de revenir en n\u00e9gociations avec une nouvelle demande\u2009: le paiement des jours de gr\u00e8ve aux conducteurs qui ont apport\u00e9 leur soutien \u00e0 la gr\u00e8ve. Refus net de la direction. Jo\u00ebl Guilloteau, d\u00e9l\u00e9gu\u00e9 syndical\u2009: <i>\u00ab La direction nous r\u00e9pond qu&rsquo;en p\u00e9riode de crise on ne peut pas demander \u00e0 nos concitoyens de payer leur ticket de bus plus cher. La crise, nous la subissons tous. La direction peut faire des \u00e9conomies sur d&rsquo;autres d\u00e9penses que nous ne trouvons pas justifi\u00e9es comme les voitures de fonction. \u00bb<\/i> Jeudi, la direction a renvoy\u00e9 les syndicalistes au mercredi 20 mars, date de la NAO (N\u00e9gociation annuelle obligatoire). Un rendez-vous programm\u00e9 avec les quatre organisations syndicales (CGT, CFDT, Autonomes et Solidaires). D&rsquo;ici l\u00e0, les bus seront \u00e0 nouveau bloqu\u00e9s de 6\u2009h\u200930 \u00e0 7\u2009h\u200925.<\/p>\n<p><em>Jean-Jacques Boissonneau, Nouvelle R\u00e9publique, 16 mars 2013<\/em><\/p>\n<\/div>\n","protected":false},"excerpt":{"rendered":"<p>Les bus Vitalis toujours bloqu\u00e9s au lever du jour Les n\u00e9gociations entre la direction et le syndicat Solidaires achoppent sur le paiement des jours de gr\u00e8ve aux conducteurs. Nouveau blocage lundi. L&rsquo;accord aurait pu se faire jeudi entre la direction de Vitalis et le syndicat Solidaires transport. Des discussions \u00e9taient engag\u00e9es. Elles n&rsquo;ont pas abouti. &hellip; <a href=\"https:\/\/fa86.noblogs.org\/?p=8344\" class=\"more-link\">Continuer la lecture de <span class=\"screen-reader-text\">[Poitiers] Chez les salari\u00e9-e-s de Vitalis, la lutte continue<\/span> <span class=\"meta-nav\">&rarr;<\/span><\/a><\/p>\n","protected":false},"author":2691,"featured_media":0,"comment_status":"open","ping_status":"open","sticky":false,"template":"","format":"standard","meta":{"footnotes":""},"categories":[9],"tags":[],"class_list":["post-8344","post","type-post","status-publish","format-standard","hentry","category-la-rue-grogne"],"_links":{"self":[{"href":"https:\/\/fa86.noblogs.org\/index.php?rest_route=\/wp\/v2\/posts\/8344","targetHints":{"allow":["GET"]}}],"collection":[{"href":"https:\/\/fa86.noblogs.org\/index.php?rest_route=\/wp\/v2\/posts"}],"about":[{"href":"https:\/\/fa86.noblogs.org\/index.php?rest_route=\/wp\/v2\/types\/post"}],"author":[{"embeddable":true,"href":"https:\/\/fa86.noblogs.org\/index.php?rest_route=\/wp\/v2\/users\/2691"}],"replies":[{"embeddable":true,"href":"https:\/\/fa86.noblogs.org\/index.php?rest_route=%2Fwp%2Fv2%2Fcomments&post=8344"}],"version-history":[{"count":2,"href":"https:\/\/fa86.noblogs.org\/index.php?rest_route=\/wp\/v2\/posts\/8344\/revisions"}],"predecessor-version":[{"id":8346,"href":"https:\/\/fa86.noblogs.org\/index.php?rest_route=\/wp\/v2\/posts\/8344\/revisions\/8346"}],"wp:attachment":[{"href":"https:\/\/fa86.noblogs.org\/index.php?rest_route=%2Fwp%2Fv2%2Fmedia&parent=8344"}],"wp:term":[{"taxonomy":"category","embeddable":true,"href":"https:\/\/fa86.noblogs.org\/index.php?rest_route=%2Fwp%2Fv2%2Fcategories&post=8344"},{"taxonomy":"post_tag","embeddable":true,"href":"https:\/\/fa86.noblogs.org\/index.php?rest_route=%2Fwp%2Fv2%2Ftags&post=8344"}],"curies":[{"name":"wp","href":"https:\/\/api.w.org\/{rel}","templated":true}]}}