{"id":8347,"date":"2013-03-16T08:54:19","date_gmt":"2013-03-16T07:54:19","guid":{"rendered":"http:\/\/fa86.noblogs.org\/?p=8347"},"modified":"2013-03-16T08:54:19","modified_gmt":"2013-03-16T07:54:19","slug":"chatellerault-les-agents-dentretien-territoriaux-occupent-le-cabinet-du-maire","status":"publish","type":"post","link":"https:\/\/fa86.noblogs.org\/?p=8347","title":{"rendered":"[Ch\u00e2tellerault] Les agents d&rsquo;entretien territoriaux occupent le cabinet du maire"},"content":{"rendered":"<p style=\"text-align: justify\"><a href=\"http:\/\/www.lanouvellerepublique.fr\/Vienne\/Actualite\/Economie-social\/n\/Contenus\/Articles\/2013\/03\/16\/Colere-des-agents-d-entretien-territoriaux-1373453\" target=\"_blank\"><strong>Col\u00e8re des agents d&rsquo;entretien territoriaux<\/strong><\/a><\/p>\n<p style=\"text-align: justify\">Hier, en fin de matin\u00e9e, une quinzaine d&rsquo;agents d&rsquo;entretien de la Ville et de la CAPC ont fait irruption au cabinet du maire pour exprimer leur col\u00e8re. En cause, la <i>\u00ab nouvelle organisation \u00bb<\/i> du service envisag\u00e9e par la mairie \u00e0 la suite, dixit le cabinet, de <i>\u00ab la demande de mutation volontaire d&rsquo;un chef de service \u00bb<\/i>.<\/p>\n<p style=\"text-align: justify\">A Ch\u00e2tellerault, selon Brahim Henni, secr\u00e9taire du syndicat Sud, une soixantaine d&rsquo;agents (une cinquantaine de fonctionnaires territoriaux et une dizaine de contractuels) assurent l&rsquo;entretien des<i> \u00ab b\u00e2timents administratifs et techniques \u00bb <\/i>de la Ville et de la CAPC, ainsi que celui des \u00e9coles. D&rsquo;apr\u00e8s lui, le projet pr\u00e9voirait de les <i>\u00ab scinder en deux services \u00bb\u2009<\/i>: l&rsquo;un charg\u00e9 des b\u00e2timents, l&rsquo;autre des \u00e9coles. <i>\u00ab A aucun moment, lors de la pr\u00e9sentation de ce projet par la direction, le 4 mars, les agents concern\u00e9s n&rsquo;ont \u00e9t\u00e9 entendus, voire \u00e9cout\u00e9s \u00bb<\/i>, peste Brahim Henni, qui d\u00e9nonce une v\u00e9ritable <i>\u00ab agression \u00bb<\/i>. Le syndicat Sud demande le retrait du projet, mais aussi <i>\u00ab la titularisation de tous les pr\u00e9caires \u00bb<\/i> et le recrutement d&rsquo;agents suppl\u00e9mentaires. Les agents m\u00e9contents ont finalement \u00e9t\u00e9 re\u00e7us par le directeur g\u00e9n\u00e9ral des services. Selon Brahim Henni, la rencontre leur aurait permis d&rsquo;obtenir quelques avanc\u00e9es. A suivre\u2026<\/p>\n<p style=\"text-align: justify\"><em>A.G., Nouvelle R\u00e9publique, 16 mars 2013<\/em><\/p>\n","protected":false},"excerpt":{"rendered":"<p>Col\u00e8re des agents d&rsquo;entretien territoriaux Hier, en fin de matin\u00e9e, une quinzaine d&rsquo;agents d&rsquo;entretien de la Ville et de la CAPC ont fait irruption au cabinet du maire pour exprimer leur col\u00e8re. En cause, la \u00ab nouvelle organisation \u00bb du service envisag\u00e9e par la mairie \u00e0 la suite, dixit le cabinet, de \u00ab la demande &hellip; <a href=\"https:\/\/fa86.noblogs.org\/?p=8347\" class=\"more-link\">Continuer la lecture de <span class=\"screen-reader-text\">[Ch\u00e2tellerault] Les agents d&rsquo;entretien territoriaux occupent le cabinet du maire<\/span> <span class=\"meta-nav\">&rarr;<\/span><\/a><\/p>\n","protected":false},"author":2691,"featured_media":0,"comment_status":"open","ping_status":"open","sticky":false,"template":"","format":"standard","meta":{"footnotes":""},"categories":[9],"tags":[],"class_list":["post-8347","post","type-post","status-publish","format-standard","hentry","category-la-rue-grogne"],"_links":{"self":[{"href":"https:\/\/fa86.noblogs.org\/index.php?rest_route=\/wp\/v2\/posts\/8347","targetHints":{"allow":["GET"]}}],"collection":[{"href":"https:\/\/fa86.noblogs.org\/index.php?rest_route=\/wp\/v2\/posts"}],"about":[{"href":"https:\/\/fa86.noblogs.org\/index.php?rest_route=\/wp\/v2\/types\/post"}],"author":[{"embeddable":true,"href":"https:\/\/fa86.noblogs.org\/index.php?rest_route=\/wp\/v2\/users\/2691"}],"replies":[{"embeddable":true,"href":"https:\/\/fa86.noblogs.org\/index.php?rest_route=%2Fwp%2Fv2%2Fcomments&post=8347"}],"version-history":[{"count":2,"href":"https:\/\/fa86.noblogs.org\/index.php?rest_route=\/wp\/v2\/posts\/8347\/revisions"}],"predecessor-version":[{"id":8349,"href":"https:\/\/fa86.noblogs.org\/index.php?rest_route=\/wp\/v2\/posts\/8347\/revisions\/8349"}],"wp:attachment":[{"href":"https:\/\/fa86.noblogs.org\/index.php?rest_route=%2Fwp%2Fv2%2Fmedia&parent=8347"}],"wp:term":[{"taxonomy":"category","embeddable":true,"href":"https:\/\/fa86.noblogs.org\/index.php?rest_route=%2Fwp%2Fv2%2Fcategories&post=8347"},{"taxonomy":"post_tag","embeddable":true,"href":"https:\/\/fa86.noblogs.org\/index.php?rest_route=%2Fwp%2Fv2%2Ftags&post=8347"}],"curies":[{"name":"wp","href":"https:\/\/api.w.org\/{rel}","templated":true}]}}