{"id":8350,"date":"2013-03-17T20:13:00","date_gmt":"2013-03-17T19:13:00","guid":{"rendered":"http:\/\/fa86.noblogs.org\/?p=8350"},"modified":"2013-03-17T20:13:00","modified_gmt":"2013-03-17T19:13:00","slug":"loudun-suppressions-de-classes-dans-la-vienne-la-lutte-samplifie","status":"publish","type":"post","link":"https:\/\/fa86.noblogs.org\/?p=8350","title":{"rendered":"[Loudun] Suppressions de classes dans la Vienne : la lutte s&rsquo;amplifie"},"content":{"rendered":"<p style=\"text-align: justify\"><strong><a href=\"\/Vienne\/Services\/Toutes-les-DMAs\/n\/Contenus\/DMAs\/2013\/03\/17\/Carte-scolaire-tolle-dans-le-Loudunais-1374509\">86 &#8211;\u00a0 Carte scolaire: toll\u00e9 dans le Loudunais<\/a><\/strong><\/p>\n<p style=\"text-align: justify\">Avant m\u00eame l&rsquo;annonce officielle de la nouvelle carte scolaire, ce lundi, elle provoque un toll\u00e9 dans le Loudunais. <strong>Les parents d&rsquo;\u00e9l\u00e8ves de l&rsquo;\u00e9cole du Martray (Loudun), o\u00f9 une classe est menac\u00e9e, ont manifest\u00e9 ce dimanche devant l&rsquo;\u00e9tablissement, o\u00f9 il ont re\u00e7u le soutien de la municipalit\u00e9. Ils ont l&rsquo;intention d&rsquo;occuper l&rsquo;\u00e9cole \u00e0 partir de ce lundi. Pour les m\u00eames raisons, un rassemblement est aussi pr\u00e9vu ce lundi devant le groupe scolaire de Mont-sur-Guesnes.<\/strong> A lire demain.<\/p>\n<p><em>D\u00e9p\u00eache Nouvelle R\u00e9publique, 17 mars 2013<\/em><\/p>\n","protected":false},"excerpt":{"rendered":"<p>86 &#8211;\u00a0 Carte scolaire: toll\u00e9 dans le Loudunais Avant m\u00eame l&rsquo;annonce officielle de la nouvelle carte scolaire, ce lundi, elle provoque un toll\u00e9 dans le Loudunais. Les parents d&rsquo;\u00e9l\u00e8ves de l&rsquo;\u00e9cole du Martray (Loudun), o\u00f9 une classe est menac\u00e9e, ont manifest\u00e9 ce dimanche devant l&rsquo;\u00e9tablissement, o\u00f9 il ont re\u00e7u le soutien de la municipalit\u00e9. Ils &hellip; <a href=\"https:\/\/fa86.noblogs.org\/?p=8350\" class=\"more-link\">Continuer la lecture de <span class=\"screen-reader-text\">[Loudun] Suppressions de classes dans la Vienne : la lutte s&rsquo;amplifie<\/span> <span class=\"meta-nav\">&rarr;<\/span><\/a><\/p>\n","protected":false},"author":2691,"featured_media":0,"comment_status":"open","ping_status":"open","sticky":false,"template":"","format":"standard","meta":{"footnotes":""},"categories":[17,9],"tags":[],"class_list":["post-8350","post","type-post","status-publish","format-standard","hentry","category-education-populaire","category-la-rue-grogne"],"_links":{"self":[{"href":"https:\/\/fa86.noblogs.org\/index.php?rest_route=\/wp\/v2\/posts\/8350","targetHints":{"allow":["GET"]}}],"collection":[{"href":"https:\/\/fa86.noblogs.org\/index.php?rest_route=\/wp\/v2\/posts"}],"about":[{"href":"https:\/\/fa86.noblogs.org\/index.php?rest_route=\/wp\/v2\/types\/post"}],"author":[{"embeddable":true,"href":"https:\/\/fa86.noblogs.org\/index.php?rest_route=\/wp\/v2\/users\/2691"}],"replies":[{"embeddable":true,"href":"https:\/\/fa86.noblogs.org\/index.php?rest_route=%2Fwp%2Fv2%2Fcomments&post=8350"}],"version-history":[{"count":2,"href":"https:\/\/fa86.noblogs.org\/index.php?rest_route=\/wp\/v2\/posts\/8350\/revisions"}],"predecessor-version":[{"id":8352,"href":"https:\/\/fa86.noblogs.org\/index.php?rest_route=\/wp\/v2\/posts\/8350\/revisions\/8352"}],"wp:attachment":[{"href":"https:\/\/fa86.noblogs.org\/index.php?rest_route=%2Fwp%2Fv2%2Fmedia&parent=8350"}],"wp:term":[{"taxonomy":"category","embeddable":true,"href":"https:\/\/fa86.noblogs.org\/index.php?rest_route=%2Fwp%2Fv2%2Fcategories&post=8350"},{"taxonomy":"post_tag","embeddable":true,"href":"https:\/\/fa86.noblogs.org\/index.php?rest_route=%2Fwp%2Fv2%2Ftags&post=8350"}],"curies":[{"name":"wp","href":"https:\/\/api.w.org\/{rel}","templated":true}]}}