{"id":8359,"date":"2013-03-18T10:46:56","date_gmt":"2013-03-18T09:46:56","guid":{"rendered":"http:\/\/fa86.noblogs.org\/?p=8359"},"modified":"2013-03-18T10:46:56","modified_gmt":"2013-03-18T09:46:56","slug":"des-nouvelles-de-laffaire-de-labege","status":"publish","type":"post","link":"https:\/\/fa86.noblogs.org\/?p=8359","title":{"rendered":"Des nouvelles de \u00ab l\u2019affaire de Lab\u00e8ge \u00bb"},"content":{"rendered":"<p style=\"text-align: justify\"><a href=\"https:\/\/juralib.noblogs.org\/2013\/03\/14\/des-nouvelles-de-laffaire-de-labege\/\" target=\"_blank\"><strong>Des nouvelles de \u00ab l\u2019affaire de Lab\u00e8ge \u00bb<\/strong><\/a><\/p>\n<p style=\"text-align: justify\">Un an et demi qu\u2019on nous emmerde, des nouvelles de l\u2019affaire de Lab\u00e8ge<\/p>\n<p style=\"text-align: justify\"><em>Le 14 mars aura lieu le proc\u00e8s pour les refus d\u2019ADN suite aux arrestations du 15 novembre 2011. C\u2019est le moment pour nous de faire un petit point sur plus d\u2019une ann\u00e9e sous mains de justice. Plus d\u2019une ann\u00e9e d\u2019\u00e9coute, de filature, de contr\u00f4le judiciaire\u2026 bref des mois d\u2019emmerdes. Des emmerdes pour les personnes directement impliqu\u00e9es dans l\u2019affaire mais aussi tou.te.s leurs proches, ami.e.s et connaissances.<\/em><\/p>\n<p style=\"text-align: justify\"><em>Nous prenons la parole, nous qui aimerions nous occuper de bien d\u2019autres choses que d\u2019accusations fumeuses et de leurs cons\u00e9quences.<\/em><\/p>\n<p style=\"text-align: justify\"><strong>Mais pourquoi tout \u00e7a au fait ?<\/strong><\/p>\n<p style=\"text-align: justify\">Le 5 juillet 2011, en fin de matin\u00e9e, un groupe d\u2019individu.e.s s\u2019est invit\u00e9 dans les locaux de la Protection Judiciaire de la Jeunesse (PJJ) \u00e0 Lab\u00e8ge (31). Iles y sont rest\u00e9 le temps de signifier \u00e0 cette institution, et \u00e0 son personnel, le d\u00e9go\u00fbt qu\u2019elle leur inspire. En solidarit\u00e9 avec les jeunes mutin.e.s qui ont os\u00e9 se r\u00e9volter en mai de la m\u00eame ann\u00e9e dans l\u2019\u00c9tablissement P\u00e9nitentiaire pour Mineurs (EPM) de Lavaur, co-g\u00e9r\u00e9 par l\u2019Administration P\u00e9nitentiaire (AP) et \u2026 la PJJ.<\/p>\n<p style=\"text-align: justify\">Une enqu\u00eate est imm\u00e9diatement ouverte. D\u00e8s le 13 juillet, le procureur de la r\u00e9publique Valet nomme Didier Suc, juge d\u2019instruction pour cette affaire. Il s\u2019agit d\u2019une information suivie contre X, pour des faits de :<\/p>\n<p style=\"text-align: justify\"><em>Participation \u00e0 un groupement form\u00e9 en vue de la pr\u00e9paration de violences contre les personnes ou de destructions ou d\u00e9gradations de biens \u00e0 Lab\u00e8ge le 5 juillet 2011 ; Violence commise en r\u00e9union sans incapacit\u00e9 \u00e0 Lab\u00e8ge le 5 juillet 2011 ; D\u00e9gradation ou d\u00e9t\u00e9rioration du bien d\u2019autrui commise en r\u00e9union \u00e0 Lab\u00e8ge le 5 juillet 2011.<\/em><\/p>\n<p style=\"text-align: justify\">Lisons donc : tags, d\u00e9versement de lisier et insultes. C\u2019est dans ce jargon, une fois dig\u00e9r\u00e9s par la justice, que sont retranscrits et donc criminalisables des moyens \u00e9videmment l\u00e9gitimes d\u2019affirmer sa solidarit\u00e9 avec celles et ceux qui se r\u00e9voltent.<\/p>\n<p style=\"text-align: justify\">Les quatre premiers mois de cette enqu\u00eate sont sold\u00e9s par une op\u00e9ration massive de gendarmerie \u00e0 Toulouse, le 15 novembre 2011. Les flics ont perquisitionn\u00e9 sept lieux de vies, <a href=\"https:\/\/juralib.noblogs.org\/2011\/11\/28\/a-propos-des-arrestations-du-15-novembre-a-toulouse-pourquoi-on-resterait-calme\/\" target=\"_blank\">interpell\u00e9 une quinzaine de personnes<\/a> et embarqu\u00e9 un paquet d\u2019affaires. Sept personnes sont mises en garde-\u00e0-vue, six sont pr\u00e9sent\u00e9es au juge d\u2019instruction. Cinq d\u2019entre elles sont mises en examen, quatre atterrissent directement \u00e0 la Maison d\u2019Arr\u00eat de Toulouse-Seysses pour 2 \u00e0 3 mois de d\u00e9tention provisoire. La cinqui\u00e8me est dehors, sous contr\u00f4le judiciaire. La sixi\u00e8me reste \u00ab libre \u00bb, avec un statut de t\u00e9moin assist\u00e9. Et la septi\u00e8me est lav\u00e9e de tout soup\u00e7ons gr\u00e2ce \u00e0 un alibi b\u00e9ton et v\u00e9rifiable.<\/p>\n<p style=\"text-align: justify\">Jusqu\u2019\u00e0 aujourd\u2019hui, aucune avanc\u00e9e, aucune nouvelle, aucune convocation, rien, juste une menace diffuse pour les pr\u00e9sum\u00e9.e.s coupables de retourner en prison, pour leurs proches d\u2019\u00eatre associ\u00e9.e.s \u00e0 cette affaire et pour tout le monde de voir les flics d\u00e9barquer dans nos maisons. On sait aussi que cette instruction sert \u00e0 venir piocher des infos sur tout un tas de personnes \u00ab affili\u00e9es \u00bb \u00e0 <a href=\"https:\/\/juralib.noblogs.org\/2012\/12\/04\/activistes-de-lultra-gauche-sic-nous-connaissons-les-meneurs-leurs-visages-leurs-noms-parfois\/\" target=\"_blank\">la mouvance fantoche ultra gauchiste toulousaine<\/a>, et qu\u2019on a \u00e9cop\u00e9 d\u2019une surveillance continue de tous les espaces et acteur\/ices de luttes pour une dur\u00e9e ind\u00e9termin\u00e9e.<\/p>\n<p style=\"text-align: justify\"><strong>Crachez ici !<\/strong><\/p>\n<p style=\"text-align: justify\">Aujourd\u2019hui c\u2019est le proc\u00e8s du refus d\u2019ADN. C\u2019est la punition pour avoir refus\u00e9 le fichage syst\u00e9matique. Triste ironie quand on sait que ce refus a officiellement justifi\u00e9 les placements en d\u00e9tention provisoire alors que les ADNs ont quand m\u00eame \u00e9t\u00e9 pris sur les gobelets, fourchettes et m\u00e9gots utilis\u00e9s pendant les GAV. Viendront donc \u00e0 la barre les cinq mises en examen, le t\u00e9moin assist\u00e9 et la personne mise hors de cause. Les raisons de ce refus sont connues mais nous pouvons les r\u00e9p\u00e9ter encore.<\/p>\n<p style=\"text-align: justify\">Nous constatons que le pr\u00e9texte de la preuve ADN sert une volont\u00e9 de fichage g\u00e9n\u00e9ralis\u00e9 de la population enti\u00e8re. Cette d\u00e9couverte scientifique qui consiste \u00e0 attribuer un profil unique \u00e0 chaque \u00eatre vivant est tellement complexe qu\u2019elle en est opaque. C\u2019est \u00e9videmment plus simple de nous faire accepter des choses quand on y comprend rien. On nous a d\u2019abord dit que c\u2019\u00e9tait pour ficher les \u00ab vrai.e.s criminel.le.s \u00bb, les \u00ab dangereux\/dangeureuses \u00bb, or ce sont pr\u00e8s de 3 millions de personnes qui sont maintenant inscrites \u00e0 vie dans le Fichier National Automatis\u00e9 des Empreintes G\u00e9n\u00e9tiques. Pas de pr\u00e9somption d\u2019innocence pour ces gens, il y a les parfait.e.s et les autres, celles et ceux qui sont d\u00e9j\u00e0 pass\u00e9.e.s par la case GAV.<\/p>\n<p style=\"text-align: justify\">Et \u00e7a ne s\u2019arr\u00eate pas l\u00e0, ou plut\u00f4t \u00e7a n\u2019a pas vraiment commenc\u00e9 par l\u00e0, les animaux non humains sont eux aussi fich\u00e9s. Chaque \u00eatre vivant peut donc \u00eatre identifi\u00e9, g\u00e9r\u00e9 dans une base de donn\u00e9es, int\u00e9gr\u00e9 dans un calcul de statisticien, contr\u00f4l\u00e9 et trac\u00e9. Un \u00e9norme march\u00e9 presque intarissable car il y aura toujours de nouvelles personnes qui naissent et des nouveaux n\u00e9s animaux. Concepteurs de logiciels de gestion, fabricants de mat\u00e9riel de pr\u00e9l\u00e8vement et mati\u00e8re grise de labo s\u2019en frottent les mains.<\/p>\n<p style=\"text-align: justify\">Outre l\u2019aspect \u00e9conomique, \u00eatre fich\u00e9 individuellement ne concerne pas que nous. Nos parents et enfants sont directement mis dans la case \u00ab de la famille d\u2019un.e pr\u00e9sum\u00e9.e coupable \u00bb gr\u00e2ce \u00e0 certains marqueurs qui constituent notre profil g\u00e9n\u00e9tique. Se dire qu\u2019on peut passer entre les mailles du filet pour s\u2019en sortir un peu moins pire devient presque impossible. On friserait presque la r\u00e9cidive si nos a\u00efeul.le.s ont commis des broutilles hors du cadre l\u00e9gal. Au final, tout le monde est fich\u00e9, pas que les \u00ab coupables \u00bb, pas que les \u00ab suspect\u00e9.e.s d\u2019un jour \u00bb, pas que les \u00ab t\u00e9moins \u00bb comme la police et la justice tentent de le justifier.<\/p>\n<p style=\"text-align: justify\">Refuser que des mecs ou des nanas en bleu nous mettent un coton tige dans la bouche est assez facile, en assumer les cons\u00e9quences fait un peu peur. On s\u2019expose alors \u00e0 des proc\u00e9dures judiciaires, autre espace opaque et inqui\u00e9tant de l\u2019arsenal r\u00e9pressif. On nous dit 15\u2019000 euros d\u2019amende et un an d\u2019emprisonnement. En r\u00e9alit\u00e9 les personnes qui ne sont pas relax\u00e9es pour ce d\u00e9lit, car \u00e7a arrive plus souvent qu\u2019on ne le croie, \u00e9copent souvent d\u2019une amende ou de peine avec sursis. Mais m\u00eame si on encourt des peines l\u00e9g\u00e8res, \u00eatre reconnu.e coupable de ce d\u00e9lit veut dire risquer la r\u00e9cidive \u00e0 chaque GAV. Quelle que soit la suspicion de d\u00e9lit pour lequel on y est amen\u00e9. Et plus on sera nombreu.ses.x \u00e0 refuser, plus ce sera difficile de nous poursuivre\u2026<\/p>\n<p style=\"text-align: justify\">Parmi les \u00e9p\u00e9es de Damocl\u00e8s qui planent au dessus de nous, il y a donc ce proc\u00e8s pour refus de pr\u00e9l\u00e8vement des empreintes g\u00e9n\u00e9tiques, mais il y a aussi l\u2019instruction et ses mesures coercitives, le contr\u00f4le judiciaire en est une.<\/p>\n<p style=\"text-align: justify\"><strong>Du contr\u00f4le, judiciaire, mais pas que\u2026<\/strong><\/p>\n<p style=\"text-align: justify\">Pendant que le Didier Suc cherche suffisamment d\u2019\u00e9l\u00e9ments pour justifier 20 mois d\u2019enqu\u00eate, les cinq mis.e.s en examen sont sous contr\u00f4le judiciaire. Cela va de l\u2019obligation de r\u00e9sider chez les parents, de pointer toutes les semaines au commissariat, \u00e0 l\u2019interdiction de se voir et de sortir du territoire. Ces mesures restrictives ne sont pas les m\u00eames pour tout le monde, une incoh\u00e9rence de plus qui prouve le caract\u00e8re al\u00e9atoire et opportuniste\u00a0 de cette justice. \u00c9videmment, elle tente encore d\u2019isoler, d\u2019atomiser et d\u2019\u00e9viter toute r\u00e9action collective face \u00e0 des accusations. S\u2019institue alors la temporalit\u00e9 de l\u2019instruction, faite d\u2019immobilisme et de longue attente o\u00f9 un des moyens pour mettre en place un rapport de force passe par le juridique. Des demandes d\u2019am\u00e9nagement et de main lev\u00e9e de contr\u00f4le judiciaire sont r\u00e9p\u00e9t\u00e9es, le juge d\u2019instruction et le parquet maintiennent la pression. Une fois de plus on voit une proc\u00e9dure bas\u00e9e sur des intimes convictions de juges et de procureurs voulant absolument faire peur et faire r\u00e9fl\u00e9chir \u00e0 deux fois avant de lutter. Prouver que des gens sont coupables ou innocents ne les int\u00e9resse que tr\u00e8s peu. Susciter l\u2019immobilisme et le formalisme, voire la r\u00e9signation de tou.te.s les pauvres et les agit\u00e9.e.s, en revanche leur tient \u00e0 c\u0153ur. Rester solidaires et faire bloc ensemble est un autre moyen de lutter face \u00e0 la machine judiciaire et ne pas trop se laisser \u00e9craser.<\/p>\n<p style=\"text-align: justify\">On vous tiendra au courant quant aux suites de ces d\u00e9m\u00eal\u00e9es judiciaires m\u00eame si nous n\u2019en n\u2019attendons rien.<\/p>\n<p style=\"text-align: justify\">Nous ne sommes pas les seules dans cette situation, nous sommes bien conscien.te.s que nous avons les moyens de nous exprimer, dans certains r\u00e9seaux et de demander de la solidarit\u00e9. On aimerait juste que ces histoires judiciaires, concernant un certain milieu, ne nous fassent pas oublier la somme \u00e9norme de personnes qui se prennent la massue du code de proc\u00e9dure p\u00e9nale dans la gueule.<\/p>\n<p style=\"text-align: justify\">Un gros big up \u00e0 elles et eux.<\/p>\n<p style=\"text-align: justify\"><em>\u00ab La justice nique sa maire, le dernier juge que j\u2019ai vu avait plus de vices que le dealer de ma rue\u2026 \u00bb ou, On les emmerde<\/em><\/p>\n<p style=\"text-align: justify\"><a href=\"mailto:nonalepm@riseup.net\" target=\"_blank\"><strong>Des proches des inculp\u00e9.e.s de Lab\u00e8ge<\/strong><\/a>, 14 mars 2013<\/p>\n<p style=\"text-align: justify\"><em><strong>Pour envoyer des sous<\/strong> (h\u00e9 oui les baveux \u00e7a co\u00fbte cher, et les amendes risquent de pleuvoir<em>\u2026<\/em>) envoyer vos ch\u00e8ques \u00e0 l\u2019ordre du CAJ : CAJ c\/o Canal Sud \u2013 40 rue Alfred Dum\u00e9ril \u2013 31400 TOULOUSE<\/em><\/p>\n<p style=\"text-align: justify\"><em>Vu sur le Jura Libertaire, 14 mars 2013<\/em><\/p>\n","protected":false},"excerpt":{"rendered":"<p>Des nouvelles de \u00ab l\u2019affaire de Lab\u00e8ge \u00bb Un an et demi qu\u2019on nous emmerde, des nouvelles de l\u2019affaire de Lab\u00e8ge Le 14 mars aura lieu le proc\u00e8s pour les refus d\u2019ADN suite aux arrestations du 15 novembre 2011. C\u2019est le moment pour nous de faire un petit point sur plus d\u2019une ann\u00e9e sous mains &hellip; <a href=\"https:\/\/fa86.noblogs.org\/?p=8359\" class=\"more-link\">Continuer la lecture de <span class=\"screen-reader-text\">Des nouvelles de \u00ab l\u2019affaire de Lab\u00e8ge \u00bb<\/span> <span class=\"meta-nav\">&rarr;<\/span><\/a><\/p>\n","protected":false},"author":2691,"featured_media":0,"comment_status":"open","ping_status":"open","sticky":false,"template":"","format":"standard","meta":{"footnotes":""},"categories":[16],"tags":[],"class_list":["post-8359","post","type-post","status-publish","format-standard","hentry","category-repression"],"_links":{"self":[{"href":"https:\/\/fa86.noblogs.org\/index.php?rest_route=\/wp\/v2\/posts\/8359","targetHints":{"allow":["GET"]}}],"collection":[{"href":"https:\/\/fa86.noblogs.org\/index.php?rest_route=\/wp\/v2\/posts"}],"about":[{"href":"https:\/\/fa86.noblogs.org\/index.php?rest_route=\/wp\/v2\/types\/post"}],"author":[{"embeddable":true,"href":"https:\/\/fa86.noblogs.org\/index.php?rest_route=\/wp\/v2\/users\/2691"}],"replies":[{"embeddable":true,"href":"https:\/\/fa86.noblogs.org\/index.php?rest_route=%2Fwp%2Fv2%2Fcomments&post=8359"}],"version-history":[{"count":2,"href":"https:\/\/fa86.noblogs.org\/index.php?rest_route=\/wp\/v2\/posts\/8359\/revisions"}],"predecessor-version":[{"id":8361,"href":"https:\/\/fa86.noblogs.org\/index.php?rest_route=\/wp\/v2\/posts\/8359\/revisions\/8361"}],"wp:attachment":[{"href":"https:\/\/fa86.noblogs.org\/index.php?rest_route=%2Fwp%2Fv2%2Fmedia&parent=8359"}],"wp:term":[{"taxonomy":"category","embeddable":true,"href":"https:\/\/fa86.noblogs.org\/index.php?rest_route=%2Fwp%2Fv2%2Fcategories&post=8359"},{"taxonomy":"post_tag","embeddable":true,"href":"https:\/\/fa86.noblogs.org\/index.php?rest_route=%2Fwp%2Fv2%2Ftags&post=8359"}],"curies":[{"name":"wp","href":"https:\/\/api.w.org\/{rel}","templated":true}]}}