{"id":8368,"date":"2013-03-18T11:27:21","date_gmt":"2013-03-18T10:27:21","guid":{"rendered":"http:\/\/fa86.noblogs.org\/?p=8368"},"modified":"2013-03-18T11:27:21","modified_gmt":"2013-03-18T10:27:21","slug":"86-la-lutte-se-durcit-contre-les-fermetures-de-classes","status":"publish","type":"post","link":"https:\/\/fa86.noblogs.org\/?p=8368","title":{"rendered":"[86] La lutte se durcit contre les fermetures de classes"},"content":{"rendered":"<p style=\"text-align: justify\"><em><strong>NdPN : <\/strong>La lutte se durcit contre une trentaine de fermetures de classes, de nombreux parents d&rsquo;\u00e9l\u00e8ves se mobilisent. Carte scolaire annonc\u00e9e aujourd&rsquo;hui au Rectorat de Poitiers !<\/em><\/p>\n<p style=\"text-align: justify\"><strong><a href=\"\/Vienne\/Services\/Toutes-les-DMAs\/n\/Contenus\/DMAs\/2013\/03\/17\/Carte-scolaire-2013-pour-la-Vienne-c-est-aujourd-hui-1374549\">86 &#8211;\u00a0 Carte scolaire 2013 pour la Vienne : c&rsquo;est aujourd&rsquo;hui<\/a><\/strong><\/p>\n<div style=\"text-align: justify\">\n<p>C&rsquo;est aujourd&rsquo;hui que sera d\u00e9voil\u00e9e la carte scolaire 2013 \u00e0 l&rsquo;issue du Comit\u00e9 technique sp\u00e9cial d\u00e9partemental qui d\u00e9bute \u00e0 9 heures au rectorat de Poitiers en pr\u00e9sence du directeur acad\u00e9mique. En jeu, les dotations horaires des coll\u00e8ges, les ouvertures de classes mais surtout les fermetures envisag\u00e9es d&rsquo;une trentaine de sections dans le d\u00e9partement qui mobilisent depuis plusieurs jours \u00e9lus et parents d&rsquo;\u00e9l\u00e8ves.<\/p>\n<p><em>D\u00e9p\u00eache Nouvelle R\u00e9publique, 18 mars 2013<\/em><\/p>\n<p><strong>[Couh\u00e9] <a href=\"http:\/\/www.lanouvellerepublique.fr\/Vienne\/Actualite\/Education\/n\/Contenus\/Articles\/2013\/03\/18\/Carte-scolaire-mobilisation-devant-le-rectorat-1375681\" target=\"_blank\">Carte scolaire : mobilisation devant le rectorat<\/a><\/strong><\/p>\n<p id=\"articleChapo\">Quelques parents d&rsquo;\u00e9l\u00e8ves de l&rsquo;\u00e9cole de Couh\u00e9, dont une classe de maternelle est menac\u00e9e de fermeture, se sont regroup\u00e9s, ce matin, devant le rectorat o\u00f9 se d\u00e9cide aujourd&rsquo;hui la carte scolaire 2013.<\/p>\n<div>\n<div><a href=\"http:\/\/memorix.sdv.fr\/5c\/www.lanouvellerepublique.fr\/actualite\/education_articles\/86\/civray\/86082\/1918218840\/Position1\/default\/empty.gif\/5575556e555646473539344141616562\" target=\"_blank\"><img loading=\"lazy\" decoding=\"async\" alt=\"\" src=\"http:\/\/memorix.sdv.fr\/0\/default\/empty.gif\" width=\"1\" height=\"1\" border=\"0\" \/><\/a><\/div>\n<\/div>\n<div id=\"text\">\n<p>C&rsquo;est pour d\u00e9fendre la classe de petite section de l&rsquo;\u00e9cole Raoul-Bonnet \u00e0 Couh\u00e9 que quelques parents d&rsquo;\u00e9l\u00e9ves se sont r\u00e9unis ce matin devant le rectorat o\u00f9 se tient actuellement le comit\u00e9 technique sp\u00e9cial d\u00e9partemental qui devrait d\u00e9cider de la carte scolaire 2013.\u00a0\u00bb <i>Le probl\u00e8me c&rsquo;est que 14 \u00e9l\u00e8ves de moins de 3 ans n&rsquo;ont pas \u00e9t\u00e9 comptabilis\u00e9s dans les effectifs \u00ab\u00a0<\/i> rapporte Alexandra Dubois qui a deux enfants scolaris\u00e9s \u00e0 l&rsquo;\u00e9cole de la commune. <i>\u00a0\u00bb Fermer cete section, c&rsquo;est augmenter les effectifs dans les trois autres classes de maternelle, mais c&rsquo;est aussi en totale contradiction avec l&rsquo;objectif de d\u00e9velopper l&rsquo;accueil des tout-petits qui est normalement une des priorit\u00e9s pour la rentr\u00e9e 2013.<\/i> \u00a0\u00bb C&rsquo;est ce soir \u00e0 l&rsquo;issue du comit\u00e9 technique que sera d\u00e9voil\u00e9e la carte scolaire 2013.<\/p>\n<p><em>Delphine L\u00e9ger, Nouvelle R\u00e9publique, 18 mars 2013<\/em><\/p>\n<p><a href=\"http:\/\/www.lanouvellerepublique.fr\/Vienne\/Actualite\/Education\/n\/Contenus\/Articles\/2013\/03\/18\/Carte-scolaire-L-ensemble-du-territoire-est-vise-1375220http:\/\/www.lanouvellerepublique.fr\/Vienne\/Actualite\/Education\/n\/Contenus\/Articles\/2013\/03\/18\/Carte-scolaire-L-ensemble-du-territoire-est-vise-1375220\" target=\"_blank\"><strong>[Loudun] Carte scolaire : \u00a0\u00bb L&rsquo;ensemble du territoire est vis\u00e9 \u00ab\u00a0<\/strong><\/a><\/p>\n<p id=\"articleChapo\">Une nouvelle fois, l\u2019\u00e9cole du Martray est menac\u00e9e par une fermeture de classe. Et ce n\u2019est pas la seule\u2026 Les parents d\u2019\u00e9l\u00e8ves ont manifest\u00e9, hier.<\/p>\n<div>\n<div><a href=\"http:\/\/memorix.sdv.fr\/5c\/www.lanouvellerepublique.fr\/actualite\/education_articles\/86\/loudun\/86137\/1267200516\/Position1\/default\/empty.gif\/5575556e555646473539344141616562\" target=\"_blank\"><img loading=\"lazy\" decoding=\"async\" alt=\"\" src=\"http:\/\/memorix.sdv.fr\/0\/default\/empty.gif\" width=\"1\" height=\"1\" border=\"0\" \/><\/a><\/div>\n<\/div>\n<div id=\"text\">\n<p>La publication officielle de la carte scolaire 2013 est pr\u00e9vue ce lundi. Toutefois, d\u00e8s vendredi, les parents d&rsquo;\u00e9l\u00e8ves de l&rsquo;\u00e9cole du Martray ont appris que l&rsquo;\u00e9tablissement \u00e9tait de nouveau sur la sellette. <i>\u00ab Tous les ans, c&rsquo;est la m\u00eame chose,<\/i> s&rsquo;\u00e9nervent-ils<i>. L&rsquo;ann\u00e9e pr\u00e9c\u00e9dente, on a r\u00e9ussi \u00e0 sauver une classe, mais le poste surnum\u00e9raire a \u00e9t\u00e9 supprim\u00e9. On pensait que, tout \u00e7a, c&rsquo;\u00e9tait termin\u00e9\u2026 \u00bb<\/i><i>\u00ab Cette ann\u00e9e, nous avons 150 \u00e9l\u00e8ves. L&rsquo;ann\u00e9e prochaine 151, la fermeture d&rsquo;une classe implique la cr\u00e9ation d&rsquo;une classe \u00e0 double niveau CE2-CM1 avec une g\u00e9n\u00e9ration de CE2 en difficult\u00e9 et sans prendre en compte les difficult\u00e9s sociales, scolaires et l&rsquo;accueil des gens du voyage sp\u00e9cifiques \u00e0 notre \u00e9cole \u00bb<\/i>, souligne Annick Dignac, directrice de l&rsquo;\u00e9cole du Martray. Soutenus par la municipalit\u00e9, les parents d&rsquo;\u00e9l\u00e8ves ont manifest\u00e9 hier matin \u00e0 l&rsquo;occasion du d\u00e9part en classe de neige de deux classes de CE2 du Martray et d&rsquo;une classe de Moncontour.<strong><i> \u00ab Le Martray est vis\u00e9, mais c&rsquo;est aussi l&rsquo;ensemble du territoire du Nord-Vienne qui l&rsquo;est, puisque six implantations sont mises en cause. C&rsquo;est une attaque en r\u00e8gle des territoires ruraux. Les quartiers chics de Poitiers ne sont pas touch\u00e9s. On se sent trahi. On croyait en avoir fini avec la carte scolaire et ce sont toujours les m\u00eames qui trinquent, sans tenir compte des difficult\u00e9s sp\u00e9cifiques de notre \u00e9cole. On doit se battre pour le maintien des services dans les territoires. Et maintenant j&rsquo;attends un positionnement clair de notre d\u00e9put\u00e9e et des s\u00e9nateurs vis-\u00e0-vis de cette d\u00e9cision arbitraire, presque totalitaire \u00bb<\/i>, s&rsquo;indigne le maire Elefth\u00e9rios Benas.<\/strong> <strong>Et le mouvement ne va pas s&rsquo;arr\u00eater l\u00e0. D\u00e8s ce matin, les parents d&rsquo;\u00e9l\u00e8ves devraient occuper les locaux.<\/strong> Une p\u00e9tition devrait aussi \u00eatre lanc\u00e9e. Et les parents d&rsquo;\u00e9l\u00e8ves pr\u00e9viennent\u2009:<i> \u00ab On va continuer si on n&rsquo;est pas entendu\u2009! \u00bb<\/i><\/p>\n<p>en savoir plus<\/p>\n<p><b>Le RPI de Mouterre-Silly aussi&#8230;<\/b><\/p>\n<p>Jacques Varennes, maire de Mouterre-Silly, a lui aussi appris que le RPI \u00e9tait menac\u00e9. \u00ab Par un coup de fil, apr\u00e8s de longues n\u00e9gociations, une rencontre avec Madame la d\u00e9put\u00e9e, les services de l&rsquo;\u00c9ducation nationale proposent aux \u00e9lus du RPI d&rsquo;Ar\u00e7ay, de Mouterre-Silly, de Ranton et de Saint-Laon (maternelle sous comp\u00e9tence CCPL) de choisir entre la fermeture d&rsquo;une classe en maternelle, qui tarirait la source et mettrait en p\u00e9ril l&rsquo;accueil p\u00e9riscolaire, ou qu&rsquo;une commune se d\u00e9voue pour fermer son \u00e9cole\u2009! Depuis un an, les \u00e9lus sont convaincus que ce sont deux mauvaises solutions pour l&rsquo;avenir de nos communes rurales \u00e0 la veille d&rsquo;esp\u00e9rer des retomb\u00e9es du Center Parcs. \u00bb<\/p>\n<p><em>Corr. Marie-Pierre Pineau, Nouvelle R\u00e9publique, 18 mars 2013<\/em><\/p>\n<\/div>\n<\/div>\n<\/div>\n","protected":false},"excerpt":{"rendered":"<p>NdPN : La lutte se durcit contre une trentaine de fermetures de classes, de nombreux parents d&rsquo;\u00e9l\u00e8ves se mobilisent. Carte scolaire annonc\u00e9e aujourd&rsquo;hui au Rectorat de Poitiers ! 86 &#8211;\u00a0 Carte scolaire 2013 pour la Vienne : c&rsquo;est aujourd&rsquo;hui C&rsquo;est aujourd&rsquo;hui que sera d\u00e9voil\u00e9e la carte scolaire 2013 \u00e0 l&rsquo;issue du Comit\u00e9 technique sp\u00e9cial d\u00e9partemental &hellip; <a href=\"https:\/\/fa86.noblogs.org\/?p=8368\" class=\"more-link\">Continuer la lecture de <span class=\"screen-reader-text\">[86] La lutte se durcit contre les fermetures de classes<\/span> <span class=\"meta-nav\">&rarr;<\/span><\/a><\/p>\n","protected":false},"author":2691,"featured_media":0,"comment_status":"open","ping_status":"open","sticky":false,"template":"","format":"standard","meta":{"footnotes":""},"categories":[17,9],"tags":[],"class_list":["post-8368","post","type-post","status-publish","format-standard","hentry","category-education-populaire","category-la-rue-grogne"],"_links":{"self":[{"href":"https:\/\/fa86.noblogs.org\/index.php?rest_route=\/wp\/v2\/posts\/8368","targetHints":{"allow":["GET"]}}],"collection":[{"href":"https:\/\/fa86.noblogs.org\/index.php?rest_route=\/wp\/v2\/posts"}],"about":[{"href":"https:\/\/fa86.noblogs.org\/index.php?rest_route=\/wp\/v2\/types\/post"}],"author":[{"embeddable":true,"href":"https:\/\/fa86.noblogs.org\/index.php?rest_route=\/wp\/v2\/users\/2691"}],"replies":[{"embeddable":true,"href":"https:\/\/fa86.noblogs.org\/index.php?rest_route=%2Fwp%2Fv2%2Fcomments&post=8368"}],"version-history":[{"count":2,"href":"https:\/\/fa86.noblogs.org\/index.php?rest_route=\/wp\/v2\/posts\/8368\/revisions"}],"predecessor-version":[{"id":8370,"href":"https:\/\/fa86.noblogs.org\/index.php?rest_route=\/wp\/v2\/posts\/8368\/revisions\/8370"}],"wp:attachment":[{"href":"https:\/\/fa86.noblogs.org\/index.php?rest_route=%2Fwp%2Fv2%2Fmedia&parent=8368"}],"wp:term":[{"taxonomy":"category","embeddable":true,"href":"https:\/\/fa86.noblogs.org\/index.php?rest_route=%2Fwp%2Fv2%2Fcategories&post=8368"},{"taxonomy":"post_tag","embeddable":true,"href":"https:\/\/fa86.noblogs.org\/index.php?rest_route=%2Fwp%2Fv2%2Ftags&post=8368"}],"curies":[{"name":"wp","href":"https:\/\/api.w.org\/{rel}","templated":true}]}}