{"id":8378,"date":"2013-03-19T10:05:06","date_gmt":"2013-03-19T09:05:06","guid":{"rendered":"http:\/\/fa86.noblogs.org\/?p=8378"},"modified":"2013-03-19T10:17:50","modified_gmt":"2013-03-19T09:17:50","slug":"86-carte-scolaire-les-parents-deleves-de-lecole-a-daudet-se-rassemblent-devant-le-rectorat","status":"publish","type":"post","link":"https:\/\/fa86.noblogs.org\/?p=8378","title":{"rendered":"[86] Carte scolaire ? La lutte continue !"},"content":{"rendered":"<p style=\"text-align: justify\"><a href=\"http:\/\/www.lanouvellerepublique.fr\/Vienne\/Actualite\/Education\/n\/Contenus\/Articles\/2013\/03\/19\/Carte-scolaire-un-cru-2013-en-demi-teinte-1376033\" target=\"_blank\"><strong>Carte scolaire : un cru 2013 en demi-teinte<\/strong><\/a><\/p>\n<p style=\"text-align: justify\">C\u2019est \u00e0 l\u2019issue du Comit\u00e9 technique qui s\u2019est tenu hier que la carte scolaire a \u00e9t\u00e9 d\u00e9voil\u00e9e avec son lot de fermetures et d\u2019ouvertures de classes.<\/p>\n<p style=\"text-align: justify\">C<i>e comit\u00e9 technique s&rsquo;est d\u00e9roul\u00e9 dans un climat serein,<\/i> confie Christian Arnaud, directeur acad\u00e9mique des services de l&rsquo;\u00e9ducation nationale. <i>Nous avons donc pu d\u00e9finir cette carte scolaire avec toujours \u00e0 l&rsquo;esprit les deux priorit\u00e9s que sont la remise en place de la formation des enseignants et l&rsquo;accompagnement des \u00e9l\u00e8ves en privil\u00e9giant les mesures que sont la scolarisation des moins de trois ans et le dispositif \u00ab\u00a0\u2009plus de ma\u00eetres que de classes\u2009\u00a0\u00bb. \u00bb<\/i><\/p>\n<p style=\"text-align: justify\"><b>20 fermetures, 20 ouvertures et 11 postes<\/b><\/p>\n<p style=\"text-align: justify\">Des mesures qui peuvent notamment \u00eatre mises en \u0153uvre avec l&rsquo;attribution de 25 postes suppl\u00e9mentaires dans la Vienne. <i>\u00ab Nous avons donc pu ent\u00e9riner l&rsquo;ouverture de 20 sections et de 11 postes \u00ab\u00a0\u2009plus de ma\u00eetres que de classes\u2009\u00a0\u00bb sur l&rsquo;ensemble du d\u00e9partement<\/i> (voir liste ci-contre) <i>notamment dans les \u00e9coles maternelles des Roches-Pr\u00e9marie, de Mignaloux-Beauvoir ou encore en \u00e9l\u00e9mentaire dans les \u00e9tablissements de Civray ou dans le regroupement p\u00e9dagogique intercommunal de Jardres, Pouill\u00e9 et Terc\u00e9. \u00bb <\/i>20 ouvertures que viennent entacher les 20 fermetures confirm\u00e9es dans les \u00e9tablissements du d\u00e9partement (voir liste ci-contre). <i>\u00ab Nous avons toutefois renonc\u00e9 \u00e0 10 des 30 fermetures envisag\u00e9es pour mieux prendre en compte des situations particuli\u00e8res de scolarisation moins ais\u00e9es. \u00bb<\/i> Des fermetures \u00e9vit\u00e9es dont l&rsquo;Unsa-\u00e9ducation de la Vienne se satisfait. <i>\u00ab Ce sont des dossiers que nous avons port\u00e9s et dont les arguments ont \u00e9t\u00e9 entendus par le directeur acad\u00e9mique,<\/i> commente Laurent Cardona, secr\u00e9taire d\u00e9parte- mental. <i>Bien s\u00fbr restent les points noirs des fermetures de la classe \u00e9l\u00e9mentaire d&rsquo;Alphonse-Daudet \u00e0 Poitiers, ou encore de la petite section de maternelle de Couh\u00e9, qui sont des \u00e9tablissements situ\u00e9s dans des secteurs au contexte particuli\u00e8rement difficile et qui auraient d\u00fb b\u00e9n\u00e9ficier d&rsquo;une stabilisation dans le temps. Dans ce dossier, il aurait sans doute \u00e9t\u00e9 plus pertinent de mettre en place un processus de dialogue beaucoup plus en amont, car m\u00eame si aujourd&rsquo;hui le solde des classes est positif, cette carte scolaire n&rsquo;est pas \u00e0 la hauteur de ce qui \u00e9tait esp\u00e9r\u00e9. \u00bb<\/i> Une carte scolaire 2013 act\u00e9e et qui ne pourra b\u00e9n\u00e9ficier que de quelques modifications. <i>\u00ab C&rsquo;est d\u00e9sormais lors de la rentr\u00e9e de septembre que se feront les derniers ajustements en fonction des situations particuli\u00e8res qui se pr\u00e9senteront \u00bb<\/i> conclu le directeur acad\u00e9mique.<\/p>\n<p style=\"text-align: justify\">en savoir plus<\/p>\n<p style=\"text-align: justify\"><b>Ce qui change<\/b><\/p>\n<p style=\"text-align: justify\"><b>&gt; Fermetures \u2009:<\/b> <b>Maternelles <\/b>: Poitiers Brel, Vouneuil-sous-Biard Cousteau, Couh\u00e9, Nouaill\u00e9-Maupertuis, Saint Beno\u00eet I. Jouenne. <b>\u00c9l\u00e9mentaires <\/b>: Lusignan, Poitiers Daudet, Ch\u00e2tellerault Jules-Ferry, Lussac-les-Ch\u00e2teaux, Ch\u00e2tellerault Antoign\u00e9, Quincay, Vouneuil-sous-Biard Desmoulins. <b>Primaires <\/b>: Ch\u00e2tellerault Lavoisier, la Roche-Posay, Adriers, Saint-Jean-de-Sauves, Chir\u00e9-en-Montreuil. <b>RPI <\/b>: Craon-Mazeuil-la Grimaudi\u00e8re, Ar\u00e7ay-Mouterre-Ranton-Saint Laon. <b>Clis<\/b> Rml Daudet transf\u00e9r\u00e9e dans l&rsquo;\u00e9cole Damien-Allard. <b>&gt; Ouvertures\u2009:<\/b> <b>Maternelles <\/b>: Les Roches-Pr\u00e9marie, Buxerolles Bourg, Vouneuil-sous-Biard Desmoulins, Mignaloux-Beauvoir, Ligug\u00e9, Quin\u00e7ay Desmoulins, Poitiers Brassens, Mirebeau. <b>\u00c9l\u00e9mentaires <\/b>: Poitiers Neruda, Vouneuil-sous-Biard Cousteau, Couh\u00e9, Scorb\u00e9-Clairvaux, Saint-Beno\u00eet I. Jouenne, Civray. <b>Primaires <\/b>: Magn\u00e9, Verri\u00e8res. <b>RPI <\/b>: La Chapelle-Montreuil-Montreuil Bonnin, Jardres-Pouill\u00e9-Terc\u00e9. <b>Clis 1 <\/b>: Ch\u00e2tellerault Jules-Ferry, Lusignan.<\/p>\n<p style=\"text-align: justify\">Delphine L\u00e9ger, Nouvelle R\u00e9publique, 19 mars 2013<\/p>\n<p style=\"text-align: justify\"><a href=\"http:\/\/www.lanouvellerepublique.fr\/Vienne\/Actualite\/Education\/n\/Contenus\/Articles\/2013\/03\/19\/Deux-mauvaises-nouvelles-pour-l-elementaire-Daudet-1376126\" target=\"_blank\"><strong>Deux mauvaises nouvelles pour l&rsquo;\u00e9l\u00e9mentaire Daudet<\/strong><\/a><\/p>\n<p style=\"text-align: justify\">La classe pour l\u2019inclusion scolaire sera transf\u00e9r\u00e9e \u00e0 Damien-Allard et la classe ordinaire sera ferm\u00e9e \u00e0 la rentr\u00e9e. Des parents ne comptent pas en rester l\u00e0.<\/p>\n<p style=\"text-align: justify\">Hier matin, une quinzaine de parents d&rsquo;\u00e9l\u00e8ves de l&rsquo;\u00e9cole \u00e9l\u00e9mentaire Alphonse-Daudet, aux Couronneries, s&rsquo;\u00e9taient regroup\u00e9s devant le rectorat pour <i>\u00ab maintenir la pression \u00bb<\/i>. Ils s&rsquo;opposent \u00e0 des mesures de fermeture d&rsquo;une classe et au transfert de la classe pour l&rsquo;inclusion scolaire (Clis) pour enfants avec un l\u00e9ger retard mental. Ils avaient renonc\u00e9 \u00e0 pique-niquer sur place en raison du mauvais temps et pour ne <i>\u00ab pas g\u00eaner des candidats \u00e0 un concours \u00bb<\/i>. Et, en cons\u00e9quence avaient quitt\u00e9 les lieux vers 11\u2009h\u200930.<\/p>\n<p style=\"text-align: justify\"><b>Une r\u00e9union d&rsquo;information \u00e0 l&rsquo;\u00e9cole aujourd&rsquo;hui<\/b><\/p>\n<p style=\"text-align: justify\">Ils s&rsquo;\u00e9taient mobilis\u00e9s alors que se tenait au rectorat le comit\u00e9 technique sp\u00e9cial d\u00e9partemental examinant la carte scolaire 2013-2014. Les d\u00e9cisions ont \u00e9t\u00e9 annonc\u00e9es \u00e0 la presse vers 18\u2009h\u200930, hier soir. La fermeture de la classe \u00ab ordinaire \u00bb est confirm\u00e9e\u2009; le transfert de la Clis \u00e0 l&rsquo;\u00e9cole Damien-Allard \u00e9galement. Ces deux nouvelles ne sont pas de nature \u00e0 satisfaire les parents. <i>\u00ab Je suis un peu surprise pour la fermeture de la classe ordinaire car un espoir de la conserver \u00e9tait apparu. Elle avait \u00e9t\u00e9 cr\u00e9\u00e9e, l&rsquo;an dernier. Une meilleure r\u00e9partition des effectifs au niveau du quartier aurait pu permettre de la maintenir \u00bb<\/i>, commente \u00ab \u00e0 chaud \u00bb au t\u00e9l\u00e9phone, une maman, \u00c9lodie. Un p\u00e8re de famille, Cyril est accabl\u00e9\u2009:<i> \u00ab On avait l&rsquo;impression d&rsquo;avoir \u00e9t\u00e9 entendus, c&rsquo;est compl\u00e8tement l&rsquo;inverse. C&rsquo;est inexplicable compte tenu des arguments que nous avions donn\u00e9s \u00bb.<\/i> Parmi ceux-ci\u2009: <i>\u00ab Un environnement devenu familier pour les enfants\u2009; des effectifs adapt\u00e9s dans les classes ordinaires pour y int\u00e9grer les \u00e9l\u00e8ves de Clis ce qui ne sera pas le cas \u00e0 Damien-Allard. \u00bb<\/i> Le poste d&rsquo;enseignant de la Clis sera mut\u00e9 dans la Clis ouverte \u00e0 Lusignan. Une autre Clis est cr\u00e9\u00e9e \u00e0 Ch\u00e2tellerault. Les deux parents que nous avons pu joindre souhaitent que la mobilisation se poursuive pour faire \u00e9voluer les deux mesures. Une r\u00e9union d&rsquo;information se tiendra aujourd&rsquo;hui \u00e0 l&rsquo;\u00e9cole.<\/p>\n<p style=\"text-align: justify\"><em>Marie-Catherine Bernard, Nouvelle R\u00e9publique, 19 mars 2013<\/em><\/p>\n<p style=\"text-align: justify\"><strong>[Loudun] <a href=\"http:\/\/www.lanouvellerepublique.fr\/Vienne\/Actualite\/Education\/n\/Contenus\/Articles\/2013\/03\/19\/Carte-scolaire-parents-et-elus-bloquent-la-D347-1375987\" target=\"_blank\">Carte scolaire : parents et \u00e9lus bloquent la D347<\/a><\/strong><\/p>\n<p style=\"text-align: justify\">Hier, les fermetures de classes envisag\u00e9es par le rectorat dans le Loudunais ont entra\u00een\u00e9 le blocage par parents et \u00e9lus de la circulation sur la D347.<\/p>\n<p style=\"text-align: justify\">Apr\u00e8s avoir occup\u00e9 les \u00e9coles menac\u00e9es en d\u00e9but de matin\u00e9e, des d\u00e9l\u00e9gations de parents et les \u00e9lus des cantons de Moncontour, Monts-sur-Guesnes et Les Trois-Moutiers ont converg\u00e9 vers la st\u00e8le du Maquis de Sc\u00e9volles. A 9\u2009h\u200930, deux engins agricoles ont \u00e9t\u00e9 install\u00e9s en travers de la chauss\u00e9e, bloquant la circulation dans les deux sens et occasionnant un gros bouchon. <i>\u00ab Nous resterons ici jusqu&rsquo;\u00e0 ce que nous obtenions le retrait des fermetures de classes, <\/i>soulignait Bruno Belin, pr\u00e9sident de la communaut\u00e9 de communes du Pays loudunais. <i>Les propositions du Dasen (Directeur acad\u00e9mique des services de l&rsquo;\u00c9ducation nationale) sont inacceptables dans un secteur fragilis\u00e9. Les responsables du territoire ne veulent pas d&rsquo;une casse de la ruralit\u00e9. De plus, la loi du Gouvernement, tendant \u00e0 l&rsquo;accueil des enfants de moins de trois ans, qui vient d&rsquo;\u00eatre vot\u00e9e, n&rsquo;est pas prise en compte. \u00bb <\/i>Sur le site d\u00e9di\u00e9 aux r\u00e9sistants du Maquis de Sc\u00e9volles, il a appel\u00e9 \u00e0 l&rsquo;entr\u00e9e en r\u00e9sistance du monde rural. Apr\u00e8s 45 minutes de blocage total, on apprenait qu&rsquo;une d\u00e9l\u00e9gation d&rsquo;\u00e9lus et de parents des trois cantons serait re\u00e7ue en fin de matin\u00e9e par Pascal Dejoux, adjoint du directeur acad\u00e9mique. En attendant l&rsquo;issue de cette r\u00e9union, les responsables de la manifestation ont appel\u00e9 \u00e0 maintenir un barrage filtrant. Une vingtaine de gendarmes de la brigade de Sc\u00e9volles, de la brigade de Loudun et du Peloton de surveillance et d&rsquo;intervention de la gendarmerie de Chatellerault \u00e9taient mobilis\u00e9s pour assurer la s\u00e9curit\u00e9 et la circulation, un temps d\u00e9vi\u00e9e \u00e0 hauteur de Loudun. Finalement, le barrage a \u00e9t\u00e9 lev\u00e9 \u00e0 12\u2009h\u200915, la d\u00e9l\u00e9gation ayant estim\u00e9 avoir \u00e9t\u00e9 entendue.<\/p>\n<p style=\"text-align: justify\"><em>Corr. Jean-Marc Lamothe, Nouvelle R\u00e9publique, 19 mars 2013<\/em><\/p>\n<p style=\"text-align: justify\"><a href=\"http:\/\/www.lanouvellerepublique.fr\/Vienne\/Actualite\/Education\/n\/Contenus\/Articles\/2013\/03\/19\/Blocus-au-Martray-1376714\" target=\"_blank\"><strong>Blocus au Martray<\/strong><\/a><\/p>\n<p style=\"text-align: justify\">Apr\u00e8s un premier rassemblement dimanche, les parents d&rsquo;\u00e9l\u00e8ves de l&rsquo;\u00e9cole du Martray et les \u00e9lus loudunais s&rsquo;\u00e9taient donn\u00e9 rendez-vous hier matin afin de poursuivre la mobilisation \u00e0 la suite de l&rsquo;annonce d&rsquo;une \u00e9ventuelle fermeture de classe dans le cadre de la carte scolaire 2013. Apr\u00e8s avoir fait signer des p\u00e9titions \u00e0 l&rsquo;entr\u00e9e de l&rsquo;\u00e9cole, les parents ont d\u00e9cid\u00e9 le blocus de l&rsquo;\u00e9cole en d\u00e9cidant d&rsquo;occuper les diff\u00e9rentes classes.<i> \u00ab Nous devons nous mobiliser pour \u00e9viter l&rsquo;\u00e9chec scolaire de nos enfants situ\u00e9s dans un quartier d\u00e9favoris\u00e9. Nous d\u00e9fendons un enseignement de qualit\u00e9, toujours pr\u00e9sent dans cette \u00e9cole jusqu&rsquo;\u00e0 maintenant \u00bb<\/i>, soulignent-ils. Une occupation que les parents pr\u00e9voyaient de maintenir jusqu&rsquo;\u00e0 l&rsquo;annonce officielle du comit\u00e9 technique sp\u00e9cial d\u00e9partemental qui se r\u00e9unissait hier. Ils n&rsquo;excluaient d&rsquo;ailleurs pas de nouvelles manifestations si la d\u00e9cision de fermeture \u00e9tait maintenue.<\/p>\n<p style=\"text-align: justify\"><em>Nouvelle R\u00e9publique, 19 mars 2013<\/em><\/p>\n<p style=\"text-align: justify\"><strong>[Monts-sur-Guesnes]<\/strong> <a href=\"http:\/\/www.lanouvellerepublique.fr\/Vienne\/communes\/Monts-sur-Guesnes\/n\/Contenus\/Articles\/2013\/03\/19\/L-ecole-Monnet-occupee-1376584\" target=\"_blank\"><strong>L&rsquo;\u00e9cole Monnet occup\u00e9e<\/strong><\/a><\/p>\n<p style=\"text-align: justify\">Lundi matin, plusieurs dizaines de parents, accompagn\u00e9s d&rsquo;\u00e9lus de tout le canton, ont occup\u00e9 le groupe scolaire Jean-Monnet de Monts-sur-Guesnes. Motif\u2009: la fermeture envisag\u00e9e par les autorit\u00e9s acad\u00e9miques d&rsquo;une classe \u00e0 l&rsquo; \u00e9cole maternelle. <i>\u00ab Il y aura 62 \u00e9l\u00e8ves de plus de 3 ans et 21 n\u00e9s en 2011 \u00e0 la rentr\u00e9e prochaine concern\u00e9s par la loi qui vient d&rsquo;\u00eatre vot\u00e9e sur l&rsquo;accueil des moins de 3 ans. Il n&rsquo;est pas raisonnable d&rsquo;envisager qu&rsquo;il n&rsquo;y ait que deux classes pour les accueillir\u2009! \u00bb<\/i>, peste la pr\u00e9sidente des parents d&rsquo;\u00e9l\u00e8ves Nathalie Roux.<br \/>\nA l&rsquo;invitation du maire Bruno Belin, une grande partie des manifestants se sont ensuite rendus \u00e0 la st\u00e8le du Maquis de Sc\u00e9volles, o\u00f9 se sont rassembl\u00e9s \u00e9lus et parents des \u00e9coles menac\u00e9es de tout le Loudunais. Un groupe de parents est toutefois rest\u00e9 sur place, emp\u00eachant la tenue des cours.<\/p>\n<p style=\"text-align: justify\"><em>Nouvelle R\u00e9publique, 19 mars 2013<\/em><\/p>\n","protected":false},"excerpt":{"rendered":"<p>Carte scolaire : un cru 2013 en demi-teinte C\u2019est \u00e0 l\u2019issue du Comit\u00e9 technique qui s\u2019est tenu hier que la carte scolaire a \u00e9t\u00e9 d\u00e9voil\u00e9e avec son lot de fermetures et d\u2019ouvertures de classes. Ce comit\u00e9 technique s&rsquo;est d\u00e9roul\u00e9 dans un climat serein, confie Christian Arnaud, directeur acad\u00e9mique des services de l&rsquo;\u00e9ducation nationale. Nous avons &hellip; <a href=\"https:\/\/fa86.noblogs.org\/?p=8378\" class=\"more-link\">Continuer la lecture de <span class=\"screen-reader-text\">[86] Carte scolaire ? La lutte continue !<\/span> <span class=\"meta-nav\">&rarr;<\/span><\/a><\/p>\n","protected":false},"author":2691,"featured_media":0,"comment_status":"open","ping_status":"open","sticky":false,"template":"","format":"standard","meta":{"footnotes":""},"categories":[17,9],"tags":[],"class_list":["post-8378","post","type-post","status-publish","format-standard","hentry","category-education-populaire","category-la-rue-grogne"],"_links":{"self":[{"href":"https:\/\/fa86.noblogs.org\/index.php?rest_route=\/wp\/v2\/posts\/8378","targetHints":{"allow":["GET"]}}],"collection":[{"href":"https:\/\/fa86.noblogs.org\/index.php?rest_route=\/wp\/v2\/posts"}],"about":[{"href":"https:\/\/fa86.noblogs.org\/index.php?rest_route=\/wp\/v2\/types\/post"}],"author":[{"embeddable":true,"href":"https:\/\/fa86.noblogs.org\/index.php?rest_route=\/wp\/v2\/users\/2691"}],"replies":[{"embeddable":true,"href":"https:\/\/fa86.noblogs.org\/index.php?rest_route=%2Fwp%2Fv2%2Fcomments&post=8378"}],"version-history":[{"count":3,"href":"https:\/\/fa86.noblogs.org\/index.php?rest_route=\/wp\/v2\/posts\/8378\/revisions"}],"predecessor-version":[{"id":8380,"href":"https:\/\/fa86.noblogs.org\/index.php?rest_route=\/wp\/v2\/posts\/8378\/revisions\/8380"}],"wp:attachment":[{"href":"https:\/\/fa86.noblogs.org\/index.php?rest_route=%2Fwp%2Fv2%2Fmedia&parent=8378"}],"wp:term":[{"taxonomy":"category","embeddable":true,"href":"https:\/\/fa86.noblogs.org\/index.php?rest_route=%2Fwp%2Fv2%2Fcategories&post=8378"},{"taxonomy":"post_tag","embeddable":true,"href":"https:\/\/fa86.noblogs.org\/index.php?rest_route=%2Fwp%2Fv2%2Ftags&post=8378"}],"curies":[{"name":"wp","href":"https:\/\/api.w.org\/{rel}","templated":true}]}}