{"id":8395,"date":"2013-03-20T10:38:54","date_gmt":"2013-03-20T09:38:54","guid":{"rendered":"http:\/\/fa86.noblogs.org\/?p=8395"},"modified":"2013-03-20T10:38:54","modified_gmt":"2013-03-20T09:38:54","slug":"le-projet-de-nddl-ne-se-fera-pas-et-pourtant-ils-avancent-destructions-de-haies-en-serie-sur-la-zone-ouest-de-la-zad","status":"publish","type":"post","link":"https:\/\/fa86.noblogs.org\/?p=8395","title":{"rendered":"\u00ab Le projet de NDDL ne se fera pas \u00bb? Et pourtant ils avancent ! Destructions de haies en s\u00e9rie sur la zone ouest de la ZAD !"},"content":{"rendered":"<p style=\"text-align: justify\"><a href=\"http:\/\/lutteaeroportnddl.com\/2013\/03\/19\/le-projet-de-nddl-ne-se-fera-pas-et-pourtant-ils-avancent-destructions-de-haies-en-serie-sur-la-zone-ouest-de-la-zad\/\" target=\"_blank\"><strong>\u00ab Le projet de NDDL ne se fera pas \u00bb? Et pourtant ils avancent ! Destructions de haies en s\u00e9rie sur la zone ouest de la ZAD !<\/strong><\/a><\/p>\n<p style=\"text-align: justify\">Nous avions \u00e9voqu\u00e9 dans <a href=\"http:\/\/lutteaeroportnddl.com\/2013\/03\/14\/appel-a-la-resistance-sur-et-autour-de-la-zad-des-declarations-de-travaux-delargissement-de-routes-et-darasement-de-haies-ont-ete-deposes-pour-fin-marsdebut-avril\/\" target=\"_blank\">un pr\u00e9c\u00e9dent article les d\u00e9clarations de Vinci d\u2019arasement de talus (et donc de haies) pour \u00e9largir les routes d\u2019acc\u00e8s \u00e0 la ZAD, en vu de la construction du barreau routier pour la fin-mars\/d\u00e9but Avril<\/a>. Ces faits ne faisant que renforcer notre scepticisme, quand \u00e0 une prise de conscience soudaine de nos si gentils et pas du tout capitalistes\/pr\u00e9dateurs bureaucrates du PS quand \u00e0 la nocivit\u00e9 flagrante du projet d\u2019a\u00e9roport de NDDL.<\/p>\n<p style=\"text-align: justify\">Or, depuis un mois, sur la zone ouest de la ZAD, les destructions de haies et abattage de ch\u00eanes centenaires s\u2019encha\u00eenent \u00e0 une vitesse alarmante, anticipant d\u00e9j\u00e0 les annonces de travaux d\u2019arasement\u2026<\/p>\n<p style=\"text-align: justify\">Les naturalistes en lutte ont ainsi d\u00e9couvert que Vinci commen\u00e7ait d\u00e9j\u00e0 \u00e0 araser des talus autour et sur la ZAD, et que des agriculteur\/trice-s, profitant de l\u2019occasion, se joignent gaiement \u00e0 ce saccage de la ZAD ! <a href=\"http:\/\/lutteaeroportnddl.com\/textescontributions\/vinci-et-ses-benevoles-elagueurs-histoire-du-sabordage-du-bocage-de-notre-dame-des-landes-par-certain-e-s-de-ses-habitant-e-s\/\" target=\"_blank\">Ce n\u2019est malheureusement pas la premi\u00e8re fois<\/a>, et ce ne sera pas la derni\u00e8re, si ne nous r\u00e9agissons pas rapidement, et en force, face \u00e0 cette destruction silencieuse, mais de plus en plus concr\u00e8te de la ZAD !<\/p>\n<p style=\"text-align: justify\">Nous appelons les camarades (citoyennistes ou non) de la zone ouest de la ZAD \u00e0 alerter tous\/toutes les opposant-e-s au projet d\u2019a\u00e9roport et son monde, au moindre bruit suspect de tron\u00e7onneuse sur et autour de la ZAD, ainsi que d\u00e9placements de camions entour\u00e9s de forces militaires ! Nous ne pouvons pas laisser ce saccage de la ZAD se d\u00e9rouler impun\u00e9ment !<\/p>\n<p style=\"text-align: justify\">Des membres du Collectif de Lutte Contre l\u2019A\u00e9roport de NDDL<\/p>\n<p style=\"text-align: justify\">Dans ce lien, vous trouverez des photos atroces de haies saccag\u00e9es (\u00e0 la fin de l\u2019article) :<\/p>\n<p style=\"text-align: justify\"><a href=\"http:\/\/www.presquilegazette.net\/presquilegazette-net-pages\/environnement\/notre-dame-des-landes\/reportages\/dimanche-17-mars-sur-la-zad-rencontres.html\" target=\"_blank\">http:\/\/www.presquilegazette.net\/presquilegazette-net-pages\/environnement\/notre-dame-des-landes\/reportages\/dimanche-17-mars-sur-la-zad-rencontres.html<\/a><\/p>\n<p style=\"text-align: justify\">Sur cet autre lien, un appel de naturalistes en lutte \u00e0 stopper ce saccage, avec rep\u00e9rage et photos des zones aras\u00e9es:<\/p>\n<p style=\"text-align: justify\"><a href=\"http:\/\/zad.nadir.org\/IMG\/pdf\/NDDL_alerte_17_mars_medias-cleaned.pdf\" target=\"_blank\">http:\/\/zad.nadir.org\/IMG\/pdf\/NDDL_alerte_17_mars_medias-cleaned.pdf<\/a><\/p>\n<p style=\"text-align: justify\"><em>Vu sur le <a title=\"blog du collectif de lutte contre l'a\u00e9roport de Notre Dame des Landes\" href=\"http:\/\/lutteaeroportnddl.com\/\" rel=\"home\">blog du collectif de lutte contre l&rsquo;a\u00e9roport de Notre Dame des Landes<\/a>, 19 mars 2013<\/em><\/p>\n","protected":false},"excerpt":{"rendered":"<p>\u00ab Le projet de NDDL ne se fera pas \u00bb? Et pourtant ils avancent ! Destructions de haies en s\u00e9rie sur la zone ouest de la ZAD ! Nous avions \u00e9voqu\u00e9 dans un pr\u00e9c\u00e9dent article les d\u00e9clarations de Vinci d\u2019arasement de talus (et donc de haies) pour \u00e9largir les routes d\u2019acc\u00e8s \u00e0 la ZAD, en &hellip; <a href=\"https:\/\/fa86.noblogs.org\/?p=8395\" class=\"more-link\">Continuer la lecture de <span class=\"screen-reader-text\">\u00ab Le projet de NDDL ne se fera pas \u00bb? Et pourtant ils avancent ! Destructions de haies en s\u00e9rie sur la zone ouest de la ZAD !<\/span> <span class=\"meta-nav\">&rarr;<\/span><\/a><\/p>\n","protected":false},"author":2691,"featured_media":0,"comment_status":"open","ping_status":"open","sticky":false,"template":"","format":"standard","meta":{"footnotes":""},"categories":[26,12],"tags":[],"class_list":["post-8395","post","type-post","status-publish","format-standard","hentry","category-construction-du-desert","category-okupa-y-resiste"],"_links":{"self":[{"href":"https:\/\/fa86.noblogs.org\/index.php?rest_route=\/wp\/v2\/posts\/8395","targetHints":{"allow":["GET"]}}],"collection":[{"href":"https:\/\/fa86.noblogs.org\/index.php?rest_route=\/wp\/v2\/posts"}],"about":[{"href":"https:\/\/fa86.noblogs.org\/index.php?rest_route=\/wp\/v2\/types\/post"}],"author":[{"embeddable":true,"href":"https:\/\/fa86.noblogs.org\/index.php?rest_route=\/wp\/v2\/users\/2691"}],"replies":[{"embeddable":true,"href":"https:\/\/fa86.noblogs.org\/index.php?rest_route=%2Fwp%2Fv2%2Fcomments&post=8395"}],"version-history":[{"count":2,"href":"https:\/\/fa86.noblogs.org\/index.php?rest_route=\/wp\/v2\/posts\/8395\/revisions"}],"predecessor-version":[{"id":8397,"href":"https:\/\/fa86.noblogs.org\/index.php?rest_route=\/wp\/v2\/posts\/8395\/revisions\/8397"}],"wp:attachment":[{"href":"https:\/\/fa86.noblogs.org\/index.php?rest_route=%2Fwp%2Fv2%2Fmedia&parent=8395"}],"wp:term":[{"taxonomy":"category","embeddable":true,"href":"https:\/\/fa86.noblogs.org\/index.php?rest_route=%2Fwp%2Fv2%2Fcategories&post=8395"},{"taxonomy":"post_tag","embeddable":true,"href":"https:\/\/fa86.noblogs.org\/index.php?rest_route=%2Fwp%2Fv2%2Ftags&post=8395"}],"curies":[{"name":"wp","href":"https:\/\/api.w.org\/{rel}","templated":true}]}}