{"id":8399,"date":"2013-03-20T22:09:19","date_gmt":"2013-03-20T21:09:19","guid":{"rendered":"http:\/\/fa86.noblogs.org\/?p=8399"},"modified":"2013-03-21T10:47:36","modified_gmt":"2013-03-21T09:47:36","slug":"saint-savin-86-victoire-juridique-pour-les-salariees-licenciees-daubade","status":"publish","type":"post","link":"https:\/\/fa86.noblogs.org\/?p=8399","title":{"rendered":"[Saint-Savin &#8211; 86] Victoire juridique pour les salari\u00e9Es licenci\u00e9Es d&rsquo;Aubade"},"content":{"rendered":"<p style=\"text-align: justify\"><a href=\"http:\/\/www.lanouvellerepublique.fr\/Vienne\/Actualite\/Economie-social\/n\/Contenus\/Articles\/2013\/03\/20\/Saint-Savin-les-anciens-d-Aubade-ont-gagne-1378698\" target=\"_blank\"><strong>Saint-Savin: les anciens d&rsquo;Aubade ont gagn\u00e9<\/strong><\/a><\/p>\n<p style=\"text-align: justify\">La chambre sociale de la cour d&rsquo;appel de Poitiers vient de d\u00e9clarer le licenciement de 66 salari\u00e9s de la soci\u00e9t\u00e9 Aubade par le groupe suisse Calida \u00ab\u00a0sans cause r\u00e9elle ni s\u00e9rieuse\u00a0\u00bb et leur accorde d&rsquo;importants dommages-int\u00e9r\u00eats.<\/p>\n<p style=\"text-align: justify\">La chambre sociale de la cour d&rsquo;appel de Poitiers vient d&rsquo;ajouter une nouvelle ligne \u00e0 la liste de condamnations \u00e9tant tomb\u00e9es sur le groupe suisse <a title=\"Le site de Calida France (Nouvelle fen\u00eatre)\" href=\"http:\/\/www.calida.com\/ch-fr\/the-company\" target=\"_blank\"><b>Calida<\/b> <\/a>apr\u00e8s la fermeture, fin 2009, de l&rsquo;usine <b>Aubade<\/b> de <b>Saint-Savin<\/b> (Vienne). Contrairement \u00e0 ce qu&rsquo;avaient estim\u00e9 les prud&rsquo;hommes de Poitiers, les juges d&rsquo;appel ont estim\u00e9 que le licenciement de 101 salari\u00e9s soi-disant pour raisons \u00e9conomiques, \u00e9tait sans cause r\u00e9elle ni s\u00e9rieuse.<\/p>\n<p style=\"text-align: justify\">66 anciens salari\u00e9s, d\u00e9fendus par Me Giroire-Revallier, ainsi que l&rsquo;Union d\u00e9partementale CGT, avaient d\u00e9pos\u00e9 un recours en justice et viennent d&rsquo;obtenir gain de cause. Cet arr\u00eat survient quelques semaines apr\u00e8s celui de la cour administrative d&rsquo;appel de Bordeaux qui avait elle-m\u00eame jug\u00e9 ill\u00e9gaux les licenciements des salari\u00e9s prot\u00e9g\u00e9s d&rsquo;Aubade.<\/p>\n<p style=\"text-align: justify\">Toute la question \u00e9tait de savoir si Calida s&rsquo;\u00e9tait s\u00e9par\u00e9 d&rsquo;une branche de son activit\u00e9 devenue non rentable ou s&rsquo;il avait ferm\u00e9 l&rsquo;usine fran\u00e7aise d&rsquo;Aubade uniquement pour des questions purement financi\u00e8res. Autrement dit: les salari\u00e9s ont-ils \u00e9t\u00e9 victimes de <b>\u00ab\u00a0licenciements boursiers\u00a0\u00bb<\/b> ?<\/p>\n<p style=\"text-align: justify\">L&rsquo;arr\u00eat rendu ce mercredi matin retient cinq motifs pour condamner le groupe Calida:<\/p>\n<ul style=\"text-align: justify\">\n<li>La SAS Aubade fabriquait des boxers et des maillots de bain, donc pas uniquement des sous-v\u00eatements f\u00e9minins.<\/li>\n<li>Le rachat d&rsquo;Aubade en 2005 avait \u00e9t\u00e9 pr\u00e9sent\u00e9e par Calida comme un \u00ab\u00a0d\u00e9poussi\u00e9rage\u00a0\u00bb de son image vieillotte de fabricant de \u00ab\u00a0pyjamas de papys\u00a0\u00bb et non comme une diversification dans un tout autre secteur.<\/li>\n<li>Calida fabrique lui-m\u00eame sa propre gamme de lingerie f\u00e9minine.<\/li>\n<li>La notion de \u00ab\u00a0secteur d&rsquo;activit\u00e9\u00a0\u00bb est diff\u00e9rente de celle de \u00ab\u00a0branche d&rsquo;activit\u00e9\u00a0\u00bb: les soutien-gorges comme les pyjamas rel\u00e8vent les uns et les autres du secteur des \u00ab\u00a0v\u00eatements de dessous\u00a0\u00bb.<\/li>\n<li>Calida n&rsquo;a jamais fait myst\u00e8re de sa volont\u00e9 de parachever la d\u00e9localisation de la fabrication d&rsquo;Aubade en <b>Tunisie<\/b>, pays o\u00f9 les salaires sont consid\u00e9rablement inf\u00e9rieurs \u00e0 ceux pratiqu\u00e9s en France.<\/li>\n<\/ul>\n<p style=\"text-align: justify\">La cour ne va pas jusqu&rsquo;\u00e0 retenir, comme le demandaient les salari\u00e9s \u00ab\u00a0l&rsquo;attitude intentionnelle du groupe Calida \u00e0 organiser artificiellement les difficult\u00e9s\u00a0\u00bb. Mais elle estime que les difficult\u00e9s \u00e9conomiques all\u00e9gu\u00e9es par la direction du groupe, lui-m\u00eame largement b\u00e9n\u00e9ficiaire en 2009, n&rsquo;\u00e9taient pas justifi\u00e9es. Les juges rel\u00e8vent que la baisse d&rsquo;activit\u00e9 d&rsquo;Aubade, r\u00e9elle, est essentiellement li\u00e9e aux d\u00e9cisions strat\u00e9giques du groupe de r\u00e9duire sa production.<\/p>\n<p style=\"text-align: justify\">Dernier reproche fait par la cour \u00e0 Calida: l&rsquo;absence d recherche s\u00e9rieuse de solutions de reclassement pour les salari\u00e9s ayant perdu leur emploi. Les plaignants recevront \u00e0 titre de dommages-int\u00e9r\u00eats des sommes allant de 13 \u00e0 55.000 \u20ac \u00e0 titre de dommages-int\u00e9r\u00eats, en fonction de leur anciennet\u00e9.<\/p>\n<p style=\"text-align: justify\">Calida dispose d\u00e9sormais d&rsquo;un d\u00e9lai de dix jours pour introduire un \u00e9ventuel pourvoi en cassation contre cet arr\u00eat.<\/p>\n<p style=\"text-align: justify\"><em>Vincent Buche, Nouvelle R\u00e9publique, 20 mars 2013<\/em><\/p>\n<p style=\"text-align: justify\"><em><strong>Mise \u00e0 jour <\/strong>&#8211; un nouvel article dans la NR ce 21 mars :<\/em><\/p>\n<p style=\"text-align: justify\"><a href=\"http:\/\/www.lanouvellerepublique.fr\/Vienne\/Actualite\/Faits-divers-justice\/n\/Contenus\/Articles\/2013\/03\/21\/Chantal-Barrat-ex-Aubade-Pour-une-fois-ca-tombe-de-notre-cote-1378972\" target=\"_blank\"><strong>Chantal Barrat, ex-Aubade : \u00a0\u00bb Pour une fois, \u00e7a tombe de notre c\u00f4t\u00e9 \u00ab\u00a0<\/strong><\/a><\/p>\n<p style=\"text-align: justify\">Parmi les 66 ex-salari\u00e9es d&rsquo;Aubade, Chantal Barrat, 48 ans, de Saint-Germain (1). Voici sa r\u00e9action, hier, quelques heures apr\u00e8s la communication du rendu de la chambre sociale de la cour d&rsquo;appel\u2009: <i>\u00ab J&rsquo;ai appris qu&rsquo;on avait gagn\u00e9. Maintenant, j&rsquo;attends de voir. On nous avait dit qu&rsquo;on allait recevoir un courrier du tribunal ce matin (hier, NDLR.), on n&rsquo;a finalement rien re\u00e7u. Je ne me r\u00e9jouirai vraiment que quand j&rsquo;aurai re\u00e7u ce courrier. Si c&rsquo;est bien vrai, c&rsquo;est super. Il fallait qu&rsquo;ils (les entrepreneurs) soient condamn\u00e9s, au moins pour le symbole. Il y avait du travail et de l&rsquo;argent dans cette entreprise, ils n&rsquo;avaient aucune raison valable de licencier et de d\u00e9localiser. J&rsquo;aurais trouv\u00e9 grave qu&rsquo;on ne fasse pas payer une entreprise qui a de l&rsquo;argent, \u00e0 une p\u00e9riode o\u00f9, en France, tout se casse la figure. Pour une fois, \u00e7a tombe de notre c\u00f4t\u00e9. On s&rsquo;est battues, on a montr\u00e9 de quoi on \u00e9tait capable, \u00e7a n&rsquo;est que justice. \u00bb <\/i>Dans quel \u00e9tat d&rsquo;esprit \u00e9tiez-vous avant le rendu\u2009? \u00ab <i>J&rsquo;y croyais toujours, gr\u00e2ce \u00e0 notre avocat. Il nous disait que \u00e7a n&rsquo;allait pas \u00eatre simple, mais que c&rsquo;\u00e9tait possible. \u00bb<\/i><\/p>\n<p style=\"text-align: justify\"><b>(1) Elle travaille aujourd&rsquo;hui \u00e0 l&rsquo;ADMR comme aide \u00e0 domicile.<\/b><\/p>\n<p style=\"text-align: justify\"><em>Nouvelle R\u00e9publique, 21 mars 2013<\/em><\/p>\n","protected":false},"excerpt":{"rendered":"<p>Saint-Savin: les anciens d&rsquo;Aubade ont gagn\u00e9 La chambre sociale de la cour d&rsquo;appel de Poitiers vient de d\u00e9clarer le licenciement de 66 salari\u00e9s de la soci\u00e9t\u00e9 Aubade par le groupe suisse Calida \u00ab\u00a0sans cause r\u00e9elle ni s\u00e9rieuse\u00a0\u00bb et leur accorde d&rsquo;importants dommages-int\u00e9r\u00eats. La chambre sociale de la cour d&rsquo;appel de Poitiers vient d&rsquo;ajouter une nouvelle &hellip; <a href=\"https:\/\/fa86.noblogs.org\/?p=8399\" class=\"more-link\">Continuer la lecture de <span class=\"screen-reader-text\">[Saint-Savin &#8211; 86] Victoire juridique pour les salari\u00e9Es licenci\u00e9Es d&rsquo;Aubade<\/span> <span class=\"meta-nav\">&rarr;<\/span><\/a><\/p>\n","protected":false},"author":2691,"featured_media":0,"comment_status":"open","ping_status":"open","sticky":false,"template":"","format":"standard","meta":{"footnotes":""},"categories":[22],"tags":[],"class_list":["post-8399","post","type-post","status-publish","format-standard","hentry","category-le-travail-tue"],"_links":{"self":[{"href":"https:\/\/fa86.noblogs.org\/index.php?rest_route=\/wp\/v2\/posts\/8399","targetHints":{"allow":["GET"]}}],"collection":[{"href":"https:\/\/fa86.noblogs.org\/index.php?rest_route=\/wp\/v2\/posts"}],"about":[{"href":"https:\/\/fa86.noblogs.org\/index.php?rest_route=\/wp\/v2\/types\/post"}],"author":[{"embeddable":true,"href":"https:\/\/fa86.noblogs.org\/index.php?rest_route=\/wp\/v2\/users\/2691"}],"replies":[{"embeddable":true,"href":"https:\/\/fa86.noblogs.org\/index.php?rest_route=%2Fwp%2Fv2%2Fcomments&post=8399"}],"version-history":[{"count":3,"href":"https:\/\/fa86.noblogs.org\/index.php?rest_route=\/wp\/v2\/posts\/8399\/revisions"}],"predecessor-version":[{"id":8401,"href":"https:\/\/fa86.noblogs.org\/index.php?rest_route=\/wp\/v2\/posts\/8399\/revisions\/8401"}],"wp:attachment":[{"href":"https:\/\/fa86.noblogs.org\/index.php?rest_route=%2Fwp%2Fv2%2Fmedia&parent=8399"}],"wp:term":[{"taxonomy":"category","embeddable":true,"href":"https:\/\/fa86.noblogs.org\/index.php?rest_route=%2Fwp%2Fv2%2Fcategories&post=8399"},{"taxonomy":"post_tag","embeddable":true,"href":"https:\/\/fa86.noblogs.org\/index.php?rest_route=%2Fwp%2Fv2%2Ftags&post=8399"}],"curies":[{"name":"wp","href":"https:\/\/api.w.org\/{rel}","templated":true}]}}