{"id":8404,"date":"2013-03-21T11:00:36","date_gmt":"2013-03-21T10:00:36","guid":{"rendered":"http:\/\/fa86.noblogs.org\/?p=8404"},"modified":"2013-03-21T11:00:36","modified_gmt":"2013-03-21T10:00:36","slug":"colombiers-86-la-lgv-on-subit-de-a-a-z","status":"publish","type":"post","link":"https:\/\/fa86.noblogs.org\/?p=8404","title":{"rendered":"[Colombiers &#8211; 86] La LGV, \u00ab\u00a0on subit de A \u00e0 Z\u00a0\u00bb"},"content":{"rendered":"<p style=\"text-align: justify\"><em><strong>NdPN<\/strong> : au-del\u00e0 des discours politico-\u00e9conomiciens de bureaucrates, de technocrates et de journaleux vendant la LGV, juteuse pour Vinci et ruineuse pour les populations, il y a la r\u00e9alit\u00e9 du saccage social et environnemental des espaces travers\u00e9s. Pour une fois, fait assez rare pour \u00eatre relev\u00e9, la Nouvelle R\u00e9publique ne se fait pas le porte-parole b\u00e9at de ce projet d\u00e9vastateur.<\/em><\/p>\n<p style=\"text-align: justify\"><a href=\"http:\/\/www.lanouvellerepublique.fr\/Vienne\/Actualite\/Environnement\/n\/Contenus\/Articles\/2013\/03\/21\/Face-a-la-dure-realite-de-la-ligne-grande-vitesse-1379046\" target=\"_blank\"><strong>Face \u00e0 la (dure) r\u00e9alit\u00e9 de la ligne grande vitesse<\/strong><\/a><\/p>\n<p style=\"text-align: justify\"><img loading=\"lazy\" decoding=\"async\" class=\"alignnone\" alt=\"\" src=\"http:\/\/www.lanouvellerepublique.fr\/var\/nrv2\/storage\/images\/contenus\/articles\/2013\/03\/21\/face-a-la-dure-realite-de-la-ligne-grande-vitesse-1379046\/25833463-1-fre-FR\/Face-a-la-dure-realite-de-la-ligne-grande-vitesse_reference.jpg\" width=\"600\" height=\"364\" \/><\/p>\n<p style=\"text-align: justify\">Le chantier de la LGV entre dans le dur. Et les habitants des communes travers\u00e9es d\u00e9couvrent l\u2019ampleur des d\u00e9g\u00e2ts. Exemple \u00e0 Colombiers.<\/p>\n<p style=\"text-align: justify\">Sans doute personne n&rsquo;imaginait \u00e0 Colombiers, l&rsquo;ampleur pharaonique du chantier de la LGV. Eh bien, sans vouloir faire de mauvais jeu de mots, les Colombinois ont le nez dedans.<\/p>\n<p style=\"text-align: justify\">Au 73<sup>e<\/sup> km de la ligne Tours-Bordeaux, le ronflement des camions et des tractopelles est devenu le quotidien des habitants. La ligne grande vitesse traversera la commune sur pr\u00e8s de 2 km, coupant carr\u00e9ment en deux le coteau partag\u00e9 avec Marigny-Brizay, pour d\u00e9valer dans la vall\u00e9e de l&rsquo;Envigne. Quoique question de d\u00e9valer, le trac\u00e9 sera plut\u00f4t plat, ce qui implique de taper consid\u00e9rablement dans le coteau. D&rsquo;o\u00f9 l&rsquo;expression \u00ab pharaonique \u00bb.<\/p>\n<p style=\"text-align: justify\"><b>\u00ab\u00a0\u2009Normalement, on se doit de dire que c&rsquo;est pour le bien collectif\u2009\u00a0\u00bb<\/b><\/p>\n<p style=\"text-align: justify\">Michel Guillemard, premier adjoint au maire \u00e0 Colombiers, qui suit de pr\u00e8s le dossier, lui pr\u00e9f\u00e8re le terme \u00ab monstrueux \u00bb\u2026 <i>\u00ab La LGV a des contraintes techniques par rapport \u00e0 la vitesse, <\/i>explique l&rsquo;\u00e9lu. <i>Localement, il atteindra 350 km\/h. La ligne doit \u00eatre profond\u00e9ment creus\u00e9e dans le coteau et sur\u00e9lev\u00e9e dans la vall\u00e9e. \u00c7a va d\u00e9figurer le paysage \u00bb.<\/i> Deux zones de la commune sont concern\u00e9es de pr\u00e8s. Tout d&rsquo;abord \u00ab La Geneti\u00e8re \u00bb, dans la vall\u00e9e, o\u00f9 la route d&rsquo;Ouzilly va \u00eatre d\u00e9vi\u00e9e et un pont construit au-dessus des rails. Le secteur est agricole\u2026 <i>\u00ab L&rsquo;am\u00e9nagement foncier est en cours avec le conseil g\u00e9n\u00e9ral pour pouvoir conserver des zones d&rsquo;exploitations<\/i>, indique la mairie. <i>Par ailleurs, il a \u00e9t\u00e9 obtenu de Lisea d&rsquo;avoir deux voies transversales qui permettent de rattraper les routes et acc\u00e8s aux chemins agricoles qui disparaissent \u00bb.<\/i><\/p>\n<p style=\"text-align: justify\"><b>Le coteau coup\u00e9 en deux<\/b><\/p>\n<p style=\"text-align: justify\">Ensuite \u00ab La Baudrig\u00e8re \u00bb, juste sur le coteau, o\u00f9 la tranch\u00e9e sera large de 150 m\u00e8tres. La d\u00e9partementale 21 qui rejoint Marigny va \u00eatre d\u00e9vi\u00e9e pendant un an. Facile. <i>\u00ab Certes, c&rsquo;est au bout du village mais \u00e7a va g\u00eaner des habitants<\/i>, souligne Michel Guillemard. <i>Les gens qui habitent \u00e0 c\u00f4t\u00e9 subissent \u00e0 cause des travaux et subiront avec la future ligne. Normalement, on se doit de dire que c&rsquo;est pour le bien collectif, que c&rsquo;est positif pour l&#8217;emploi. Mais une commune comme nous, on subit de A \u00e0 Z, on n&rsquo;y a pas d&rsquo;int\u00e9r\u00eat, on verra seulement le train passer. \u00bb<\/i> Pas faux.<\/p>\n<p style=\"text-align: justify\"><em>Franck Bastard, Nouvelle R\u00e9publique, 21 mars 2013<\/em><\/p>\n<p style=\"text-align: justify\"><a href=\"http:\/\/www.lanouvellerepublique.fr\/Vienne\/Actualite\/Environnement\/n\/Contenus\/Articles\/2013\/03\/21\/Marie-Louise-a-50-metres-de-la-LGV-1379657\" target=\"_blank\"><strong>Marie-Louise \u00e0 50 m\u00e8tres de la LGV<\/strong><\/a><\/p>\n<p style=\"text-align: justify\">A 87 ans, Marie-Louise D\u00e9vigne prend avec philosophie l&rsquo;arriv\u00e9e de la LGV\u2026 dans son jardin ou quasiment. Sa maison, situ\u00e9e \u00e0 \u00ab La Baudrig\u00e8re \u00bb \u00e0 Colombiers, o\u00f9 elle s&rsquo;est install\u00e9e en 1977, n&rsquo;est situ\u00e9e qu&rsquo;\u00e0 50 m\u00e8tres du chantier. L&rsquo;octog\u00e9naire, qui vit seule, a eu de gros soucis de sant\u00e9 qui la clouent depuis six ans dans un fauteuil roulant. Une aide \u00e0 domicile la visite quotidiennement.<\/p>\n<p style=\"text-align: justify\"><b>\u00ab\u00a0\u2009Jamais je ne quitterai ma maison\u2009\u00a0\u00bb<\/b><\/p>\n<p style=\"text-align: justify\">C&rsquo;est depuis sa cuisine o\u00f9 elle passe l&rsquo;essentiel de ses journ\u00e9es d&rsquo;hiver, entour\u00e9e de ses livres, de ses po\u00e8mes, de ses petits souvenirs, qu&rsquo;elle devine le bruit des tractopelles. <i>\u00ab Pour l&rsquo;heure, c&rsquo;est supportable mais cet \u00e9t\u00e9, ce sera une autre chanson\u2009! \u00bb<\/i>, sourit-elle. <i>\u00ab A l&rsquo;\u00e9poque, quand j&rsquo;ai achet\u00e9 \u00e0 Colombiers, je me suis int\u00e9ress\u00e9e de savoir si l&rsquo;autoroute ne passerait pas dans le coin. Et en 2007, on a d\u00e9cid\u00e9 qu&rsquo;on allait avoir la LGV\u2009! \u00bb<\/i>, raconte-t-elle avec ce petit air moqueur dont elle ne se d\u00e9part jamais. Marie-Louise dit avoir \u00e9crit \u00e0 R\u00e9seau ferr\u00e9 de France\u2009: <i>\u00ab Ils sont venus toute une d\u00e9l\u00e9gation me voir dans ma maison. Dans ma lettre, j&rsquo;avais \u00e9crit que j&rsquo;avais choisi un coin calme \u00e0 la campagne et que j&rsquo;allais finir comme les vaches \u00e0 regarder les trains passer. Je voulais un tunnel, ils m&rsquo;ont garanti qu&rsquo;il y aurait un remblai pour prot\u00e9ger du bruit. C&rsquo;est pareil, on m&rsquo;avait dit que j&rsquo;aurai droit \u00e0 des nouvelles fen\u00eatres pour isoler. Mais je n&rsquo;ai pas de nouvelles. Par contre, ils ont laiss\u00e9 le rideau d&rsquo;arbres devant la fen\u00eatre de ma chambre. \u00bb<\/i> Marie-Louise D\u00e9vigne est fataliste\u2009: <i>\u00ab Quand une \u00e2me charitable m&#8217;emm\u00e8ne en balade, je m&rsquo;interdis de regarder le paysage. Non, jamais je ne quitterai ma maison\u2009! \u00bb <\/i><\/p>\n<p style=\"text-align: justify\"><em>Nouvelle R\u00e9publique, 21 mars 2013<\/em><\/p>\n","protected":false},"excerpt":{"rendered":"<p>NdPN : au-del\u00e0 des discours politico-\u00e9conomiciens de bureaucrates, de technocrates et de journaleux vendant la LGV, juteuse pour Vinci et ruineuse pour les populations, il y a la r\u00e9alit\u00e9 du saccage social et environnemental des espaces travers\u00e9s. Pour une fois, fait assez rare pour \u00eatre relev\u00e9, la Nouvelle R\u00e9publique ne se fait pas le porte-parole &hellip; <a href=\"https:\/\/fa86.noblogs.org\/?p=8404\" class=\"more-link\">Continuer la lecture de <span class=\"screen-reader-text\">[Colombiers &#8211; 86] La LGV, \u00ab\u00a0on subit de A \u00e0 Z\u00a0\u00bb<\/span> <span class=\"meta-nav\">&rarr;<\/span><\/a><\/p>\n","protected":false},"author":2691,"featured_media":0,"comment_status":"open","ping_status":"open","sticky":false,"template":"","format":"standard","meta":{"footnotes":""},"categories":[26,18],"tags":[],"class_list":["post-8404","post","type-post","status-publish","format-standard","hentry","category-construction-du-desert","category-decroissance-libertaire"],"_links":{"self":[{"href":"https:\/\/fa86.noblogs.org\/index.php?rest_route=\/wp\/v2\/posts\/8404","targetHints":{"allow":["GET"]}}],"collection":[{"href":"https:\/\/fa86.noblogs.org\/index.php?rest_route=\/wp\/v2\/posts"}],"about":[{"href":"https:\/\/fa86.noblogs.org\/index.php?rest_route=\/wp\/v2\/types\/post"}],"author":[{"embeddable":true,"href":"https:\/\/fa86.noblogs.org\/index.php?rest_route=\/wp\/v2\/users\/2691"}],"replies":[{"embeddable":true,"href":"https:\/\/fa86.noblogs.org\/index.php?rest_route=%2Fwp%2Fv2%2Fcomments&post=8404"}],"version-history":[{"count":2,"href":"https:\/\/fa86.noblogs.org\/index.php?rest_route=\/wp\/v2\/posts\/8404\/revisions"}],"predecessor-version":[{"id":8406,"href":"https:\/\/fa86.noblogs.org\/index.php?rest_route=\/wp\/v2\/posts\/8404\/revisions\/8406"}],"wp:attachment":[{"href":"https:\/\/fa86.noblogs.org\/index.php?rest_route=%2Fwp%2Fv2%2Fmedia&parent=8404"}],"wp:term":[{"taxonomy":"category","embeddable":true,"href":"https:\/\/fa86.noblogs.org\/index.php?rest_route=%2Fwp%2Fv2%2Fcategories&post=8404"},{"taxonomy":"post_tag","embeddable":true,"href":"https:\/\/fa86.noblogs.org\/index.php?rest_route=%2Fwp%2Fv2%2Ftags&post=8404"}],"curies":[{"name":"wp","href":"https:\/\/api.w.org\/{rel}","templated":true}]}}