{"id":8407,"date":"2013-03-21T12:18:04","date_gmt":"2013-03-21T11:18:04","guid":{"rendered":"http:\/\/fa86.noblogs.org\/?p=8407"},"modified":"2013-03-21T12:18:04","modified_gmt":"2013-03-21T11:18:04","slug":"poitiers-quand-les-autorites-poitevines-tentent-de-recuperer-foucault","status":"publish","type":"post","link":"https:\/\/fa86.noblogs.org\/?p=8407","title":{"rendered":"[Poitiers] Quand les autorit\u00e9s poitevines tentent de r\u00e9cup\u00e9rer Foucault"},"content":{"rendered":"<p style=\"text-align: justify\"><strong>Quand les autorit\u00e9s poitevines\u00a0tentent de r\u00e9cup\u00e9rer Foucault<\/strong><\/p>\n<p style=\"text-align: justify\"><a href=\"https:\/\/fa86.noblogs.org\/files\/2013\/03\/foucault.jpg\"><img loading=\"lazy\" decoding=\"async\" class=\"alignnone size-full wp-image-8408\" alt=\"foucault\" src=\"https:\/\/fa86.noblogs.org\/files\/2013\/03\/foucault.jpg\" width=\"680\" height=\"453\" srcset=\"https:\/\/fa86.noblogs.org\/files\/2013\/03\/foucault.jpg 680w, https:\/\/fa86.noblogs.org\/files\/2013\/03\/foucault-300x199.jpg 300w\" sizes=\"auto, (max-width: 680px) 100vw, 680px\" \/><\/a><\/p>\n<p style=\"text-align: justify\"><em>Michel Foucault et Jean Paul Sartre manifestent devant l&rsquo;entr\u00e9e des usines Renault pour protester contre l&rsquo;assassinat de Pierre Overney, militant mao\u00efste assassin\u00e9 par un agent de s\u00e9curit\u00e9 de Renault\u00a0&#8211; 28\/02\/1972 &#8211; Cr\u00e9dits : Lorenzo, Jos\u00e9e\u00a0 \/ INA<\/em><\/p>\n<p style=\"text-align: justify\">La semaine Foucault \u00e0 Poitiers s&rsquo;ouvre donc. Elle\u00a0s&rsquo;affiche odieusement\u00a0sur les \u00ab\u00a0sucettes\u00a0\u00bb publicitaires et le \u00ab\u00a0mobilier urbain\u00a0\u00bb du propagandiste Decault. Foucault, natif de Poitiers, toujours boycott\u00e9 de son vivant par les bureaucrates locaux, doit se retourner dans sa tombe de Vandeuvre-du-Poitou !<\/p>\n<p style=\"text-align: justify\">Et pour cause : cet universitaire, certes non anarchiste mais communiste et partageant une critique radicale de l&rsquo;autorit\u00e9,\u00a0n&rsquo;a cess\u00e9 de produire une critique sans concession des m\u00e9thodes castratrices et disciplinaires des pouvoirs patriarcal, capitaliste\u00a0et \u00e9tatique.<\/p>\n<p style=\"text-align: justify\">Sa critique a d\u00e9nonc\u00e9, avec une pertinence redoutable,\u00a0les\u00a0dispositifs autoritaires au sein de cette soci\u00e9t\u00e9 panoptique,\u00a0dont il a soulign\u00e9 la similarit\u00e9 : la caserne, l&rsquo;\u00e9cole autoritaire, le march\u00e9 culturel et artistique, l&rsquo;enfermement psychiatrique et m\u00e9dical, la prison\u00a0&#8211; il a d&rsquo;ailleurs fond\u00e9 le GIP, groupe d&rsquo;information sur les prisons.<\/p>\n<p style=\"text-align: justify\">L&rsquo;auteur de \u00ab\u00a0Surveiller et punir\u00a0\u00bb\u00a0a diss\u00e9qu\u00e9 sans concession l&rsquo;histoire de la diffusion d&rsquo;un pouvoir biopolitique qui atomise les individus, plongeant son contr\u00f4le inquisitorial jusque dans leurs actes les plus quotidiens.<\/p>\n<p style=\"text-align: justify\">S&rsquo;il est r\u00e9jouissant de voir que les universitaires \u00e0 l&rsquo;initiative du projet consid\u00e8rent que la pens\u00e9e de Foucault m\u00e9rite plus que jamais d&rsquo;\u00eatre connue, il est dans le m\u00eame temps tout \u00e0 fait insupportable d&rsquo;assister \u00e0 la mus\u00e9ification de fait de cet auteur, qui pr\u00f4nait une pens\u00e9e vivante, une pens\u00e9e de combat.<\/p>\n<p style=\"text-align: justify\">D&rsquo;autant plus quand cette mus\u00e9ification est promue par des autorit\u00e9s locales,\u00a0les m\u00eames qui\u00a0mettent en oeuvre \u00e0 Poitiers toujours plus de gentrification, d&rsquo;ali\u00e9nation pseudo-culturelle, de surveillance, de stigmatisation des \u00ab\u00a0marginaux\u00a0\u00bb, de quadrillage des territoires \u00e0 coups de coeur d&rsquo;agglo et de grands chantiers inutiles, de r\u00e9pression par la police&#8230; et par\u00a0la taule : le dispositif carc\u00e9ral de la nouvelle taule de Vivonne r\u00e9sumant parfaitement tout ce que Foucault abhorrait.<\/p>\n<p style=\"text-align: justify\">Pour notre part, nous n&rsquo;irons pas aux \u00ab\u00a0\u00e9v\u00e9nements\u00a0\u00bb Foucault. Les conf\u00e9rences propos\u00e9es ne sont sans doute pas d\u00e9nu\u00e9es d&rsquo;int\u00e9r\u00eat&#8230; mais la meilleure fa\u00e7on selon nous de rendre \u00ab\u00a0hommage\u00a0\u00bb aux id\u00e9es de ce philosophe, ne saurait certainement pas consister \u00e0 lui tisser des lauriers dans le cadre d&rsquo;un folklore vedettarial, vingt ans apr\u00e8s sa mort, en vue de neutraliser le potentiel subversif de sa pens\u00e9e\u00a0;\u00a0<strong>mais \u00e0 traduire et d\u00e9velopper en actes, dans nos alternatives de vie et de luttes, la critique radicale commune d&rsquo;une soci\u00e9t\u00e9 autoritaire invivable.<\/strong><\/p>\n<p style=\"text-align: justify\"><em>Pavillon Noir, 21 mars 2013<\/em><\/p>\n","protected":false},"excerpt":{"rendered":"<p>Quand les autorit\u00e9s poitevines\u00a0tentent de r\u00e9cup\u00e9rer Foucault Michel Foucault et Jean Paul Sartre manifestent devant l&rsquo;entr\u00e9e des usines Renault pour protester contre l&rsquo;assassinat de Pierre Overney, militant mao\u00efste assassin\u00e9 par un agent de s\u00e9curit\u00e9 de Renault\u00a0&#8211; 28\/02\/1972 &#8211; Cr\u00e9dits : Lorenzo, Jos\u00e9e\u00a0 \/ INA La semaine Foucault \u00e0 Poitiers s&rsquo;ouvre donc. Elle\u00a0s&rsquo;affiche odieusement\u00a0sur les \u00ab\u00a0sucettes\u00a0\u00bb &hellip; <a href=\"https:\/\/fa86.noblogs.org\/?p=8407\" class=\"more-link\">Continuer la lecture de <span class=\"screen-reader-text\">[Poitiers] Quand les autorit\u00e9s poitevines tentent de r\u00e9cup\u00e9rer Foucault<\/span> <span class=\"meta-nav\">&rarr;<\/span><\/a><\/p>\n","protected":false},"author":2691,"featured_media":0,"comment_status":"open","ping_status":"open","sticky":false,"template":"","format":"standard","meta":{"footnotes":""},"categories":[21,8],"tags":[],"class_list":["post-8407","post","type-post","status-publish","format-standard","hentry","category-desinformation-bourgeoise","category-ecrits"],"_links":{"self":[{"href":"https:\/\/fa86.noblogs.org\/index.php?rest_route=\/wp\/v2\/posts\/8407","targetHints":{"allow":["GET"]}}],"collection":[{"href":"https:\/\/fa86.noblogs.org\/index.php?rest_route=\/wp\/v2\/posts"}],"about":[{"href":"https:\/\/fa86.noblogs.org\/index.php?rest_route=\/wp\/v2\/types\/post"}],"author":[{"embeddable":true,"href":"https:\/\/fa86.noblogs.org\/index.php?rest_route=\/wp\/v2\/users\/2691"}],"replies":[{"embeddable":true,"href":"https:\/\/fa86.noblogs.org\/index.php?rest_route=%2Fwp%2Fv2%2Fcomments&post=8407"}],"version-history":[{"count":2,"href":"https:\/\/fa86.noblogs.org\/index.php?rest_route=\/wp\/v2\/posts\/8407\/revisions"}],"predecessor-version":[{"id":8410,"href":"https:\/\/fa86.noblogs.org\/index.php?rest_route=\/wp\/v2\/posts\/8407\/revisions\/8410"}],"wp:attachment":[{"href":"https:\/\/fa86.noblogs.org\/index.php?rest_route=%2Fwp%2Fv2%2Fmedia&parent=8407"}],"wp:term":[{"taxonomy":"category","embeddable":true,"href":"https:\/\/fa86.noblogs.org\/index.php?rest_route=%2Fwp%2Fv2%2Fcategories&post=8407"},{"taxonomy":"post_tag","embeddable":true,"href":"https:\/\/fa86.noblogs.org\/index.php?rest_route=%2Fwp%2Fv2%2Ftags&post=8407"}],"curies":[{"name":"wp","href":"https:\/\/api.w.org\/{rel}","templated":true}]}}