{"id":8414,"date":"2013-03-22T08:56:19","date_gmt":"2013-03-22T07:56:19","guid":{"rendered":"http:\/\/fa86.noblogs.org\/?p=8414"},"modified":"2013-03-22T08:56:19","modified_gmt":"2013-03-22T07:56:19","slug":"ingrandes-86-greve-pour-les-salaires-a-la-fonderie-fonte","status":"publish","type":"post","link":"https:\/\/fa86.noblogs.org\/?p=8414","title":{"rendered":"[Ingrandes &#8211; 86] Gr\u00e8ve pour les salaires \u00e0 la Fonderie Fonte"},"content":{"rendered":"<p style=\"text-align: justify\"><a href=\"http:\/\/www.lanouvellerepublique.fr\/Vienne\/Actualite\/Economie-social\/n\/Contenus\/Articles\/2013\/03\/22\/Greve-pour-les-salaires-a-la-Fonderie-Fonte-1381451\" target=\"_blank\"><strong>Gr\u00e8ve pour les salaires \u00e0 la Fonderie Fonte<\/strong><\/a><\/p>\n<p style=\"text-align: justify\"><img loading=\"lazy\" decoding=\"async\" class=\"alignnone\" alt=\"\" src=\"http:\/\/www.lanouvellerepublique.fr\/var\/nrv2\/storage\/images\/contenus\/articles\/2013\/03\/22\/greve-pour-les-salaires-a-la-fonderie-fonte-1381451\/25880219-1-fre-FR\/Greve-pour-les-salaires-a-la-Fonderie-Fonte_reference.jpg\" width=\"600\" height=\"289\" \/><\/p>\n<p style=\"text-align: justify\"><em>Le piquet a \u00e9t\u00e9 install\u00e9 \u00e0 l&rsquo;entr\u00e9e du site.<\/em><\/p>\n<p id=\"articleChapo\" style=\"text-align: justify\">Depuis mardi, une partie des salari\u00e9s de la Fonderie Fonte (Ingrandes) est en gr\u00e8ve pour les salaires. Un mouvement de nouveau reconduit, hier.<\/p>\n<p style=\"text-align: justify\">En novembre dernier, une partie des 450 salari\u00e9s de la Fonderie du Poitou Fonte \u00e0 Ingrandes-sur-Vienne avaient d\u00e9bray\u00e9 pour protester contre les deux semaines de ch\u00f4mage partiel impos\u00e9es par l&rsquo;entreprise, qui fabrique des carters pour Renault (60\u2009%) et Fiat (40\u2009%), en d\u00e9cembre et janvier. Cette fois, ce sont les salaires qui coincent. A l&rsquo;initiative de la CGT, entre 100 et 200 salari\u00e9s (selon les syndicats) sont en gr\u00e8ve depuis mardi.<\/p>\n<div id=\"text\" style=\"text-align: justify\">\n<p><b>\u00ab\u00a0\u2009Tout est gel\u00e9 pour 2013\u2009\u00a0\u00bb<\/b><\/p>\n<p>Selon le d\u00e9l\u00e9gu\u00e9 CGT Tony Cleppe, la direction propose cette ann\u00e9e<i> \u00ab 0\u2009% d&rsquo;augmentation sur les salaires \u00bb<\/i>, ainsi que sur les primes.<i> \u00ab Tout est gel\u00e9 pour 2013,<\/i> peste-il<i>. C&rsquo;est la premi\u00e8re ann\u00e9e depuis 25 ans qu&rsquo;il n&rsquo;y a rien\u2009! \u00bb <\/i>Une base de n\u00e9gociations qui ne pouvait que mettre le feu aux poudres\u2026 Mais ce n&rsquo;est pas la seule raison de ce mouvement. L&rsquo;objectif des salari\u00e9s gr\u00e9vistes est aussi de faire <i>\u00ab une piq\u00fbre pr\u00e9ventive pour la suite \u00bb<\/i>. <i>\u00ab Tous les salari\u00e9s sont au courant que, dans un avenir proche, le groupe Teksid <\/i>(NDLR\u2009: groupe italien dont la FDPF est une filiale)<i> va remettre en cause les acquis au sein de l&rsquo;entreprise \u00bb<\/i>, explique Tony Cleppe. D&rsquo;apr\u00e8s No\u00ebl Turpeau, secr\u00e9taire CGT du CHSCT (Comit\u00e9 d&rsquo;hygi\u00e8ne, de s\u00e9curit\u00e9 et des conditions de travail), l&rsquo;entreprise, en difficult\u00e9 depuis plusieurs mois, envisagerait d\u00e9j\u00e0 de remettre en cause le <i>\u00ab repos sur le temps d&#8217;emballage \u00bb <\/i>dont b\u00e9n\u00e9ficient les ouvriers. Hier midi, apr\u00e8s avoir fait un <i>\u00ab tour dans l&rsquo;usine \u00bb<\/i>, les salari\u00e9s gr\u00e9vistes ont vot\u00e9 la reconduction du mouvement jusqu&rsquo;\u00e0 ce vendredi soir 21\u2009h.<\/p>\n<p><i>Le directeur g\u00e9n\u00e9ral de la FDPF Franck Gat\u00e9 n&rsquo;\u00e9tait pas joignable hier.<\/i><\/p>\n<p><a href=\"http:\/\/www.lanouvellerepublique.fr\/Vienne\/Actualite\/24-Heures\/n\/Contenus\/Articles\/2013\/03\/21\/VIDEO.-Chatellerault-greve-pour-les-salaires-a-la-Fonderie-Fonte-1380305\" target=\"_blank\"><b>Vid\u00e9o sur le site de la NR<\/b><\/a><\/p>\n<p><em>Alain Grimperelle, Nouvelle R\u00e9publique, 22 mars 2013<\/em><\/p>\n<\/div>\n","protected":false},"excerpt":{"rendered":"<p>Gr\u00e8ve pour les salaires \u00e0 la Fonderie Fonte Le piquet a \u00e9t\u00e9 install\u00e9 \u00e0 l&rsquo;entr\u00e9e du site. Depuis mardi, une partie des salari\u00e9s de la Fonderie Fonte (Ingrandes) est en gr\u00e8ve pour les salaires. Un mouvement de nouveau reconduit, hier. En novembre dernier, une partie des 450 salari\u00e9s de la Fonderie du Poitou Fonte \u00e0 &hellip; <a href=\"https:\/\/fa86.noblogs.org\/?p=8414\" class=\"more-link\">Continuer la lecture de <span class=\"screen-reader-text\">[Ingrandes &#8211; 86] Gr\u00e8ve pour les salaires \u00e0 la Fonderie Fonte<\/span> <span class=\"meta-nav\">&rarr;<\/span><\/a><\/p>\n","protected":false},"author":2691,"featured_media":0,"comment_status":"open","ping_status":"open","sticky":false,"template":"","format":"standard","meta":{"footnotes":""},"categories":[12],"tags":[],"class_list":["post-8414","post","type-post","status-publish","format-standard","hentry","category-okupa-y-resiste"],"_links":{"self":[{"href":"https:\/\/fa86.noblogs.org\/index.php?rest_route=\/wp\/v2\/posts\/8414","targetHints":{"allow":["GET"]}}],"collection":[{"href":"https:\/\/fa86.noblogs.org\/index.php?rest_route=\/wp\/v2\/posts"}],"about":[{"href":"https:\/\/fa86.noblogs.org\/index.php?rest_route=\/wp\/v2\/types\/post"}],"author":[{"embeddable":true,"href":"https:\/\/fa86.noblogs.org\/index.php?rest_route=\/wp\/v2\/users\/2691"}],"replies":[{"embeddable":true,"href":"https:\/\/fa86.noblogs.org\/index.php?rest_route=%2Fwp%2Fv2%2Fcomments&post=8414"}],"version-history":[{"count":2,"href":"https:\/\/fa86.noblogs.org\/index.php?rest_route=\/wp\/v2\/posts\/8414\/revisions"}],"predecessor-version":[{"id":8416,"href":"https:\/\/fa86.noblogs.org\/index.php?rest_route=\/wp\/v2\/posts\/8414\/revisions\/8416"}],"wp:attachment":[{"href":"https:\/\/fa86.noblogs.org\/index.php?rest_route=%2Fwp%2Fv2%2Fmedia&parent=8414"}],"wp:term":[{"taxonomy":"category","embeddable":true,"href":"https:\/\/fa86.noblogs.org\/index.php?rest_route=%2Fwp%2Fv2%2Fcategories&post=8414"},{"taxonomy":"post_tag","embeddable":true,"href":"https:\/\/fa86.noblogs.org\/index.php?rest_route=%2Fwp%2Fv2%2Ftags&post=8414"}],"curies":[{"name":"wp","href":"https:\/\/api.w.org\/{rel}","templated":true}]}}