{"id":8421,"date":"2013-03-22T09:28:32","date_gmt":"2013-03-22T08:28:32","guid":{"rendered":"http:\/\/fa86.noblogs.org\/?p=8421"},"modified":"2013-03-22T09:34:27","modified_gmt":"2013-03-22T08:34:27","slug":"86-la-lutte-contre-les-suppressions-de-classes-continue","status":"publish","type":"post","link":"https:\/\/fa86.noblogs.org\/?p=8421","title":{"rendered":"[86] La lutte contre les suppressions de classes continue !"},"content":{"rendered":"<p style=\"text-align: justify\"><em><strong>NdPN<\/strong> : La carte scolaire est tomb\u00e9e, tentant de diviser les parents d&rsquo;\u00e9l\u00e8ves en lutte contre des suppressions de classe ; certain-e-s obtenant gain de cause, d&rsquo;autres non (comme par hasard celles et ceux vivant en zone rurale, \u00e9loign\u00e9-e-s les un-e-s des autres). Mais la lutte continue, avec occupations d&rsquo;\u00e9coles. Qui a dit que les prolos seraient incapables de s&rsquo;organiser et de lutter par eux\/elles-m\u00eames ? Reste \u00e0 f\u00e9d\u00e9rer ces luttes, \u00e0 l&rsquo;\u00e9chelle d\u00e9partementale d&rsquo;abord, et pourquoi pas au-del\u00e0 !<\/em><\/p>\n<figure id=\"attachment_8424\" aria-describedby=\"caption-attachment-8424\" style=\"width: 435px\" class=\"wp-caption alignnone\"><a href=\"https:\/\/fa86.noblogs.org\/files\/2013\/03\/sardines.jpg\"><img loading=\"lazy\" decoding=\"async\" class=\"size-full wp-image-8424\" alt=\"L'\u00e9cole, mod\u00e8le d'int\u00e9gration rationnelle des individu-e-s dans le moule r\u00e9publicain\" src=\"https:\/\/fa86.noblogs.org\/files\/2013\/03\/sardines.jpg\" width=\"435\" height=\"289\" srcset=\"https:\/\/fa86.noblogs.org\/files\/2013\/03\/sardines.jpg 435w, https:\/\/fa86.noblogs.org\/files\/2013\/03\/sardines-300x199.jpg 300w\" sizes=\"auto, (max-width: 435px) 100vw, 435px\" \/><\/a><figcaption id=\"caption-attachment-8424\" class=\"wp-caption-text\">L&rsquo;\u00e9cole, mod\u00e8le d&rsquo;int\u00e9gration rationnelle des individu-e-s dans le moule r\u00e9publicain<\/figcaption><\/figure>\n<p style=\"text-align: justify\"><a href=\"http:\/\/www.lanouvellerepublique.fr\/Vienne\/Actualite\/Education\/n\/Contenus\/Articles\/2013\/03\/22\/Lussac-en-colere-veut-sauver-sa-classe-1380836\" target=\"_blank\"><strong>Lussac en col\u00e8re veut sauver sa classe<\/strong><\/a><\/p>\n<p style=\"text-align: justify\">La col\u00e8re des parents d&rsquo;\u00e9l\u00e8ves de l&rsquo;\u00e9cole \u00e9l\u00e9mentaire ne retombe pas apr\u00e8s l&rsquo;annonce de la fermeture d&rsquo;une classe \u00e0 la rentr\u00e9e prochaine et le passage \u00e0 quatre classes au lieu de cinq actuellement. Elles compteraient chacune 25 enfants.<\/p>\n<p style=\"text-align: justify\">Jeudi matin, une op\u00e9ration<i> <\/i>\u00ab occupation de l&rsquo;\u00e9cole \u00bb a \u00e9t\u00e9 men\u00e9e par de nombreux parents, qui se sont relay\u00e9s dans l&rsquo;\u00e9tablissement tout au long de la journ\u00e9e. Cette premi\u00e8re journ\u00e9e d&rsquo;action a \u00e9t\u00e9 ponctu\u00e9e d&rsquo;une rencontre au rectorat, o\u00f9 l&rsquo;APE a tent\u00e9 de rappeler qu&rsquo;il ne manque que 9 inscriptions d&rsquo;ici la rentr\u00e9e pour que l&rsquo;effectif permette le maintien des 5 classes. La mobilisation sera sans doute encore plus importante ce vendredi, avec une manifestation qui partira \u00e0 17\u2009h de l&rsquo;\u00e9cole, et \u00e0 laquelle devraient se joindre des \u00e9lus et des repr\u00e9sentants d&rsquo;autres \u00e9coles menac\u00e9es. L&rsquo;action la plus marquante sera sans doute la journ\u00e9e \u00ab \u00e9cole morte \u00bb du lundi 25. Il est demand\u00e9 aux parents de ne pas envoyer leurs enfants \u00e0 l&rsquo;\u00e9cole \u00e9l\u00e9mentaire (la maternelle n&rsquo;est pas concern\u00e9e) ce jour-l\u00e0, dans la mesure du possible, tandis que les parents (amis, familles) sont invit\u00e9s \u00e0 occuper les lieux. L&rsquo;APE appelle les parents \u00e0 soutenir ces actions, <i>\u00ab pour garantir la qualit\u00e9 de l&rsquo;enseignement et le bien-\u00eatre des enfants \u00bb<\/i>. Hier, les parents \u00e9taient dans l&rsquo;ensemble favorables au mouvement. Beaucoup ont encore sur le c\u0153ur la fermeture d&rsquo;une classe \u00e0 l&rsquo;\u00e9cole maternelle Jean-Rostand \u00e0 la derni\u00e8re rentr\u00e9e de septembre.<\/p>\n<p style=\"text-align: justify\"><em>Corr. Marie-H\u00e9l\u00e8ne Vinchon, Nouvelle R\u00e9publique, 22 mars 2013<\/em><\/p>\n<p style=\"text-align: justify\"><a href=\"http:\/\/www.lanouvellerepublique.fr\/Vienne\/Actualite\/Education\/n\/Contenus\/Articles\/2013\/03\/22\/Ils-se-disent-les-oublies-de-la-carte-scolaire-2013-1380998\" target=\"_blank\"><strong>Ils se disent les oubli\u00e9s de la carte scolaire 2013<\/strong><\/a><\/p>\n<p id=\"articleChapo\" style=\"text-align: justify\">Le RPI Jardres-Pouill\u00e9-Terc\u00e9 et l\u2019\u00e9cole de La Puye sont m\u00e9contents\u2009: la classe suppl\u00e9mentaire r\u00e9clam\u00e9e pour la rentr\u00e9e n\u2019est inscrite dans la carte scolaire.<a href=\"http:\/\/memorix.sdv.fr\/5c\/www.lanouvellerepublique.fr\/actualite\/education_articles\/86\/chauvigny\/86070\/604359927\/Position1\/default\/empty.gif\/5575556e5556464d436e304143565771\" target=\"_blank\"><img loading=\"lazy\" decoding=\"async\" alt=\"\" src=\"http:\/\/memorix.sdv.fr\/0\/default\/empty.gif\" width=\"1\" height=\"1\" border=\"0\" \/><\/a><\/p>\n<div id=\"text\" style=\"text-align: justify\">\n<p><i>Jardres-Pouill\u00e9-Terc\u00e9<\/i><\/p>\n<p>Les parents d&rsquo;\u00e9l\u00e8ves d\u00e9l\u00e9gu\u00e9s du Regroupement p\u00e9dagogique intercommunal de Jardres-Pouill\u00e9-Terc\u00e9 sont <i>\u00ab en col\u00e8re. Alors que l&rsquo;ouverture d&rsquo;une 13<sup>e<\/sup> classe \u00e9tait pr\u00e9vue sur le regroupement, <\/i>avancent-ils,<i> une d\u00e9cision inconnue de derni\u00e8re minute a annul\u00e9 cette ouverture. Pourtant, 327 enfants sont pr\u00e9vus, pour le moment, pour la rentr\u00e9e prochaine, soit d\u00e9j\u00e0 plus de 27 \u00e9l\u00e8ves par classe. Les parents ne comprennent pas ce revirement de situation et sont pr\u00eats \u00e0 se mobiliser pour l&rsquo;avenir de leurs enfants. \u00bb<\/i><\/p>\n<p><b>Pour Terc\u00e9 un v\u00e9ritable casse-t\u00eate<\/b><\/p>\n<p>Ils avancent que <i>\u00ab les \u00e9lus des trois communes soutiennent ce projet \u00bb. <\/i>La municipalit\u00e9 de Terc\u00e9 est particuli\u00e8rement attentive \u00e0 la situation. Dans la mesure o\u00f9 il n&rsquo;y a plus de locaux scolaires disponibles, c&rsquo;est en effet \u00e0 son tour de construire une classe. Depuis lundi, et la publication de la carte scolaire 2013, elle s&rsquo;interroge\u2009: faut-il construire une classe au risque d&rsquo;avoir des locaux inoccup\u00e9s \u00e0 la rentr\u00e9e si l&rsquo;\u00c9ducation nationale refuse co\u00fbte que co\u00fbte ce poste suppl\u00e9mentaire\u2009? Ou bien au contraire repousser \u00e0 plus tard ce projet au risque de manquer de place si l&rsquo;\u00c9ducation nationale fait machine arri\u00e8re \u00e0 la veille de la rentr\u00e9e\u2009? Dans ce contexte, parents et \u00e9lus esp\u00e8rent bien que leur cas sera rectifi\u00e9 au plus vite, au plus tard \u00e0 l&rsquo;occasion du prochain Conseil d\u00e9partemental de l&rsquo;\u00c9ducation nationale, pr\u00e9vu le 11 avril.<\/p>\n<p><i>La Puye<\/i><\/p>\n<p>Les parents d&rsquo;\u00e9l\u00e8ves de la Puye ont d\u00e9cid\u00e9 d&rsquo;occuper l&rsquo;\u00e9cole \u00e0 compter de ce vendredi matin. Ils r\u00e9clament l&rsquo;ouverture d&rsquo;une troisi\u00e8me classe \u00e0 la rentr\u00e9e prochaine. <i>\u00ab Il y a 50 enfants inscrits pour 2013-2014<\/i>, soulignent-ils. <i>Si on reste \u00e0 deux classes, on ne pourrait pas faire autrement que d&rsquo;avoir une classe \u00e0 21 ou 22 \u00e9l\u00e8ves, et une autre \u00e0 28 ou 29 \u00e9l\u00e8ves, ce qui est beaucoup trop, avec des CP qui seraient forc\u00e9ment dans la classe \u00e0 gros effectif (soit avec les maternelles, soit avec les primaires), ce qui n&rsquo;est pas convenable pour des enfants en phase d&rsquo;apprentissage. \u00bb<\/i> Les parents disent avoir<i> \u00ab \u00e9crit plusieurs courriers depuis d\u00e9cembre pour demander une troisi\u00e8me classe. Lundi dernier, la carte scolaire a \u00e9t\u00e9 d\u00e9voil\u00e9e, et on note que l&rsquo;ouverture n&rsquo;a pas \u00e9t\u00e9 retenue. On a donc d\u00e9cid\u00e9 de se faire entendre. Nous occuperons l&rsquo;\u00e9cole jusqu&rsquo;au 11 avril, date du Conseil d\u00e9partemental de l&rsquo;\u00c9ducation nationale. \u00bb<\/i><\/p>\n<p><i>Contact\u00e9, le rectorat n&rsquo;a pas donn\u00e9 suite \u00e0 notre appel. Son service communication nous pr\u00e9cise simplement que la carte scolaire 2013 n&rsquo;est pas d\u00e9finitivement fig\u00e9e\u2009: \u00ab Nous sommes encore en phase de concertation, les arbitrages n&rsquo;ont pas encore \u00e9t\u00e9 faits. \u00bb<\/i><\/p>\n<p><em>Anthony Floc\u2019h, Nouvelle R\u00e9publique, 22 mars 2013<\/em><\/p>\n<\/div>\n<p style=\"text-align: justify\"><strong><a href=\"\/Vienne\/Services\/Toutes-les-DMAs\/n\/Contenus\/DMAs\/2013\/03\/21\/Les-parents-d-eleves-bloquent-le-bus-a-Craon-1380272\">86 &#8211;\u00a0 Les parents d&rsquo;\u00e9l\u00e8ves bloquent le bus \u00e0 Craon<\/a><\/strong><\/p>\n<div style=\"text-align: justify\">\n<p>Pour protester contre le projet de fermeture d&rsquo;une classe dans le cadre de la future carte scolaire, les parents d&rsquo;\u00e9l\u00e8ves du RPI Craon-Mazeuil ont bloqu\u00e9 le d\u00e9part du bus scolaire ce matin \u00e0 Craon. L&rsquo;institutrice a d\u00fb en r\u00e9f\u00e9rer \u00e0 l&rsquo;inspection acad\u00e9mique et c&rsquo;est Jacques L\u00e9on qui s&rsquo;est d\u00e9plac\u00e9 pour parler avec les \u00e9lus et repr\u00e9sentants de parents pr\u00e9sents. Une nouvelle r\u00e9union est pr\u00e9vue jeudi prochain. En attendant, la mobilisation continue demain: parents et \u00e9lus se r\u00e9unissent cet apr\u00e8s-midi pour d\u00e9cider de l&rsquo;action de vendredi matin.<\/p>\n<p><em>D\u00e9p\u00eache Nouvelle R\u00e9publique, 21 mars 2013<\/em><\/p>\n<p><strong><a href=\"\/Vienne\/Services\/Toutes-les-DMAs\/n\/Contenus\/DMAs\/2013\/03\/21\/Chatellerault-la-nouvelle-ecole-n-ouvrira-pas-a-la-rentree-1380296\">86 &#8211;\u00a0 Ch\u00e2tellerault : la nouvelle \u00e9cole n&rsquo;ouvrira pas \u00e0 la rentr\u00e9e<\/a><\/strong><\/p>\n<p>A cause de la d\u00e9fection d&rsquo;une des entreprises charg\u00e9es de la construction, qui a \u00e9t\u00e9 plac\u00e9e en liquidation judiciaire et du retard que va prendre le chantier, le nouveau groupe scolaire du centre-ville \u00e0 Ch\u00e2tellerault, install\u00e9 sur le site de l&rsquo;ancien hopital, ne pourra pas ouvrir \u00e0 la prochaine rentr\u00e9e scolaire. La nouvelle date d&rsquo;ouverture de l&rsquo;\u00e9cole, avanc\u00e9e par la mairie, est celle de la Toussaint. Le dossier doit \u00eatre \u00e9voqu\u00e9 ce jeudi soir lors du conseil municipal qui se d\u00e9roule en mairie (19 h).<\/p>\n<p><em>D\u00e9p\u00eache Nouvelle R\u00e9publique, 21 mars 2013<\/em><\/p>\n<\/div>\n","protected":false},"excerpt":{"rendered":"<p>NdPN : La carte scolaire est tomb\u00e9e, tentant de diviser les parents d&rsquo;\u00e9l\u00e8ves en lutte contre des suppressions de classe ; certain-e-s obtenant gain de cause, d&rsquo;autres non (comme par hasard celles et ceux vivant en zone rurale, \u00e9loign\u00e9-e-s les un-e-s des autres). Mais la lutte continue, avec occupations d&rsquo;\u00e9coles. Qui a dit que les &hellip; <a href=\"https:\/\/fa86.noblogs.org\/?p=8421\" class=\"more-link\">Continuer la lecture de <span class=\"screen-reader-text\">[86] La lutte contre les suppressions de classes continue !<\/span> <span class=\"meta-nav\">&rarr;<\/span><\/a><\/p>\n","protected":false},"author":2691,"featured_media":0,"comment_status":"open","ping_status":"open","sticky":false,"template":"","format":"standard","meta":{"footnotes":""},"categories":[17,9,12],"tags":[],"class_list":["post-8421","post","type-post","status-publish","format-standard","hentry","category-education-populaire","category-la-rue-grogne","category-okupa-y-resiste"],"_links":{"self":[{"href":"https:\/\/fa86.noblogs.org\/index.php?rest_route=\/wp\/v2\/posts\/8421","targetHints":{"allow":["GET"]}}],"collection":[{"href":"https:\/\/fa86.noblogs.org\/index.php?rest_route=\/wp\/v2\/posts"}],"about":[{"href":"https:\/\/fa86.noblogs.org\/index.php?rest_route=\/wp\/v2\/types\/post"}],"author":[{"embeddable":true,"href":"https:\/\/fa86.noblogs.org\/index.php?rest_route=\/wp\/v2\/users\/2691"}],"replies":[{"embeddable":true,"href":"https:\/\/fa86.noblogs.org\/index.php?rest_route=%2Fwp%2Fv2%2Fcomments&post=8421"}],"version-history":[{"count":3,"href":"https:\/\/fa86.noblogs.org\/index.php?rest_route=\/wp\/v2\/posts\/8421\/revisions"}],"predecessor-version":[{"id":8423,"href":"https:\/\/fa86.noblogs.org\/index.php?rest_route=\/wp\/v2\/posts\/8421\/revisions\/8423"}],"wp:attachment":[{"href":"https:\/\/fa86.noblogs.org\/index.php?rest_route=%2Fwp%2Fv2%2Fmedia&parent=8421"}],"wp:term":[{"taxonomy":"category","embeddable":true,"href":"https:\/\/fa86.noblogs.org\/index.php?rest_route=%2Fwp%2Fv2%2Fcategories&post=8421"},{"taxonomy":"post_tag","embeddable":true,"href":"https:\/\/fa86.noblogs.org\/index.php?rest_route=%2Fwp%2Fv2%2Ftags&post=8421"}],"curies":[{"name":"wp","href":"https:\/\/api.w.org\/{rel}","templated":true}]}}