{"id":8433,"date":"2013-03-22T10:20:23","date_gmt":"2013-03-22T09:20:23","guid":{"rendered":"http:\/\/fa86.noblogs.org\/?p=8433"},"modified":"2013-03-23T11:26:55","modified_gmt":"2013-03-23T10:26:55","slug":"le-monde-libertaire-n1700-du-21-au-27-mars-2013","status":"publish","type":"post","link":"https:\/\/fa86.noblogs.org\/?p=8433","title":{"rendered":"Le Monde Libertaire n\u00b01700 (du 21 au 27 mars 2013)"},"content":{"rendered":"<p style=\"text-align: justify\"><em><strong>NdPN<\/strong> : Le ML hebdo, le journal f\u00e9d\u00e9ral de la F\u00e9d\u00e9ration Anarchiste,\u00a0sort ce jeudi en kiosques. Un exemplaire sera d\u00e9pos\u00e9 au Biblio-Caf\u00e9 (rue de la Cath\u00e9drale \u00e0 Poitiers). Vous pouvez aussi vous le procurer aupr\u00e8s de nous, \u00e0 prix libre. Trois articles d&rsquo;ores et d\u00e9j\u00e0 consultables sur le site du Monde Libertaire (voir les liens dans le sommaire ci-dessous).\u00a0<\/em><em>Bonne lecture de ce ML hebdo n\u00b01700.<\/em><\/p>\n<p style=\"text-align: justify\"><em><strong>Remarque sur le ML hors-s\u00e9rie paru il y a quelque temps, et encore en kiosques :<\/strong> \u00e0 la fin de ce hors-s\u00e9rie avec un excellent dossier sur l&rsquo;\u00e9ducation, a \u00e9t\u00e9 malheureusement publi\u00e9 un certain article de Roger Dadoun. Cet auteur n&rsquo;est pas \u00e0 la FA mais a d\u00e9j\u00e0 \u00e9crit pour le ML. Rappelons \u00e0 cette occasion que les tribunes du ML sont largement ouvertes et que <strong>l&rsquo;expression des articles n&rsquo;engage que leurs auteurs, et certainement pas la FA, organisation f\u00e9d\u00e9raliste dont les individus, liaisons et groupes sont autonomes<\/strong>. Or cet article, qui revient sur l&rsquo;affaire du Sofitel,\u00a0est jug\u00e9 inacceptable par un certain nombre de militant-e-s FA qui se sont indign\u00e9-e-s de cette publication. Le groupe Pavillon Noir (FA 86) est constern\u00e9\u00a0par\u00a0la publication de cet article merdique\u00a0au sein de notre journal f\u00e9d\u00e9ral. <strong>Cet article ne refl\u00e8te en aucun cas une position \u00ab\u00a0masculiniste\u00a0\u00bb de la F\u00e9d\u00e9ration Anarchiste, contrairement \u00e0 ce qu&rsquo;ont pu sugg\u00e9rer les sites Indymedia et Jura Libertaire en publiant une r\u00e9ponse (par ailleurs issue de quelqu&rsquo;un de la FA).<\/strong> A notre sens, l&rsquo;article consternant de R. Dadoun banalise\u00a0l&rsquo;affaire DSK en l&rsquo;\u00e9voquant sous l&rsquo;\u00e9trange d\u00e9nomination d&rsquo;un \u00ab\u00a0hyst\u00e8re\u00a0\u00bb (??). Dadoun tend manifestement \u00e0 d\u00e9responsabiliser DSK, celui qui a vers\u00e9 de la thune \u00e0 N. Diallo\u00a0\u00a0pour que la \u00ab\u00a0justice\u00a0\u00bb am\u00e9ricaine arr\u00eate les poursuites \u00e0 l&rsquo;encontre de ce triste sire pour <strong>VIOL<\/strong>. Le comit\u00e9 de r\u00e9daction du ML hors-s\u00e9rie, qui\u00a0reconna\u00eet avoir\u00a0publi\u00e9 \u00e0 la va-vite cet article (plein d&rsquo;un incompr\u00e9hensible jargon masquant des positions \u00e0 notre sens inacceptables),\u00a0regrette d&rsquo;ores et d\u00e9j\u00e0 sa publication. Il nous a annonc\u00e9 la publication d&rsquo;un encart \u00e0 ce sujet, dans le prochain ML hors-s\u00e9rie. Un article de r\u00e9ponse y sera sans doute aussi publi\u00e9.<\/em><\/p>\n<p style=\"text-align: justify\"><strong>Le Monde Libertaire n\u00b01700 (du 21 au 27 mars 2013)<\/strong><\/p>\n<p style=\"text-align: justify\"><a href=\"https:\/\/fa86.noblogs.org\/files\/2013\/03\/ml-1700.jpg\"><img loading=\"lazy\" decoding=\"async\" class=\"alignnone size-full wp-image-8434\" alt=\"ml 1700\" src=\"https:\/\/fa86.noblogs.org\/files\/2013\/03\/ml-1700.jpg\" width=\"400\" height=\"556\" srcset=\"https:\/\/fa86.noblogs.org\/files\/2013\/03\/ml-1700.jpg 400w, https:\/\/fa86.noblogs.org\/files\/2013\/03\/ml-1700-215x300.jpg 215w\" sizes=\"auto, (max-width: 400px) 100vw, 400px\" \/><\/a><\/p>\n<p style=\"text-align: justify\"><em>\u00abLa loi, dans un grand souci d\u2019\u00e9galit\u00e9, interdit aux riches comme aux pauvres de coucher sous les ponts, de mendier dans les rues et de voler du pain.\u00bb &#8211; Anatole France<\/em><\/p>\n<p style=\"text-align: justify\"><strong>Sommaire du Monde Libertaire n\u00b01700<\/strong><\/p>\n<p style=\"text-align: justify\"><strong>Actualit\u00e9<\/strong><\/p>\n<p style=\"text-align: justify\"><a href=\"http:\/\/www.monde-libertaire.fr\/international\/16276-indigestion-dausterite-chez-les-iberes\" target=\"_blank\">Les Ib\u00e8res en col\u00e8re, par R. Pino, page 3<\/a><\/p>\n<p style=\"text-align: justify\">Un Afghanistan malien, par P. Sommermeyer, page 5<\/p>\n<p style=\"text-align: justify\">Mauvais temps syndical, par J.-P. Germain, page 6<\/p>\n<p style=\"text-align: justify\">Les m\u00e9dias nous enfument, par E. Vanhecke, page 7<\/p>\n<p style=\"text-align: justify\">La Chronique n\u00e9phr\u00e9tique de Rodkol, page 8<\/p>\n<p style=\"text-align: justify\"><a href=\"http:\/\/www.monde-libertaire.fr\/syndicalisme\/16277-ambiance-a-psa-des-nouvelles-fraiches\" target=\"_blank\">Nouvelles rugueuses de PSA, par S. Larios, page 9<\/a><\/p>\n<p style=\"text-align: justify\"><strong>Arguments<\/strong><\/p>\n<p style=\"text-align: justify\">\u00c9loge de la production, par J. Langlois, page 11<\/p>\n<p style=\"text-align: justify\"><a href=\"http:\/\/www.monde-libertaire.fr\/atheisme\/16278-des-mutilations-religieuses\" target=\"_blank\">L\u00e2chez-nous clitos et pr\u00e9puces ! par Michel, page 14<\/a><\/p>\n<p style=\"text-align: justify\">S\u00e9curit\u00e9 militaire, par N. Potkine, page 15<\/p>\n<p style=\"text-align: justify\"><strong>International<\/strong><\/p>\n<p style=\"text-align: justify\">Artistes rebelles \u00e0 Cuba, par M. Salinas, page 16<\/p>\n<p style=\"text-align: justify\"><strong>Expressions<\/strong><\/p>\n<p style=\"text-align: justify\">\u00c9volutions darwiniennes, par S. Moulis, page 19<\/p>\n<p style=\"text-align: justify\">Un sage chinois et libertaire, par C. Margat, page 20<\/p>\n<p style=\"text-align: justify\">Une revue est n\u00e9e, par Pathote, page 20<\/p>\n<p style=\"text-align: justify\"><strong>Mouvement<\/strong><\/p>\n<p style=\"text-align: justify\">Luttes des femmes, page 21<\/p>\n<p style=\"text-align: justify\">Vie du mouvement, radio, page 22<\/p>\n<p style=\"text-align: justify\">L\u2019agenda des anars, page 23<\/p>\n<p style=\"text-align: justify\"><strong>Illustrations<\/strong><\/p>\n<p style=\"text-align: justify\">Aurelio, Kalem, Krokaga, Lardon, La Sala, Nemo, Scho\u00ebva\u00ebrt, Slo<\/p>\n<p style=\"text-align: justify\"><strong>Editorial<\/strong><\/p>\n<p style=\"text-align: justify\">Dans un dr\u00f4le de bouquin, <em>Le Nouveau Vieux Monde<\/em>, Perry Anderson se penche sur cet OVNI politique qu\u2019est l\u2019Union europ\u00e9enne (UE). Souhait\u00e9e f\u00e9d\u00e9rale par Jean Monnet mais voulue Europe des nations par de Gaulle, elle n\u2019est ni l\u2019un ni l\u2019autre : charg\u00e9e de \u00ab d\u00e9tr\u00f4ner la politique et la mettre hors de port\u00e9e \u00e9lectorale \u00bb, elle constitue un v\u00e9ritable \u00ab d\u00e9ni de d\u00e9mocratie \u00bb ; le pouvoir l\u00e9gislatif s\u2019y trouve concentr\u00e9 \u00ab dans des organismes non \u00e9lus mais poss\u00e9dant le pouvoir ex\u00e9cutif (La Commission et le Conseil) et le pouvoir judiciaire (la Cour du Luxembourg) \u00bb. Ce \u00ab droit communautaire foisonnant \u00bb et opaque est tenu \u00e9loign\u00e9 des peuples afin de r\u00e9duire \u00e0 n\u00e9ant les pouvoirs de d\u00e9cision des assembl\u00e9es nationales \u00e9lues. De m\u00eame, la Cour de justice depuis 2007 s\u2019emploie \u00e0 rendre presque impossible aux syndicats de barrer la route aux app\u00e9tits surr\u00e9alistes des march\u00e9s. Pour Anderson, en d\u00e9mocratie, la d\u00e9cision du peuple est \u00ab le point central du pouvoir politique \u00bb, mais \u00ab rien de tel dans l\u2019UE \u00bb. Les consultations populaires sont bafou\u00e9es, comme le r\u00e9f\u00e9rendum de 2005 en France sur le trait\u00e9 europ\u00e9en. L\u2019UE c\u2019est \u00ab une libert\u00e9 \u00e9conomique illimit\u00e9e pour les classes dirigeantes et un recul \u00e9norme des droits des travailleurs et de la d\u00e9mocratie \u00bb.<br \/>\nGeoffroy Geuens, l\u2019auteur de <em>La Finance imaginaire<\/em> se montre aussi s\u00e9v\u00e8re. Pour lui, au sein des gouvernements nationaux, de la Commission europ\u00e9enne et de la Banque mondiale, les dirigeants ne sont pas influenc\u00e9s par des lobbies, mais bien directement issus ou intimement li\u00e9s au monde des affaires. Geoffroy se gausse des titatas des belles \u00e2mes qui vont r\u00e9p\u00e9tant qu\u2019\u00ab au d\u00e9part, l\u2019Europe \u00e9tait un beau projet, et qu\u2019il a \u00e9t\u00e9 perverti \u00bb. En fait, \u00ab les financiers sont au c\u0153ur m\u00eame du projet de l\u2019Europe \u00bb et de sa r\u00e9alisation, \u00ab le ver est dans le fruit \u00bb. \u00c0 preuve les carri\u00e8res des diverses grosses t\u00eates europ\u00e9ennes tel Jean Monnet, marchand d\u2019alcool puis proche des banques et du groupe Lazare. (Sources : revue <em>Agone<\/em> n\u00b050 et <em>Fakir<\/em>).<br \/>\nCorruption et pouvoirs occultes, c\u2019est la t\u00eate de l\u2019UE qui sent la mort. Tout comme les gouvernants des \u00c9tats, qu\u2019elle se propose de r\u00e9unir, qui sont eux aussi les jouets des classes poss\u00e9dantes, m\u00eame quand la pr\u00e9tendue \u00ab gauche \u00bb est au pouvoir. Quantification de la nature et des hommes, apologie du fric et de la lutte de tous contre tous, viol du Droit du travail, ringardisation du syndicalisme, du collectif et du solidaire, instauration g\u00e9n\u00e9ralis\u00e9e d\u2019\u00ab aust\u00e9rit\u00e9s \u00bb sadiques et contre-productives, telles sont les nouvelles valeurs de ce gang des riches. D\u00e8s lors quoi d\u2019\u00e9tonnant \u00e0 ce que les pousse-m\u00e9gots milliardaires de la malbouffe industrielle garnissent sans vergogne les raviolis-\u00e0-pauvres avec les balayures des ateliers de boucherie.<\/p>\n","protected":false},"excerpt":{"rendered":"<p>NdPN : Le ML hebdo, le journal f\u00e9d\u00e9ral de la F\u00e9d\u00e9ration Anarchiste,\u00a0sort ce jeudi en kiosques. Un exemplaire sera d\u00e9pos\u00e9 au Biblio-Caf\u00e9 (rue de la Cath\u00e9drale \u00e0 Poitiers). Vous pouvez aussi vous le procurer aupr\u00e8s de nous, \u00e0 prix libre. Trois articles d&rsquo;ores et d\u00e9j\u00e0 consultables sur le site du Monde Libertaire (voir les liens &hellip; <a href=\"https:\/\/fa86.noblogs.org\/?p=8433\" class=\"more-link\">Continuer la lecture de <span class=\"screen-reader-text\">Le Monde Libertaire n\u00b01700 (du 21 au 27 mars 2013)<\/span> <span class=\"meta-nav\">&rarr;<\/span><\/a><\/p>\n","protected":false},"author":2691,"featured_media":0,"comment_status":"open","ping_status":"open","sticky":false,"template":"","format":"standard","meta":{"footnotes":""},"categories":[17,4],"tags":[],"class_list":["post-8433","post","type-post","status-publish","format-standard","hentry","category-education-populaire","category-se-trouver"],"_links":{"self":[{"href":"https:\/\/fa86.noblogs.org\/index.php?rest_route=\/wp\/v2\/posts\/8433","targetHints":{"allow":["GET"]}}],"collection":[{"href":"https:\/\/fa86.noblogs.org\/index.php?rest_route=\/wp\/v2\/posts"}],"about":[{"href":"https:\/\/fa86.noblogs.org\/index.php?rest_route=\/wp\/v2\/types\/post"}],"author":[{"embeddable":true,"href":"https:\/\/fa86.noblogs.org\/index.php?rest_route=\/wp\/v2\/users\/2691"}],"replies":[{"embeddable":true,"href":"https:\/\/fa86.noblogs.org\/index.php?rest_route=%2Fwp%2Fv2%2Fcomments&post=8433"}],"version-history":[{"count":7,"href":"https:\/\/fa86.noblogs.org\/index.php?rest_route=\/wp\/v2\/posts\/8433\/revisions"}],"predecessor-version":[{"id":8436,"href":"https:\/\/fa86.noblogs.org\/index.php?rest_route=\/wp\/v2\/posts\/8433\/revisions\/8436"}],"wp:attachment":[{"href":"https:\/\/fa86.noblogs.org\/index.php?rest_route=%2Fwp%2Fv2%2Fmedia&parent=8433"}],"wp:term":[{"taxonomy":"category","embeddable":true,"href":"https:\/\/fa86.noblogs.org\/index.php?rest_route=%2Fwp%2Fv2%2Fcategories&post=8433"},{"taxonomy":"post_tag","embeddable":true,"href":"https:\/\/fa86.noblogs.org\/index.php?rest_route=%2Fwp%2Fv2%2Ftags&post=8433"}],"curies":[{"name":"wp","href":"https:\/\/api.w.org\/{rel}","templated":true}]}}