{"id":8461,"date":"2013-03-23T15:00:00","date_gmt":"2013-03-23T14:00:00","guid":{"rendered":"http:\/\/fa86.noblogs.org\/?p=8461"},"modified":"2013-03-23T15:00:00","modified_gmt":"2013-03-23T14:00:00","slug":"fleure-86-le-maire-de-fleure-meurt-ecrase-par-une-machine","status":"publish","type":"post","link":"https:\/\/fa86.noblogs.org\/?p=8461","title":{"rendered":"[Fleur\u00e9 &#8211; 86] Le maire de Fleur\u00e9 meurt \u00e9cras\u00e9 par une machine"},"content":{"rendered":"<p style=\"text-align: justify\"><strong><a href=\"\/Vienne\/Services\/Toutes-les-DMAs\/n\/Contenus\/DMAs\/2013\/03\/23\/Nieuil-L-Espoir-le-maire-de-Fleure-meurt-sur-un-chantier-1383174\">86 &#8211;\u00a0 Nieuil L&rsquo;Espoir : le maire de Fleur\u00e9 meurt sur un chantier<\/a><\/strong><\/p>\n<p>Il \u00e9tait 18h 25, hier, quand les pompiers ont \u00e9t\u00e9 alert\u00e9s pour un accident du travail survenu Chemin des Bouaudes. Un homme venait d&rsquo;\u00eatre \u00e9cras\u00e9 par un engin de chantier qu&rsquo;il remontait sur un camion. L&rsquo;engin a bascul\u00e9. Il \u00e9tait manoeuvr\u00e9 par le maire de Fleur\u00e9, Jean-Paul S\u00e9n\u00e9chault, patron d&rsquo;une entreprise de travaux publics.<\/p>\n<p><em>D\u00e9p\u00eache Nouvelle R\u00e9publique, 23 mars 2013<\/em><\/p>\n","protected":false},"excerpt":{"rendered":"<p>86 &#8211;\u00a0 Nieuil L&rsquo;Espoir : le maire de Fleur\u00e9 meurt sur un chantier Il \u00e9tait 18h 25, hier, quand les pompiers ont \u00e9t\u00e9 alert\u00e9s pour un accident du travail survenu Chemin des Bouaudes. Un homme venait d&rsquo;\u00eatre \u00e9cras\u00e9 par un engin de chantier qu&rsquo;il remontait sur un camion. L&rsquo;engin a bascul\u00e9. Il \u00e9tait manoeuvr\u00e9 par &hellip; <a href=\"https:\/\/fa86.noblogs.org\/?p=8461\" class=\"more-link\">Continuer la lecture de <span class=\"screen-reader-text\">[Fleur\u00e9 &#8211; 86] Le maire de Fleur\u00e9 meurt \u00e9cras\u00e9 par une machine<\/span> <span class=\"meta-nav\">&rarr;<\/span><\/a><\/p>\n","protected":false},"author":2691,"featured_media":0,"comment_status":"open","ping_status":"open","sticky":false,"template":"","format":"standard","meta":{"footnotes":""},"categories":[22],"tags":[],"class_list":["post-8461","post","type-post","status-publish","format-standard","hentry","category-le-travail-tue"],"_links":{"self":[{"href":"https:\/\/fa86.noblogs.org\/index.php?rest_route=\/wp\/v2\/posts\/8461","targetHints":{"allow":["GET"]}}],"collection":[{"href":"https:\/\/fa86.noblogs.org\/index.php?rest_route=\/wp\/v2\/posts"}],"about":[{"href":"https:\/\/fa86.noblogs.org\/index.php?rest_route=\/wp\/v2\/types\/post"}],"author":[{"embeddable":true,"href":"https:\/\/fa86.noblogs.org\/index.php?rest_route=\/wp\/v2\/users\/2691"}],"replies":[{"embeddable":true,"href":"https:\/\/fa86.noblogs.org\/index.php?rest_route=%2Fwp%2Fv2%2Fcomments&post=8461"}],"version-history":[{"count":2,"href":"https:\/\/fa86.noblogs.org\/index.php?rest_route=\/wp\/v2\/posts\/8461\/revisions"}],"predecessor-version":[{"id":8463,"href":"https:\/\/fa86.noblogs.org\/index.php?rest_route=\/wp\/v2\/posts\/8461\/revisions\/8463"}],"wp:attachment":[{"href":"https:\/\/fa86.noblogs.org\/index.php?rest_route=%2Fwp%2Fv2%2Fmedia&parent=8461"}],"wp:term":[{"taxonomy":"category","embeddable":true,"href":"https:\/\/fa86.noblogs.org\/index.php?rest_route=%2Fwp%2Fv2%2Fcategories&post=8461"},{"taxonomy":"post_tag","embeddable":true,"href":"https:\/\/fa86.noblogs.org\/index.php?rest_route=%2Fwp%2Fv2%2Ftags&post=8461"}],"curies":[{"name":"wp","href":"https:\/\/api.w.org\/{rel}","templated":true}]}}