{"id":8465,"date":"2013-03-25T09:56:23","date_gmt":"2013-03-25T08:56:23","guid":{"rendered":"http:\/\/fa86.noblogs.org\/?p=8465"},"modified":"2013-03-25T09:56:23","modified_gmt":"2013-03-25T08:56:23","slug":"loudun-rythmes-scolaires-un-comite-cree","status":"publish","type":"post","link":"https:\/\/fa86.noblogs.org\/?p=8465","title":{"rendered":"[Loudun] Rythmes scolaires : un comit\u00e9 cr\u00e9\u00e9"},"content":{"rendered":"<p style=\"text-align: justify\"><a href=\"http:\/\/www.lanouvellerepublique.fr\/Vienne\/Actualite\/Education\/n\/Contenus\/Articles\/2013\/03\/25\/Rythmes-scolaires-un-comite-cree-1384981\" target=\"_blank\"><strong>Rythmes scolaires : un comit\u00e9 cr\u00e9\u00e9<\/strong><\/a><\/p>\n<p style=\"text-align: justify\">Les parents d&rsquo;\u00e9l\u00e8ves, le corps enseignant et les \u00e9lus se r\u00e9unissaient vendredi pour se f\u00e9liciter du maintien de la classe \u00e0 l&rsquo;\u00e9cole du Martray. <i>\u00ab Il faut d\u00e9fendre l&rsquo;\u00e9cole sur la qualit\u00e9 de vie et non sur le nombre. Les moyens mis en place, ici, sont bien utilis\u00e9s puisque les r\u00e9sultats d&rsquo;\u00e9valuation sont dans la moyenne nationale. De plus les effectifs \u00e0 venir sont stables \u00bb,<\/i> souligne la directrice Annick Dignac.<\/p>\n<p style=\"text-align: justify\"><i>\u00ab Nous sommes heureux que l&rsquo;acad\u00e9mie ait pris en compte les besoins et les probl\u00e8mes sp\u00e9cifiques de cette \u00e9cole. Mais nous nous associons au combat que continue \u00e0 mener les RPI de Mouterre-Silly, de Craon et Saint-Jean-de-Sauves, pour qui, la distribution semble in\u00e9gale puisque cette derni\u00e8re a le double de population par rapport \u00e0 Monts-sur-Guesnes \u00bb,<\/i> constate le maire Elefth\u00e9rios Benas. Il a par ailleurs confirm\u00e9 que la r\u00e9forme des rythmes scolaires se ferait \u00e0 la rentr\u00e9e 2014: <i>\u00ab Nous allons cr\u00e9er un comit\u00e9 de pilotage avec pour chaque \u00e9tablissement\u2009: le directeur, un repr\u00e9sentant des enseignants, des parents d&rsquo;\u00e9l\u00e8ves, des ATSEM, du conseil g\u00e9n\u00e9ral, de la CCPL, des transports V\u00e9olia, de l&rsquo;acad\u00e9mie, des d\u00e9l\u00e9gu\u00e9s d\u00e9partementaux de l&rsquo;\u00c9ducation nationale ainsi que les services de la mairie et moi-m\u00eame, puis plus tard nous ferons aussi appel aux associations afin de trouver des solutions gr\u00e2ce \u00e0 la concertation mise en place. \u00bb<\/i><\/p>\n<p style=\"text-align: justify\"><em>Nouvelle R\u00e9publique, 25 mars 2013<\/em><\/p>\n","protected":false},"excerpt":{"rendered":"<p>Rythmes scolaires : un comit\u00e9 cr\u00e9\u00e9 Les parents d&rsquo;\u00e9l\u00e8ves, le corps enseignant et les \u00e9lus se r\u00e9unissaient vendredi pour se f\u00e9liciter du maintien de la classe \u00e0 l&rsquo;\u00e9cole du Martray. \u00ab Il faut d\u00e9fendre l&rsquo;\u00e9cole sur la qualit\u00e9 de vie et non sur le nombre. Les moyens mis en place, ici, sont bien utilis\u00e9s puisque &hellip; <a href=\"https:\/\/fa86.noblogs.org\/?p=8465\" class=\"more-link\">Continuer la lecture de <span class=\"screen-reader-text\">[Loudun] Rythmes scolaires : un comit\u00e9 cr\u00e9\u00e9<\/span> <span class=\"meta-nav\">&rarr;<\/span><\/a><\/p>\n","protected":false},"author":2691,"featured_media":0,"comment_status":"open","ping_status":"open","sticky":false,"template":"","format":"standard","meta":{"footnotes":""},"categories":[17],"tags":[],"class_list":["post-8465","post","type-post","status-publish","format-standard","hentry","category-education-populaire"],"_links":{"self":[{"href":"https:\/\/fa86.noblogs.org\/index.php?rest_route=\/wp\/v2\/posts\/8465","targetHints":{"allow":["GET"]}}],"collection":[{"href":"https:\/\/fa86.noblogs.org\/index.php?rest_route=\/wp\/v2\/posts"}],"about":[{"href":"https:\/\/fa86.noblogs.org\/index.php?rest_route=\/wp\/v2\/types\/post"}],"author":[{"embeddable":true,"href":"https:\/\/fa86.noblogs.org\/index.php?rest_route=\/wp\/v2\/users\/2691"}],"replies":[{"embeddable":true,"href":"https:\/\/fa86.noblogs.org\/index.php?rest_route=%2Fwp%2Fv2%2Fcomments&post=8465"}],"version-history":[{"count":1,"href":"https:\/\/fa86.noblogs.org\/index.php?rest_route=\/wp\/v2\/posts\/8465\/revisions"}],"predecessor-version":[{"id":8466,"href":"https:\/\/fa86.noblogs.org\/index.php?rest_route=\/wp\/v2\/posts\/8465\/revisions\/8466"}],"wp:attachment":[{"href":"https:\/\/fa86.noblogs.org\/index.php?rest_route=%2Fwp%2Fv2%2Fmedia&parent=8465"}],"wp:term":[{"taxonomy":"category","embeddable":true,"href":"https:\/\/fa86.noblogs.org\/index.php?rest_route=%2Fwp%2Fv2%2Fcategories&post=8465"},{"taxonomy":"post_tag","embeddable":true,"href":"https:\/\/fa86.noblogs.org\/index.php?rest_route=%2Fwp%2Fv2%2Ftags&post=8465"}],"curies":[{"name":"wp","href":"https:\/\/api.w.org\/{rel}","templated":true}]}}