{"id":8514,"date":"2013-03-30T00:15:03","date_gmt":"2013-03-29T23:15:03","guid":{"rendered":"http:\/\/fa86.noblogs.org\/?p=8514"},"modified":"2013-03-30T00:15:03","modified_gmt":"2013-03-29T23:15:03","slug":"poitiers-confdebat-la-situation-des-etudiant-e-s-etranger-e-s-en-2013","status":"publish","type":"post","link":"https:\/\/fa86.noblogs.org\/?p=8514","title":{"rendered":"[Poitiers] Conf\/d\u00e9bat : la situation des \u00e9tudiant-e-s \u00e9tranger-e-s en 2013"},"content":{"rendered":"<p style=\"text-align: justify\"><a href=\"http:\/\/antenneuniversitaire.wordpress.com\/2013\/03\/29\/confdebat-la-situation-des-etudiant-e-s-etranger-e-s-en-2013\/\" target=\"_blank\"><strong>[Conf\/d\u00e9bat] La situation des \u00e9tudiant-e-s \u00e9tranger-e-s en 2013<\/strong><\/a><\/p>\n<p style=\"text-align: justify\"><img loading=\"lazy\" decoding=\"async\" class=\"alignnone\" alt=\"\" src=\"http:\/\/antenneuniversitaire.files.wordpress.com\/2013\/03\/conf-web.jpg?w=776&amp;h=1097\" width=\"600\" height=\"849\" \/><\/p>\n<p style=\"text-align: justify\">Les membres de l\u2019antenne universitaire du RESF 86 vous invitent le <strong>jeudi 4 avril 2013 \u00e0 18h<\/strong> \u00e0 une conf\u00e9rence\/d\u00e9bat sur la <strong>situation des \u00e9tudiant-e-s \u00e9tranger-e-s en 2013<\/strong>.<\/p>\n<p style=\"text-align: justify\">Celle-ci se tiendra dans <strong>l\u2019amphi 1 de l\u2019UFR Lettres et Langues<\/strong> sur le campus de Poitiers en pr\u00e9sence de <strong>Jessy Renner<\/strong>, avocate au Barreau de Poitiers, et de <strong>Yves Judde de Larivi\u00e8re<\/strong>, membre du groupe CIMADE de Poitiers. Entr\u00e9e libre.<\/p>\n<p style=\"text-align: justify\"><em>Vu sur RESF 86-Antenne Universitaire, 29 mars 2013<\/em><\/p>\n","protected":false},"excerpt":{"rendered":"<p>[Conf\/d\u00e9bat] La situation des \u00e9tudiant-e-s \u00e9tranger-e-s en 2013 Les membres de l\u2019antenne universitaire du RESF 86 vous invitent le jeudi 4 avril 2013 \u00e0 18h \u00e0 une conf\u00e9rence\/d\u00e9bat sur la situation des \u00e9tudiant-e-s \u00e9tranger-e-s en 2013. Celle-ci se tiendra dans l\u2019amphi 1 de l\u2019UFR Lettres et Langues sur le campus de Poitiers en pr\u00e9sence de &hellip; <a href=\"https:\/\/fa86.noblogs.org\/?p=8514\" class=\"more-link\">Continuer la lecture de <span class=\"screen-reader-text\">[Poitiers] Conf\/d\u00e9bat : la situation des \u00e9tudiant-e-s \u00e9tranger-e-s en 2013<\/span> <span class=\"meta-nav\">&rarr;<\/span><\/a><\/p>\n","protected":false},"author":2691,"featured_media":0,"comment_status":"open","ping_status":"open","sticky":false,"template":"","format":"standard","meta":{"footnotes":""},"categories":[11,16,4],"tags":[],"class_list":["post-8514","post","type-post","status-publish","format-standard","hentry","category-ni-patrie-ni-frontiere","category-repression","category-se-trouver"],"_links":{"self":[{"href":"https:\/\/fa86.noblogs.org\/index.php?rest_route=\/wp\/v2\/posts\/8514","targetHints":{"allow":["GET"]}}],"collection":[{"href":"https:\/\/fa86.noblogs.org\/index.php?rest_route=\/wp\/v2\/posts"}],"about":[{"href":"https:\/\/fa86.noblogs.org\/index.php?rest_route=\/wp\/v2\/types\/post"}],"author":[{"embeddable":true,"href":"https:\/\/fa86.noblogs.org\/index.php?rest_route=\/wp\/v2\/users\/2691"}],"replies":[{"embeddable":true,"href":"https:\/\/fa86.noblogs.org\/index.php?rest_route=%2Fwp%2Fv2%2Fcomments&post=8514"}],"version-history":[{"count":1,"href":"https:\/\/fa86.noblogs.org\/index.php?rest_route=\/wp\/v2\/posts\/8514\/revisions"}],"predecessor-version":[{"id":8515,"href":"https:\/\/fa86.noblogs.org\/index.php?rest_route=\/wp\/v2\/posts\/8514\/revisions\/8515"}],"wp:attachment":[{"href":"https:\/\/fa86.noblogs.org\/index.php?rest_route=%2Fwp%2Fv2%2Fmedia&parent=8514"}],"wp:term":[{"taxonomy":"category","embeddable":true,"href":"https:\/\/fa86.noblogs.org\/index.php?rest_route=%2Fwp%2Fv2%2Fcategories&post=8514"},{"taxonomy":"post_tag","embeddable":true,"href":"https:\/\/fa86.noblogs.org\/index.php?rest_route=%2Fwp%2Fv2%2Ftags&post=8514"}],"curies":[{"name":"wp","href":"https:\/\/api.w.org\/{rel}","templated":true}]}}