{"id":8516,"date":"2013-03-30T00:17:35","date_gmt":"2013-03-29T23:17:35","guid":{"rendered":"http:\/\/fa86.noblogs.org\/?p=8516"},"modified":"2013-04-03T21:53:17","modified_gmt":"2013-04-03T19:53:17","slug":"poitiers-deux-films-projetes-contre-le-nucleaire","status":"publish","type":"post","link":"https:\/\/fa86.noblogs.org\/?p=8516","title":{"rendered":"[Poitiers] Deux films projet\u00e9s contre le nucl\u00e9aire"},"content":{"rendered":"<p style=\"text-align: justify\"><a href=\"http:\/\/grenoble.indymedia.org\/2013-03-29-Poitiers-Deux-films-projetes\" target=\"_blank\"><strong>[Poitiers] Deux films projet\u00e9s contre le nucl\u00e9aire<\/strong><\/a><\/p>\n<p style=\"text-align: justify\"><a href=\"https:\/\/fa86.noblogs.org\/files\/2013\/03\/projo5.jpg\"><img loading=\"lazy\" decoding=\"async\" class=\"alignnone size-full wp-image-8568\" alt=\"projo5\" src=\"https:\/\/fa86.noblogs.org\/files\/2013\/03\/projo5.jpg\" width=\"680\" height=\"962\" srcset=\"https:\/\/fa86.noblogs.org\/files\/2013\/03\/projo5.jpg 680w, https:\/\/fa86.noblogs.org\/files\/2013\/03\/projo5-212x300.jpg 212w\" sizes=\"auto, (max-width: 680px) 100vw, 680px\" \/><\/a><\/p>\n<p style=\"text-align: justify\">Le COllectif Poitevin pour l\u2019Arr\u00eat Imm\u00e9diat du Nucl\u00e9aire vous convie le <strong>samedi 27 avril 2013<\/strong> \u00e0 une projection de deux films sur le nucl\u00e9aire :<\/p>\n<p style=\"text-align: justify\"><img loading=\"lazy\" decoding=\"async\" alt=\"-\" src=\"local\/cache-vignettes\/L8xH11\/puce-32883.gif\" width=\"8\" height=\"11\" \/> \u00e0 14h37 : <strong>R.A.S. Nucl\u00e9aire, rien \u00e0 signaler<\/strong><br \/>\nDocumentaire \u2013 Belgique \/ France \u2013 2009 \u2013 58\u2019<\/p>\n<p style=\"text-align: justify\"><img loading=\"lazy\" decoding=\"async\" alt=\"-\" src=\"local\/cache-vignettes\/L8xH11\/puce-32883.gif\" width=\"8\" height=\"11\" \/> \u00e0 20h02 : <strong>THT, Remballe Ton \u00c9lek !<\/strong><br \/>\nDoc auto-m\u00e9dia \u2013 France \u2013 2012 \u2013 42\u2019<\/p>\n<p style=\"text-align: justify\">Les deux films seront suivis de discussions sur le nucl\u00e9aire et les luttes qui s\u2019y opposent. Entr\u00e9e libre.<\/p>\n<p style=\"text-align: justify\"><em>Vu sur Indymedia Grenoble<\/em><\/p>\n","protected":false},"excerpt":{"rendered":"<p>[Poitiers] Deux films projet\u00e9s contre le nucl\u00e9aire Le COllectif Poitevin pour l\u2019Arr\u00eat Imm\u00e9diat du Nucl\u00e9aire vous convie le samedi 27 avril 2013 \u00e0 une projection de deux films sur le nucl\u00e9aire : \u00e0 14h37 : R.A.S. Nucl\u00e9aire, rien \u00e0 signaler Documentaire \u2013 Belgique \/ France \u2013 2009 \u2013 58\u2019 \u00e0 20h02 : THT, Remballe Ton &hellip; <a href=\"https:\/\/fa86.noblogs.org\/?p=8516\" class=\"more-link\">Continuer la lecture de <span class=\"screen-reader-text\">[Poitiers] Deux films projet\u00e9s contre le nucl\u00e9aire<\/span> <span class=\"meta-nav\">&rarr;<\/span><\/a><\/p>\n","protected":false},"author":2691,"featured_media":0,"comment_status":"open","ping_status":"open","sticky":false,"template":"","format":"standard","meta":{"footnotes":""},"categories":[25,4],"tags":[],"class_list":["post-8516","post","type-post","status-publish","format-standard","hentry","category-antinucleaire","category-se-trouver"],"_links":{"self":[{"href":"https:\/\/fa86.noblogs.org\/index.php?rest_route=\/wp\/v2\/posts\/8516","targetHints":{"allow":["GET"]}}],"collection":[{"href":"https:\/\/fa86.noblogs.org\/index.php?rest_route=\/wp\/v2\/posts"}],"about":[{"href":"https:\/\/fa86.noblogs.org\/index.php?rest_route=\/wp\/v2\/types\/post"}],"author":[{"embeddable":true,"href":"https:\/\/fa86.noblogs.org\/index.php?rest_route=\/wp\/v2\/users\/2691"}],"replies":[{"embeddable":true,"href":"https:\/\/fa86.noblogs.org\/index.php?rest_route=%2Fwp%2Fv2%2Fcomments&post=8516"}],"version-history":[{"count":8,"href":"https:\/\/fa86.noblogs.org\/index.php?rest_route=\/wp\/v2\/posts\/8516\/revisions"}],"predecessor-version":[{"id":8573,"href":"https:\/\/fa86.noblogs.org\/index.php?rest_route=\/wp\/v2\/posts\/8516\/revisions\/8573"}],"wp:attachment":[{"href":"https:\/\/fa86.noblogs.org\/index.php?rest_route=%2Fwp%2Fv2%2Fmedia&parent=8516"}],"wp:term":[{"taxonomy":"category","embeddable":true,"href":"https:\/\/fa86.noblogs.org\/index.php?rest_route=%2Fwp%2Fv2%2Fcategories&post=8516"},{"taxonomy":"post_tag","embeddable":true,"href":"https:\/\/fa86.noblogs.org\/index.php?rest_route=%2Fwp%2Fv2%2Ftags&post=8516"}],"curies":[{"name":"wp","href":"https:\/\/api.w.org\/{rel}","templated":true}]}}