{"id":8522,"date":"2013-03-30T10:11:37","date_gmt":"2013-03-30T09:11:37","guid":{"rendered":"http:\/\/fa86.noblogs.org\/?p=8522"},"modified":"2013-03-30T10:11:37","modified_gmt":"2013-03-30T09:11:37","slug":"chasseneuil-du-poitou-86-metastase-marchande","status":"publish","type":"post","link":"https:\/\/fa86.noblogs.org\/?p=8522","title":{"rendered":"[Chasseneuil-du-Poitou &#8211; 86] M\u00e9tastase marchande"},"content":{"rendered":"<p style=\"text-align: justify\"><a href=\"http:\/\/www.lanouvellerepublique.fr\/Vienne\/Actualite\/Economie-social\/n\/Contenus\/Articles\/2013\/03\/30\/Une-bouffee-d-ogygene-pour-les-Portes-du-Futur-1391499\" target=\"_blank\"><strong>Une bouff\u00e9e d&rsquo;ogyg\u00e8ne pour les Portes du Futur<\/strong><\/a><\/p>\n<p id=\"articleChapo\" style=\"text-align: justify\">L\u2019ouverture d\u2019un ensemble commercial de 15.800 m 2\u00a0 aux Grands Philambins marquera le top d\u00e9part de la r\u00e9novation de la zone de Chasseneuil.<a href=\"http:\/\/memorix.sdv.fr\/5c\/www.lanouvellerepublique.fr\/actualite\/economie-social_articles\/86\/poitiers\/86194\/1957124552\/Position1\/default\/empty.gif\/5575556e55564657716c55414459564a\" target=\"_blank\"><img loading=\"lazy\" decoding=\"async\" alt=\"\" src=\"http:\/\/memorix.sdv.fr\/0\/default\/empty.gif\" width=\"1\" height=\"1\" border=\"0\" \/><\/a><\/p>\n<div id=\"text\" style=\"text-align: justify\">\n<p>En validant le projet de la soci\u00e9t\u00e9 nantaise Sipec, sp\u00e9cialis\u00e9e dans l&rsquo;agencement de centres commerciaux, la Commission d\u00e9partementale d&rsquo;agencement commercial (NR d&rsquo;hier) vient de donner un bol d&rsquo;air \u00e0 la zone commerciale des Portes du Futur, au nord de Poitiers.<\/p>\n<p>Vieillissante, surtout depuis l&rsquo;arriv\u00e9e d&rsquo;Auchan au sud de l&rsquo;agglom\u00e9ration, coinc\u00e9e il a peu par des bouchons m\u00e9morables le samedi (*), ax\u00e9e sur le bricolage et l&rsquo;\u00e9quipement de la maison, elle compte sur une extension pour attirer une nouvelle client\u00e8le.<\/p>\n<p><b>\u00ab\u00a0\u2009Ne pas d\u00e9stabiliser le centre-ville\u2009\u00a0\u00bb<\/b><\/p>\n<p><i>\u00ab Il y a de belles enseignes<\/i>, rel\u00e8ve Jacky Brothier, l&rsquo;agent immobilier en charge de la commercialisation. <i>Il fallait cr\u00e9er des infrastructures. Mais il n&rsquo;y avait pas la place, sauf \u00e0 casser des b\u00e2timents. Le choix a \u00e9t\u00e9 fait d&rsquo;engager une extension. \u00bb<\/i> Il se fait sur le terrain des Grands Philambins, \u00e0 l&rsquo;arri\u00e8re de Boulanger et Cultura en direction de l&rsquo;autoroute A 10. Terrain am\u00e9nag\u00e9 et viabilis\u00e9 par Grand Poitiers. Avec 15.800 m<sup>2<\/sup> (par comparaison, le magasin Leroy Merlin s&rsquo;\u00e9tend sur 12.500 m<sup>2<\/sup>) le projet de la soci\u00e9t\u00e9 Sipec, un promoteur priv\u00e9 qui a d\u00e9j\u00e0 r\u00e9alis\u00e9 l&rsquo;extension du Grand-Large, va utiliser la totalit\u00e9 des surfaces d\u00e9di\u00e9es au commerce ainsi que le pr\u00e9voit le contrat de requalification valid\u00e9 entre Grand Poitiers et l&rsquo;association des commer\u00e7ants des Portes du Futur. Jacky Brothier\u2009: <i>\u00ab J&rsquo;avais pour mission de ne pas implanter d&rsquo;activit\u00e9s qui auraient d\u00e9stabilis\u00e9 le centre-ville. 4.500 m<sup>2<\/sup> seront utilis\u00e9s par deux enseignes\u2009: Electro D\u00e9p\u00f4t, une filiale de Boulanger, sp\u00e9cialis\u00e9e dans la vente \u00e0 emporter, et Gifi. On devrait revoir sur 400 m<sup>2<\/sup> l&rsquo;enseigne Mobalpa, qui avait disparu de l&rsquo;agglom\u00e9ration. A c\u00f4t\u00e9 de l&rsquo;\u00e9quipement de la maison qui restera majoritaire, l&rsquo;\u00e9quipement de la personne repr\u00e9sentera 20\u2009% de la surface globale. \u00bb <\/i>Une animalerie, un magasin de jouet, des jeux ext\u00e9rieurs sont aussi annonc\u00e9s. L&rsquo;ensemble se pr\u00e9sentera sous la forme d&rsquo;un \u00ab retail \u00bb\u2009: un seul b\u00e2timent en forme de U autour d&rsquo;un vaste parking (4.500 m<sup>2<\/sup>). Livraison pr\u00e9vue entre le 15 mai et fin juin 2014. Ouverture des commerces en septembre-octobre 2014.<\/p>\n<p><i>(*) Le conseil g\u00e9n\u00e9ral a engag\u00e9 tout un programme pour faciliter les circulations.<\/i><\/p>\n<p><em>Jean-Jacques Boissonneau, Nouvelle R\u00e9publique, 30 mars 2013<\/em><\/p>\n<\/div>\n","protected":false},"excerpt":{"rendered":"<p>Une bouff\u00e9e d&rsquo;ogyg\u00e8ne pour les Portes du Futur L\u2019ouverture d\u2019un ensemble commercial de 15.800 m 2\u00a0 aux Grands Philambins marquera le top d\u00e9part de la r\u00e9novation de la zone de Chasseneuil. En validant le projet de la soci\u00e9t\u00e9 nantaise Sipec, sp\u00e9cialis\u00e9e dans l&rsquo;agencement de centres commerciaux, la Commission d\u00e9partementale d&rsquo;agencement commercial (NR d&rsquo;hier) vient de &hellip; <a href=\"https:\/\/fa86.noblogs.org\/?p=8522\" class=\"more-link\">Continuer la lecture de <span class=\"screen-reader-text\">[Chasseneuil-du-Poitou &#8211; 86] M\u00e9tastase marchande<\/span> <span class=\"meta-nav\">&rarr;<\/span><\/a><\/p>\n","protected":false},"author":2691,"featured_media":0,"comment_status":"open","ping_status":"open","sticky":false,"template":"","format":"standard","meta":{"footnotes":""},"categories":[7],"tags":[],"class_list":["post-8522","post","type-post","status-publish","format-standard","hentry","category-propagande-marchande"],"_links":{"self":[{"href":"https:\/\/fa86.noblogs.org\/index.php?rest_route=\/wp\/v2\/posts\/8522","targetHints":{"allow":["GET"]}}],"collection":[{"href":"https:\/\/fa86.noblogs.org\/index.php?rest_route=\/wp\/v2\/posts"}],"about":[{"href":"https:\/\/fa86.noblogs.org\/index.php?rest_route=\/wp\/v2\/types\/post"}],"author":[{"embeddable":true,"href":"https:\/\/fa86.noblogs.org\/index.php?rest_route=\/wp\/v2\/users\/2691"}],"replies":[{"embeddable":true,"href":"https:\/\/fa86.noblogs.org\/index.php?rest_route=%2Fwp%2Fv2%2Fcomments&post=8522"}],"version-history":[{"count":2,"href":"https:\/\/fa86.noblogs.org\/index.php?rest_route=\/wp\/v2\/posts\/8522\/revisions"}],"predecessor-version":[{"id":8524,"href":"https:\/\/fa86.noblogs.org\/index.php?rest_route=\/wp\/v2\/posts\/8522\/revisions\/8524"}],"wp:attachment":[{"href":"https:\/\/fa86.noblogs.org\/index.php?rest_route=%2Fwp%2Fv2%2Fmedia&parent=8522"}],"wp:term":[{"taxonomy":"category","embeddable":true,"href":"https:\/\/fa86.noblogs.org\/index.php?rest_route=%2Fwp%2Fv2%2Fcategories&post=8522"},{"taxonomy":"post_tag","embeddable":true,"href":"https:\/\/fa86.noblogs.org\/index.php?rest_route=%2Fwp%2Fv2%2Ftags&post=8522"}],"curies":[{"name":"wp","href":"https:\/\/api.w.org\/{rel}","templated":true}]}}