{"id":8529,"date":"2013-03-30T10:34:18","date_gmt":"2013-03-30T09:34:18","guid":{"rendered":"http:\/\/fa86.noblogs.org\/?p=8529"},"modified":"2013-03-30T10:34:18","modified_gmt":"2013-03-30T09:34:18","slug":"poitiers-tags-antimilitaristes-a-larmee-de-lair","status":"publish","type":"post","link":"https:\/\/fa86.noblogs.org\/?p=8529","title":{"rendered":"[Poitiers] Tags antimilitaristes \u00e0 l&rsquo;Arm\u00e9e de l&rsquo;Air"},"content":{"rendered":"<p style=\"text-align: justify\"><a href=\"http:\/\/www.lanouvellerepublique.fr\/Vienne\/Services\/Toutes-les-DMAs\/n\/Contenus\/DMAs\/2013\/03\/29\/Poitiers-tags-antimilitaristes-a-l-Armee-de-l-Air-1391021\" target=\"_blank\"><strong>Poitiers : tags antimilitaristes \u00e0 l&rsquo;Arm\u00e9e de l&rsquo;Air<\/strong><\/a><\/p>\n<p style=\"text-align: justify\">La fa\u00e7ade du bureau d&rsquo;information de l&rsquo;Arm\u00e9e de l&rsquo;Air, avenue de la Lib\u00e9ration \u00e0 Poitiers, a \u00e9t\u00e9 couvert d&rsquo;inscriptions antimilitaristes dans la nuit de jeudi \u00e0 vendredi. Une enqu\u00eate est en cours pour tenter d&rsquo;itentifier les auteurs de ces tags. Selon la police, aucun autre \u00e9tablissement militaire n&rsquo;a \u00e9t\u00e9 vis\u00e9.<\/p>\n<p style=\"text-align: justify\"><em>D\u00e9p\u00eache Nouvelle R\u00e9publique, 29 mars 2013<\/em><\/p>\n","protected":false},"excerpt":{"rendered":"<p>Poitiers : tags antimilitaristes \u00e0 l&rsquo;Arm\u00e9e de l&rsquo;Air La fa\u00e7ade du bureau d&rsquo;information de l&rsquo;Arm\u00e9e de l&rsquo;Air, avenue de la Lib\u00e9ration \u00e0 Poitiers, a \u00e9t\u00e9 couvert d&rsquo;inscriptions antimilitaristes dans la nuit de jeudi \u00e0 vendredi. Une enqu\u00eate est en cours pour tenter d&rsquo;itentifier les auteurs de ces tags. Selon la police, aucun autre \u00e9tablissement militaire &hellip; <a href=\"https:\/\/fa86.noblogs.org\/?p=8529\" class=\"more-link\">Continuer la lecture de <span class=\"screen-reader-text\">[Poitiers] Tags antimilitaristes \u00e0 l&rsquo;Arm\u00e9e de l&rsquo;Air<\/span> <span class=\"meta-nav\">&rarr;<\/span><\/a><\/p>\n","protected":false},"author":2691,"featured_media":0,"comment_status":"open","ping_status":"open","sticky":false,"template":"","format":"standard","meta":{"footnotes":""},"categories":[28,16],"tags":[],"class_list":["post-8529","post","type-post","status-publish","format-standard","hentry","category-a-bas-les-bidasses","category-repression"],"_links":{"self":[{"href":"https:\/\/fa86.noblogs.org\/index.php?rest_route=\/wp\/v2\/posts\/8529","targetHints":{"allow":["GET"]}}],"collection":[{"href":"https:\/\/fa86.noblogs.org\/index.php?rest_route=\/wp\/v2\/posts"}],"about":[{"href":"https:\/\/fa86.noblogs.org\/index.php?rest_route=\/wp\/v2\/types\/post"}],"author":[{"embeddable":true,"href":"https:\/\/fa86.noblogs.org\/index.php?rest_route=\/wp\/v2\/users\/2691"}],"replies":[{"embeddable":true,"href":"https:\/\/fa86.noblogs.org\/index.php?rest_route=%2Fwp%2Fv2%2Fcomments&post=8529"}],"version-history":[{"count":2,"href":"https:\/\/fa86.noblogs.org\/index.php?rest_route=\/wp\/v2\/posts\/8529\/revisions"}],"predecessor-version":[{"id":8531,"href":"https:\/\/fa86.noblogs.org\/index.php?rest_route=\/wp\/v2\/posts\/8529\/revisions\/8531"}],"wp:attachment":[{"href":"https:\/\/fa86.noblogs.org\/index.php?rest_route=%2Fwp%2Fv2%2Fmedia&parent=8529"}],"wp:term":[{"taxonomy":"category","embeddable":true,"href":"https:\/\/fa86.noblogs.org\/index.php?rest_route=%2Fwp%2Fv2%2Fcategories&post=8529"},{"taxonomy":"post_tag","embeddable":true,"href":"https:\/\/fa86.noblogs.org\/index.php?rest_route=%2Fwp%2Fv2%2Ftags&post=8529"}],"curies":[{"name":"wp","href":"https:\/\/api.w.org\/{rel}","templated":true}]}}