{"id":8532,"date":"2013-03-30T20:37:33","date_gmt":"2013-03-30T19:37:33","guid":{"rendered":"http:\/\/fa86.noblogs.org\/?p=8532"},"modified":"2013-04-19T14:06:50","modified_gmt":"2013-04-19T12:06:50","slug":"poitiers-conf-debat-un-point-de-vue-juif-sur-lapartheid-israelien","status":"publish","type":"post","link":"https:\/\/fa86.noblogs.org\/?p=8532","title":{"rendered":"[Poitiers] Conf-d\u00e9bat : Un point de vue juif sur l&rsquo;apartheid isra\u00eblien"},"content":{"rendered":"<p style=\"text-align: justify\"><em><strong>NdPN<\/strong> : une conf-d\u00e9bat avec Pierre Stambul, propos\u00e9e par OCL, L&rsquo;Epine Noir et Acratie.<\/em><\/p>\n<p style=\"text-align: justify\"><a href=\"https:\/\/fa86.noblogs.org\/files\/2013\/03\/stambul3-mini.jpg\"><img loading=\"lazy\" decoding=\"async\" class=\"alignnone size-full wp-image-8533\" alt=\"stambul\" src=\"https:\/\/fa86.noblogs.org\/files\/2013\/03\/stambul3-mini.jpg\" width=\"680\" height=\"481\" \/><\/a><\/p>\n<p style=\"text-align: justify\"><strong>Le Samedi 20 Avril, 15h, \u00e0 la Maison du Peuple, Salle Timbaud<\/strong> <em>(rue Saint Paul) :<\/em><\/p>\n<p style=\"text-align: justify\"><b>U<\/b><b>N POINT DE VUE JUIF SUR L<\/b><b>\u2019<\/b><b>APARTHEID ISRA\u00c9LIEN<\/b><\/p>\n<p style=\"text-align: justify\">Il faut dire les mots justes pour dire ce que l\u2019\u00c9tat d\u2019Isra\u00ebl inflige \u00e0 des millions de Palestinien-ne-s. Ces mots, ce sont : occupation, colonisation, racisme, apartheid, fragmentation, enfermement, crimes de guerre, crimes contre l\u2019humanit\u00e9\u2026 La soci\u00e9t\u00e9 civile palestinienne a lanc\u00e9 un appel au BDS (boycott, d\u00e9sinvestissement, sanctions) contre l\u2019\u00c9tat d\u2019Isra\u00ebl sur trois revendications : fin de l\u2019occupation et de la colonisation, \u00e9galit\u00e9 des droits, droit au retour des r\u00e9fugi\u00e9s. \u00c0 la base de cette situation coloniale insupportable, il y a l\u2019id\u00e9ologie sioniste. D\u2019un point de vue juif, c\u2019est une gigantesque manipulation de l\u2019histoire, de la m\u00e9moire et des identit\u00e9s juives. C\u2019est une th\u00e9orie de la s\u00e9paration qui proclame que Juifs et Non-juifs ne peuvent pas vivre ensemble. Les Juifs \u00e9taient les parias de l\u2019Europe consid\u00e9r\u00e9s comme inassimilables. L\u2019Occident et les sionistes en ont fait des colons europ\u00e9ens au Proche-Orient. Le sionisme essaie de transformer l\u2019antis\u00e9mitisme et le g\u00e9nocide nazi en moyen de faire taire toute critique des crimes commis contre les Palestiniens. NE LES LAISSONS PAS FAIRE !<\/p>\n<p style=\"text-align: justify\"><em>Mail, 30 mars 2013<\/em><\/p>\n","protected":false},"excerpt":{"rendered":"<p>NdPN : une conf-d\u00e9bat avec Pierre Stambul, propos\u00e9e par OCL, L&rsquo;Epine Noir et Acratie. Le Samedi 20 Avril, 15h, \u00e0 la Maison du Peuple, Salle Timbaud (rue Saint Paul) : UN POINT DE VUE JUIF SUR L\u2019APARTHEID ISRA\u00c9LIEN Il faut dire les mots justes pour dire ce que l\u2019\u00c9tat d\u2019Isra\u00ebl inflige \u00e0 des millions de &hellip; <a href=\"https:\/\/fa86.noblogs.org\/?p=8532\" class=\"more-link\">Continuer la lecture de <span class=\"screen-reader-text\">[Poitiers] Conf-d\u00e9bat : Un point de vue juif sur l&rsquo;apartheid isra\u00eblien<\/span> <span class=\"meta-nav\">&rarr;<\/span><\/a><\/p>\n","protected":false},"author":2691,"featured_media":0,"comment_status":"open","ping_status":"open","sticky":false,"template":"","format":"standard","meta":{"footnotes":""},"categories":[28,21,11,16,4],"tags":[],"class_list":["post-8532","post","type-post","status-publish","format-standard","hentry","category-a-bas-les-bidasses","category-desinformation-bourgeoise","category-ni-patrie-ni-frontiere","category-repression","category-se-trouver"],"_links":{"self":[{"href":"https:\/\/fa86.noblogs.org\/index.php?rest_route=\/wp\/v2\/posts\/8532","targetHints":{"allow":["GET"]}}],"collection":[{"href":"https:\/\/fa86.noblogs.org\/index.php?rest_route=\/wp\/v2\/posts"}],"about":[{"href":"https:\/\/fa86.noblogs.org\/index.php?rest_route=\/wp\/v2\/types\/post"}],"author":[{"embeddable":true,"href":"https:\/\/fa86.noblogs.org\/index.php?rest_route=\/wp\/v2\/users\/2691"}],"replies":[{"embeddable":true,"href":"https:\/\/fa86.noblogs.org\/index.php?rest_route=%2Fwp%2Fv2%2Fcomments&post=8532"}],"version-history":[{"count":3,"href":"https:\/\/fa86.noblogs.org\/index.php?rest_route=\/wp\/v2\/posts\/8532\/revisions"}],"predecessor-version":[{"id":8535,"href":"https:\/\/fa86.noblogs.org\/index.php?rest_route=\/wp\/v2\/posts\/8532\/revisions\/8535"}],"wp:attachment":[{"href":"https:\/\/fa86.noblogs.org\/index.php?rest_route=%2Fwp%2Fv2%2Fmedia&parent=8532"}],"wp:term":[{"taxonomy":"category","embeddable":true,"href":"https:\/\/fa86.noblogs.org\/index.php?rest_route=%2Fwp%2Fv2%2Fcategories&post=8532"},{"taxonomy":"post_tag","embeddable":true,"href":"https:\/\/fa86.noblogs.org\/index.php?rest_route=%2Fwp%2Fv2%2Ftags&post=8532"}],"curies":[{"name":"wp","href":"https:\/\/api.w.org\/{rel}","templated":true}]}}