{"id":8541,"date":"2013-04-01T18:33:22","date_gmt":"2013-04-01T16:33:22","guid":{"rendered":"http:\/\/fa86.noblogs.org\/?p=8541"},"modified":"2013-04-01T18:33:22","modified_gmt":"2013-04-01T16:33:22","slug":"dal-86-requisition-dun-logement-vacant-pour-la-famille-g-et-pour-toutes-les-familles-dans-la-meme-situation","status":"publish","type":"post","link":"https:\/\/fa86.noblogs.org\/?p=8541","title":{"rendered":"[DAL 86] R\u00e9quisition d\u2019un logement vacant pour la famille G. et pour toutes les familles dans la m\u00eame situation !"},"content":{"rendered":"<p style=\"text-align: justify\"><a href=\"http:\/\/dal86.fr\/2013\/04\/01\/requisition-dun-logement-vacant-pour-la-famille-g-et-pour-toutes-les-familles-dans-la-meme-situation\/\" target=\"_blank\"><strong>R\u00e9quisition d\u2019un logement vacant pour la famille G. et pour toutes les familles dans la m\u00eame situation !<\/strong><\/a><\/p>\n<p style=\"text-align: justify\">La famille G. \u2013 le p\u00e8re, la m\u00e8re et leur petite fille de 2 ans-, est h\u00e9berg\u00e9e au CHUS (\u00ab 115 \u00bb) depuis f\u00e9vrier 2011. Le Toit Du Monde leur a trouv\u00e9 une solution d\u2019h\u00e9bergement dans la communaut\u00e9 des S\u0153urs de Salvert en janvier dernier. Ils en sont expuls\u00e9s parce qu\u2019ils co\u00fbtent trop cher et que, selon toute vraisemblance, Salvert avait besoin de place pour h\u00e9berger une autre famille dans la m\u00eame situation. Ils devaient en partir juste avant la fin de la tr\u00eave hivernale, vendredi 29 mars d\u00e8s le matin.<\/p>\n<p style=\"text-align: justify\">Avec en tout et pour tout 250\u20ac de revenus mensuels, ils ne peuvent pas payer un loyer dans le priv\u00e9. Ils n\u2019ont pas droit \u00e0 un logement social. Emma\u00fcs-Naintr\u00e9 n\u2019a pas de place. L\u2019ASE dit que, comme il n\u2019y a pas d\u00e9ficience \u00e9ducative des parents, cette famille ne rel\u00e8ve pas de ses services mais de la pr\u00e9fecture. Et le CHUS (\u00ab 115 \u00bb) qui rel\u00e8ve de la pr\u00e9fecture et qui est g\u00e9r\u00e9 par la Croix Rouge, dont les travailleurs sociaux accompagnent cette famille comme c\u2019est sp\u00e9cifi\u00e9 dans la loi, n\u2019a pas de place\u2026<\/p>\n<p style=\"text-align: justify\">Salvert en concertation avec la Croix Rouge leur a donn\u00e9 un r\u00e9pit d\u2019une semaine. Y aura-t-il une solution vendredi prochain alors qu\u2019il n\u2019en a pas \u00e9t\u00e9 trouv\u00e9 jusque l\u00e0 ? Nous avons bien peur que non.<\/p>\n<p style=\"text-align: justify\">De qui se moque-t-on ? Tout (demande d\u2019asile, demande de r\u00e9gularisation,\u00a0 h\u00e9bergement d\u2019urgence, Centres H\u00e9bergement et de R\u00e9insertion Sociale, accompagnement social\u2026) est dans les mains de la pr\u00e9fecture qui d\u00e9l\u00e8gue \u00e0 des associations, en particulier la Croix Rouge pour le CHUS et l\u2019Entraide Sociale Poitevine pour les CHRS. Associations qui sont compl\u00e8tement sous sa coupe financi\u00e8rement. Par exemple, il semblerait qu\u2019il y ait eu une baisse drastique des places d\u2019h\u00e9bergement d\u2019urgence : 50 aujourd\u2019hui contre plus de deux cents avant. Ce serait \u00e0 confirmer mais on peut se demander pourquoi cette baisse alors que la situation sociale empire d\u2019ann\u00e9e en ann\u00e9e. On peut aussi se demander ce qu\u2019attend la Croix Rouge pour entrer en r\u00e9sistance et forcer la pr\u00e9fecture \u00e0 ouvrir des places d\u2019urgence afin de r\u00e9sorber totalement le nombre de personnes sans abri. Mais le peut-elle vraiment ? Car nous avons appris par la presse<a href=\"http:\/\/www.lanouvellerepublique.fr\/Vienne\/Actualite\/Faits-divers-justice\/n\/Contenus\/Articles\/2013\/03\/16\/Expulsables-par-la-Croix-Rouge-sur-pression-prefectorale-1373175\" target=\"_blank\"><strong> VOIR<\/strong><\/a> que la pr\u00e9fecture lui fait du chantage aux subventions : si elle n\u2019expulse pas les familles d\u00e9bout\u00e9es de leur demande d\u2019asile de leur logement CADA, la Croix Rouge est mise en demeure de tra\u00eener ses famille en r\u00e9f\u00e9r\u00e9 ou de payer des p\u00e9nalit\u00e9s.<\/p>\n<p style=\"text-align: justify\">De toute fa\u00e7on l\u2019h\u00e9bergement d\u2019urgence ne devrait servir qu\u2019en cas d\u2019urgence. Il est inacceptable que la famille G. soit rest\u00e9e DEUX ANS au CHUS (\u00ab 115 \u00bb) sans que les services sociaux qui les accompagne leur ait trouv\u00e9 une solution plus stable. Il est inacceptable qu\u2019elle soit h\u00e9berg\u00e9e \u00e0 Salvert depuis janvier et que leurs accompagnateurs sociaux ou le SIAO n\u2019aient pas utilis\u00e9 tout ce temps pour trouver une solution p\u00e9renne. Nous le savons bien, mettre ces familles dans l\u2019urgence et en grande ins\u00e9curit\u00e9 est un plan concert\u00e9 afin de les dissuader de rester \u00e0 Poitiers.<\/p>\n<p style=\"text-align: justify\">De plus cette solution p\u00e9renne existe. Le nombre des logements vacants \u00e9tait de 20 923 en 2007 dans le Vienne et de 4 448 en 2009 \u00e0 Poitiers. Qu\u2019attend la pr\u00e9fecture pour r\u00e9quisitionner ? Car la loi existe : \u00ab <em>Sur proposition du service municipal du logement et apr\u00e8s avis du maire, le repr\u00e9sentant de l\u2019Etat dans le d\u00e9partement peut proc\u00e9der, par voie de r\u00e9quisition, pour une dur\u00e9e maximum d\u2019un an renouvelable, \u00e0 la prise de possession partielle ou totale des locaux \u00e0 usage d\u2019habitation vacants, inoccup\u00e9s ou insuffisamment occup\u00e9s, en vue de les attribuer aux personnes mentionn\u00e9es \u00e0 l\u2019article L. 641-2<\/em>. \u00bb (Article L641-1 du Code de la construction)<\/p>\n<p style=\"text-align: justify\">Mais il y a mieux encore : c\u2019est dans les comp\u00e9tences du Maire selon l\u2019ordonnance de 1945 d\u2019avoir le droit de prononcer la r\u00e9quisition de logements vacants. Et ce dans deux cas : 1) le logement de familles sans abris ; 2) dans toutes les communes o\u00f9 s\u00e9vit \u00ab <em>une crise grave du logement<\/em> \u00bb, qui se caract\u00e9rise, selon la jurisprudence, par \u00ab <em>d\u2019importants d\u00e9s\u00e9quilibres entre l\u2019offre et la demande de logements au d\u00e9triment de certaines cat\u00e9gories sociales<\/em> \u00bb. Dal86 estime que ses deux conditions sont r\u00e9unies \u00e0 Poitiers depuis des ann\u00e9es. Pour preuves les dizaines\u00a0 d\u2019appels laiss\u00e9s quotidiennement sans r\u00e9ponses au 115 et les centaines de sans-abris et mal log\u00e9s vivants comme ils le peuvent dans la ville. Dal86 conna\u00eet 24 familles, un couple, un p\u00e8re de famille s\u00e9par\u00e9 et un homme seul soit 88 personnes dont 46 enfants de 1 mois \u00e0 17 ans qui sont \u00e0 la rue ou des des conditions de logement pr\u00e9caires voire extr\u00eamement pr\u00e9caire. Ce qui n\u2019est pas \u00e9tonnant puisque, si on extrapole <a href=\"http:\/\/www.fondation-abbe-pierre.fr\/_pdf\/rml-18-chiffres.pdf\" target=\"_blank\">les chiffres du mal logement 2013 de la Fondation Abb\u00e9 Pierr<\/a>e, on obtient 13 194 mal log\u00e9s et personnes en situation de fragilit\u00e9 (5463 + 7731) \u00e0 Poitiers dont 200 SDF et 616 personnes vivant contraintes chez des tiers.<\/p>\n<h3 style=\"text-align: justify\">Que ce soit la pr\u00e9f\u00e8te ou le maire, peu nous importe, il faut r\u00e9quisitionner des logements vacants pour la famille G. et pour les autres familles ou personnes qui en ont besoin.<\/h3>\n<p style=\"text-align: justify\">Dal86 peut fournir de nombreuses adresses. Quelques exemples plus ou moins embl\u00e9matiques : D\u2019abord l\u2019ex-lyc\u00e9e des Feuillants dont au moins l\u2019internat qui appartient toujours \u00e0 la ville de Poitiers seraient propice \u00e0 de l\u2019h\u00e9bergement durant plusieurs ann\u00e9es. L\u2019ancien rectorat cit\u00e9 de la Traverse qui appartient \u00e0 la Ville et dont des parties enti\u00e8res ne sont pas utilis\u00e9es. Le n\u00b050 rue Jean-Jaur\u00e8s qui appartient \u00e0 la pr\u00e9fecture et qui semble grandement sous occup\u00e9. Le 11 rue Jean-Jaur\u00e8s squatt\u00e9 5 jour en avril dernier qui appartient toujours \u00e0 une marchande de biens et qui est vacant depuis au moins 19 ans. Le 74 rue de Montbernage vacant depuis plus de 5 ans, partiellement mur\u00e9 qui appartient \u00e0 Alcor Immobilier. Le 6 rue Ars\u00e8ne Orillard avec ses belles b\u00e2ches de chantier bleues qui masquent les fen\u00eatres depuis plus de 5 ans, qui appartenait \u00e0 un propri\u00e9taire habitant dans le Bronx et qui est aujourd\u2019hui la propri\u00e9t\u00e9 des Copropri\u00e9taires 35, rue du march\u00e9 Notre Dame \u00e0 Poitiers. Le 1 (ancien Chat perch\u00e9) et 3 rue Arthur de la Mauvini\u00e8re, le 29 rue des Carolus et le 6bis rue Sainte Croix qui appartiennent soit \u00e0 l\u2019Union Chr\u00e9tienne soit \u00e0 des associations li\u00e9es. Et enfin le 89 rue des Feuillants, vacant depuis au moins 10 ans, squatt\u00e9 une semaine en juin 2011 et qui appartient \u00e0 Logiparc. La Ville de Poitiers en conna\u00eet certainement d\u2019autres et n\u2019a donc que l\u2019embarras du choix<\/p>\n<p style=\"text-align: justify\">Comprenne qui pourra, alors que l\u2019\u00c9TAT par sa ministre du Logement EELV, C\u00e9cile Duflot, montre sa volont\u00e9 de r\u00e9gler ces probl\u00e8mes de logement y compris en \u00e9voquant les r\u00e9quisitions, la REPRESENTANTE DE L\u2019ETAT, la pr\u00e9fecture, non seulement ne prend pas en charge les sans abri et mal log\u00e9s qui le n\u00e9cessitent mais travaille \u00e0 fabriquer des sans logis. Pr\u00e9fecture rappelons-le qui a pilot\u00e9 avec le Conseil g\u00e9n\u00e9ral le <em>Plan D\u00e9partemental d\u2019Action pour le Logement des Personnes D\u00e9favoris\u00e9es du d\u00e9partement la Vienne 2012 \u2013 2016<\/em> qui se fonde sur la strat\u00e9gie nationale de prise en charge des personnes sans-abris ou mal-log\u00e9es qui a \u00e9t\u00e9 pr\u00e9sent\u00e9e en fin d\u2019ann\u00e9e 2009, dans le souci de prolonger le chantier national prioritaire pour l\u2019h\u00e9bergement et l\u2019acc\u00e8s au logement des personnes sans-abris ou mal-log\u00e9es 2008-2012. Ce projet se d\u00e9clinant en six grands th\u00e8mes : 1) mieux accueillir et mieux orienter ; 2) mieux adapter le dispositif d\u2019h\u00e9bergement aux besoins des personnes et l\u2019orienter \u00ab Logement d\u2019abord \u00bb ; 3) offrir un accompagnement social adapt\u00e9 \u00e0 toute personne en ayant besoin pour acc\u00e9der au logement, 4) d\u00e9velopper une offre de logement accessible aux m\u00e9nages modestes ; 5) pr\u00e9venir les expulsions locatives ; 6) garantir l\u2019acc\u00e8s prioritaire au logement social des personnes sans-abris ou mal-log\u00e9es. <strong>De deux choses l\u2019une alors, soit l\u2019Etat nous raconte des histoires et nous m\u00e8ne en bateau, soit la pr\u00e9fecture ne respecte pas les d\u00e9cisions gouvernementales qu\u2019elle devrait respecter. A moins que ce soit les deux \u00e0 la fois\u2026<\/strong><\/p>\n<h3 style=\"text-align: justify\">R\u00e9quisition des logements vacants<\/h3>\n<p style=\"text-align: justify\">DAL86 www.dal86.fr \u2013 dal86@free.fr \u2013 06 52 93 54 44 \/ 05 49 88 94 56 Permanences : tous les samedis matin de 11h \u00e0 12h et tous les mardis soirs de 17h \u00e0 18h Maison de la Solidarit\u00e9 22 rue du Pigeon Blanc Poitiers<\/p>\n<p style=\"text-align: justify\"><em>Vu sur DAL 86, 1er avril 2013<\/em><\/p>\n","protected":false},"excerpt":{"rendered":"<p>R\u00e9quisition d\u2019un logement vacant pour la famille G. et pour toutes les familles dans la m\u00eame situation ! La famille G. \u2013 le p\u00e8re, la m\u00e8re et leur petite fille de 2 ans-, est h\u00e9berg\u00e9e au CHUS (\u00ab 115 \u00bb) depuis f\u00e9vrier 2011. Le Toit Du Monde leur a trouv\u00e9 une solution d\u2019h\u00e9bergement dans la &hellip; <a href=\"https:\/\/fa86.noblogs.org\/?p=8541\" class=\"more-link\">Continuer la lecture de <span class=\"screen-reader-text\">[DAL 86] R\u00e9quisition d\u2019un logement vacant pour la famille G. et pour toutes les familles dans la m\u00eame situation !<\/span> <span class=\"meta-nav\">&rarr;<\/span><\/a><\/p>\n","protected":false},"author":2691,"featured_media":0,"comment_status":"open","ping_status":"open","sticky":false,"template":"","format":"standard","meta":{"footnotes":""},"categories":[29],"tags":[],"class_list":["post-8541","post","type-post","status-publish","format-standard","hentry","category-un-toit-pour-tou-te-s"],"_links":{"self":[{"href":"https:\/\/fa86.noblogs.org\/index.php?rest_route=\/wp\/v2\/posts\/8541","targetHints":{"allow":["GET"]}}],"collection":[{"href":"https:\/\/fa86.noblogs.org\/index.php?rest_route=\/wp\/v2\/posts"}],"about":[{"href":"https:\/\/fa86.noblogs.org\/index.php?rest_route=\/wp\/v2\/types\/post"}],"author":[{"embeddable":true,"href":"https:\/\/fa86.noblogs.org\/index.php?rest_route=\/wp\/v2\/users\/2691"}],"replies":[{"embeddable":true,"href":"https:\/\/fa86.noblogs.org\/index.php?rest_route=%2Fwp%2Fv2%2Fcomments&post=8541"}],"version-history":[{"count":2,"href":"https:\/\/fa86.noblogs.org\/index.php?rest_route=\/wp\/v2\/posts\/8541\/revisions"}],"predecessor-version":[{"id":8543,"href":"https:\/\/fa86.noblogs.org\/index.php?rest_route=\/wp\/v2\/posts\/8541\/revisions\/8543"}],"wp:attachment":[{"href":"https:\/\/fa86.noblogs.org\/index.php?rest_route=%2Fwp%2Fv2%2Fmedia&parent=8541"}],"wp:term":[{"taxonomy":"category","embeddable":true,"href":"https:\/\/fa86.noblogs.org\/index.php?rest_route=%2Fwp%2Fv2%2Fcategories&post=8541"},{"taxonomy":"post_tag","embeddable":true,"href":"https:\/\/fa86.noblogs.org\/index.php?rest_route=%2Fwp%2Fv2%2Ftags&post=8541"}],"curies":[{"name":"wp","href":"https:\/\/api.w.org\/{rel}","templated":true}]}}