{"id":8565,"date":"2013-04-03T09:30:30","date_gmt":"2013-04-03T07:30:30","guid":{"rendered":"http:\/\/fa86.noblogs.org\/?p=8565"},"modified":"2013-04-04T09:39:37","modified_gmt":"2013-04-04T07:39:37","slug":"poitiers-apres-foucault-debord","status":"publish","type":"post","link":"https:\/\/fa86.noblogs.org\/?p=8565","title":{"rendered":"[Poitiers] Apr\u00e8s Foucault, Debord ?"},"content":{"rendered":"<p style=\"text-align: justify\">Les institutions, \u00e0 travers le\u00a0TAP organisant le festival \u00ab\u00a0A corps\u00a0\u00bb, n&rsquo;ont d\u00e9cid\u00e9ment peur de rien : <a href=\"http:\/\/www.lanouvellerepublique.fr\/Vienne\/Loisirs\/Fetes-festivals\/n\/Contenus\/Articles\/2013\/04\/03\/La-marche-d-A-Corps-1395116\" target=\"_blank\">voici qu&rsquo;elles nous\u00a0proposent de reprendre le concept de d\u00e9rive de Debord, avec un spectacle nomm\u00e9 \u00ab\u00a0Walk in the city<\/a>\u00ab\u00a0. Le machin consistera en une promenade \u00e0 Poitiers, du 6 au 8 avril prochain&#8230; sous les <strong>instructions<\/strong> \u00ab\u00a0d&rsquo;artistes\u00a0\u00bb donn\u00e9es dans un <strong>casque<\/strong> ! D\u00e9fense de rire&#8230;<\/p>\n<p style=\"text-align: justify\">On est aux antipodes de la proposition subversive de Debord (le critique de \u00ab\u00a0<em>La s<\/em>oci\u00e9t\u00e9 <em>du spectacle<\/em>\u00ab\u00a0, justement), de d\u00e9rive comme libre r\u00e9appropriation de l&rsquo;espace r\u00e9ellement v\u00e9cu :<\/p>\n<p style=\"text-align: justify\"><em>\u00ab\u00a0Ainsi, quelques plaisanteries d\u2019un go\u00fbt dit douteux, que j\u2019ai toujours vivement appr\u00e9ci\u00e9es dans mon entourage, comme par exemple s\u2019introduire nuitamment dans les \u00e9tages des maisons en d\u00e9molition, parcourir sans arr\u00eat Paris en auto-stop pendant une gr\u00e8ve des transports, sous le pr\u00e9texte d\u2019aggraver la confusion en se faisant conduire n\u2019importe o\u00f9, errer dans ceux des souterrains des catacombes qui sont interdits au public, rel\u00e8veraient d\u2019un sentiment plus g\u00e9n\u00e9ral qui ne serait autre que le sentiment de la d\u00e9rive.\u00a0\u00bb (Guy-Ernest Debord, in <i>Les L\u00e8vres nues<\/i> n\u00b0 9, d\u00e9cembre 1956 et <i>Internationale Situationniste<\/i> n\u00b0 2, d\u00e9cembre 1958).<\/em><\/p>\n<p style=\"text-align: justify\">Apr\u00e8s la r\u00e9cup\u00e9ration de Foucault (<a href=\"https:\/\/fa86.noblogs.org\/?p=8407\" target=\"_blank\">voir notre article ici<\/a>), voici donc celle de Debord (\u00e0 laquelle on assiste aussi \u00e0\u00a0la BNF de Paris). Et si nous nous r\u00e9appropriions le <em>vrai discours <\/em>de\u00a0Debord ? Pas certain que\u00a0les institutions poitevines, qui r\u00e9priment depuis quelque temps le moindre \u00ab\u00a0rassemblement ill\u00e9gal\u00a0\u00bb, appr\u00e9cieraient nos \u00ab\u00a0<em>plaisanteries d&rsquo;un go\u00fbt douteux<\/em>\u00ab\u00a0&#8230;<\/p>\n<p style=\"text-align: justify\"><em>Juanito, Pavillon Noir, 3 avril 2013<\/em><\/p>\n","protected":false},"excerpt":{"rendered":"<p>Les institutions, \u00e0 travers le\u00a0TAP organisant le festival \u00ab\u00a0A corps\u00a0\u00bb, n&rsquo;ont d\u00e9cid\u00e9ment peur de rien : voici qu&rsquo;elles nous\u00a0proposent de reprendre le concept de d\u00e9rive de Debord, avec un spectacle nomm\u00e9 \u00ab\u00a0Walk in the city\u00ab\u00a0. Le machin consistera en une promenade \u00e0 Poitiers, du 6 au 8 avril prochain&#8230; sous les instructions \u00ab\u00a0d&rsquo;artistes\u00a0\u00bb donn\u00e9es dans &hellip; <a href=\"https:\/\/fa86.noblogs.org\/?p=8565\" class=\"more-link\">Continuer la lecture de <span class=\"screen-reader-text\">[Poitiers] Apr\u00e8s Foucault, Debord ?<\/span> <span class=\"meta-nav\">&rarr;<\/span><\/a><\/p>\n","protected":false},"author":2691,"featured_media":0,"comment_status":"open","ping_status":"open","sticky":false,"template":"","format":"standard","meta":{"footnotes":""},"categories":[8,17,12,4],"tags":[],"class_list":["post-8565","post","type-post","status-publish","format-standard","hentry","category-ecrits","category-education-populaire","category-okupa-y-resiste","category-se-trouver"],"_links":{"self":[{"href":"https:\/\/fa86.noblogs.org\/index.php?rest_route=\/wp\/v2\/posts\/8565","targetHints":{"allow":["GET"]}}],"collection":[{"href":"https:\/\/fa86.noblogs.org\/index.php?rest_route=\/wp\/v2\/posts"}],"about":[{"href":"https:\/\/fa86.noblogs.org\/index.php?rest_route=\/wp\/v2\/types\/post"}],"author":[{"embeddable":true,"href":"https:\/\/fa86.noblogs.org\/index.php?rest_route=\/wp\/v2\/users\/2691"}],"replies":[{"embeddable":true,"href":"https:\/\/fa86.noblogs.org\/index.php?rest_route=%2Fwp%2Fv2%2Fcomments&post=8565"}],"version-history":[{"count":3,"href":"https:\/\/fa86.noblogs.org\/index.php?rest_route=\/wp\/v2\/posts\/8565\/revisions"}],"predecessor-version":[{"id":8567,"href":"https:\/\/fa86.noblogs.org\/index.php?rest_route=\/wp\/v2\/posts\/8565\/revisions\/8567"}],"wp:attachment":[{"href":"https:\/\/fa86.noblogs.org\/index.php?rest_route=%2Fwp%2Fv2%2Fmedia&parent=8565"}],"wp:term":[{"taxonomy":"category","embeddable":true,"href":"https:\/\/fa86.noblogs.org\/index.php?rest_route=%2Fwp%2Fv2%2Fcategories&post=8565"},{"taxonomy":"post_tag","embeddable":true,"href":"https:\/\/fa86.noblogs.org\/index.php?rest_route=%2Fwp%2Fv2%2Ftags&post=8565"}],"curies":[{"name":"wp","href":"https:\/\/api.w.org\/{rel}","templated":true}]}}