{"id":8578,"date":"2013-04-04T11:02:33","date_gmt":"2013-04-04T09:02:33","guid":{"rendered":"http:\/\/fa86.noblogs.org\/?p=8578"},"modified":"2013-04-04T11:03:21","modified_gmt":"2013-04-04T09:03:21","slug":"8578","status":"publish","type":"post","link":"https:\/\/fa86.noblogs.org\/?p=8578","title":{"rendered":"Le Monde Libertaire n\u00b0 1702 (du 4 au 10 Avril 2013)"},"content":{"rendered":"<p style=\"text-align: justify\"><em><strong>NdPN<\/strong> : Le Monde Libertaire n\u00b0 1702 est en kiosques ce jeudi. Vous pouvez aussi vous le procurer \u00e0 prix libre en nous \u00e9crivant. Un exemplaire est laiss\u00e9 en consultation libre au Biblio-Caf\u00e9 (rue de la Cath\u00e9drale \u00e0 Poitiers). Trois articles d&rsquo;ores et d\u00e9j\u00e0 en ligne sur le site du ML (voir liens ci-dessous). Bonne lecture !<\/em><\/p>\n<p style=\"text-align: justify\"><strong>Le Monde Libertaire\u00a0n\u00b0 1702 (du 4 au 10 Avril 2013)<\/strong><\/p>\n<p><a href=\"https:\/\/fa86.noblogs.org\/files\/2013\/04\/ml-1702.jpg\"><img loading=\"lazy\" decoding=\"async\" class=\"alignnone size-full wp-image-8579\" alt=\"ml 1702\" src=\"https:\/\/fa86.noblogs.org\/files\/2013\/04\/ml-1702.jpg\" width=\"400\" height=\"556\" srcset=\"https:\/\/fa86.noblogs.org\/files\/2013\/04\/ml-1702.jpg 400w, https:\/\/fa86.noblogs.org\/files\/2013\/04\/ml-1702-215x300.jpg 215w\" sizes=\"auto, (max-width: 400px) 100vw, 400px\" \/><\/a><\/p>\n<p><em>\u00ab L\u2019oppresseur ne se rend pas compte du mal qu\u2019implique l\u2019oppression tant que l\u2019opprim\u00e9 l\u2019accepte.\u00bb &#8211; Henry David Thoreau.<\/em><\/p>\n<p style=\"text-align: justify\"><strong>Sommaire du Monde Libertaire\u00a0n\u00b0 1702<\/strong><\/p>\n<p style=\"text-align: justify\"><strong>Actualit\u00e9<\/strong><\/p>\n<p style=\"text-align: justify\"><a href=\"http:\/\/www.monde-libertaire.fr\/france\/16322-amiante-et-justice-prends-ton-cheque-et-tais-toi\" target=\"_blank\">Dr\u00f4le de justice, par J.-M. Destruhaut, page 3<\/a><\/p>\n<p style=\"text-align: justify\"><a href=\"http:\/\/www.monde-libertaire.fr\/atheisme\/16323-apres-la-manif-pour-tous-la-gazeuse-pour-tous\" target=\"_blank\">La droite dans l\u2019gaz, par E. Vanhecke, page 5<\/a><\/p>\n<p style=\"text-align: justify\">La m\u00e9t\u00e9o syndicale, par J.-P. Germain, page 6<\/p>\n<p style=\"text-align: justify\">N\u00e9o-socialisme, par J. page 7<\/p>\n<p style=\"text-align: justify\">La Chronique n\u00e9phr\u00e9tique de Rodkol, page 8<\/p>\n<p style=\"text-align: justify\">Des nouvelles des PSA, par S. Larios, page 9<\/p>\n<p style=\"text-align: justify\">Cochon de Maurice, par Justhom, page 10<\/p>\n<p style=\"text-align: justify\"><strong>International<\/strong><\/p>\n<p style=\"text-align: justify\"><a href=\"http:\/\/www.monde-libertaire.fr\/anticapitalisme\/16324-privatiser-leurope\" target=\"_blank\">L\u2019Europe d\u00e9masqu\u00e9e, par J. Bedeau, page 11<\/a><\/p>\n<p style=\"text-align: justify\">Nouvelles des anarchistes espagnols, page 14<\/p>\n<p style=\"text-align: justify\"><strong>Expressions<\/strong><\/p>\n<p style=\"text-align: justify\">La boisson qui tue, par N. Potkine, page 15<\/p>\n<p style=\"text-align: justify\">Une Histoire de France pour les nuls, par P. Schindler, page 16<\/p>\n<p style=\"text-align: justify\">Le cin\u00e9ma par M. Top\u00e9, page 17<\/p>\n<p style=\"text-align: justify\">Michel Foucault instrumentalis\u00e9, par Pavillon noir, page 18<\/p>\n<p style=\"text-align: justify\">Manuel d\u2019anthropologie, par M. Silberstein, page 19<\/p>\n<p style=\"text-align: justify\"><strong>Mouvement<\/strong><\/p>\n<p style=\"text-align: justify\">La prostitution selon Y. Guignat, page 20<\/p>\n<p style=\"text-align: justify\">La prostitution selon Solange, page 21<\/p>\n<p style=\"text-align: justify\">La vie du mouvement et la Radio, page 22<\/p>\n<p style=\"text-align: justify\">L\u2019agenda libertaire, page 23<\/p>\n<p style=\"text-align: justify\"><strong>Illustrations<\/strong><\/p>\n<p style=\"text-align: justify\">Aurelio, Jhano, Kalem, Krokaga, Nemo, Scho\u00ebva\u00ebrt<\/p>\n<p style=\"text-align: justify\"><strong>Editorial<\/strong><\/p>\n<p style=\"text-align: justify\">Un pr\u00e9sident placide, d\u00e9sabus\u00e9, passait sans trop y croire \u00e0 la t\u00e9l\u00e9 ce 28 mars. On en a tous \u00e9t\u00e9 relativement satur\u00e9s par les m\u00e9dias, fid\u00e8les \u00e0 eux-m\u00eames et bien plus encore \u00e0 leurs financeurs. On ne vous infligera donc pas tous les m\u00e9andres de la laborieuse d\u00e9monstration du pr\u00e9sident pour n\u2019en retenir que quelques \u00e9l\u00e9ments saillants. Un \u00ab oubli \u00bb de taille tout d\u2019abord, le passage sous silence des promesses \u00e9lectorales concernant la \u00ab ren\u00e9gociation du Trait\u00e9 europ\u00e9en \u00bb pour \u00ab l\u2019emploi et la croissance \u00bb et puis la curieuse discr\u00e9tion \u00e0 propos des fermetures d\u2019usines \u00e0 r\u00e9p\u00e9tition, autant de d\u00e9mentis \u00e0 ses imprudents engagements. Ensuite, des d\u00e9cisions \u2013 souvent d\u00e9j\u00e0 prises avant son discours \u2013 bien faites pour choquer les personnes \u00e9prises de justice sociale : 20 milliards de cr\u00e9dits d\u2019imp\u00f4ts offerts sans contrepartie aux entreprises (qui finiront en placements boursiers comme d\u2019hab&rsquo;), apologie de l\u2019accord de flexis\u00e9curit\u00e9, l\u2019ex\u00e9crable ANI, pr\u00e9sent\u00e9 comme une avanc\u00e9e sociale alors qu\u2019il va surtout permettre aux employeurs de baisser les salaires, d\u2019augmenter le temps de travail et de r\u00e9duire les d\u00e9lais de recours aux prud\u2019hommes, poursuite de la casse du service public et pour finir retraites revues \u00e0 la baisse et dur\u00e9e des cotisations \u00e0 nouveau allong\u00e9e (pan dans les emplois pour les jeunes et dans le pouvoir d\u2019achat des autres !). Face \u00e0 ce serrage de ceinture populaire, on a \u00e9videmment eu droit \u00e0 l\u2019irr\u00e9aliste promesse \u00ab d\u2019inverser la courbe du ch\u00f4mage fin 2013 \u00bb et aux titatas et saupoudrages pas chers, habituels dans ce genre de prestation, comme le gentil conte de la \u00ab bo\u00eete \u00e0 outils \u00bb, le \u00ab choc de simplification \u00bb pour les petits chefs d\u2019entreprise qui savent pas lire (les gros se payent de chouettes avocats, merci) et une formation professionnelle (payante, on le craint) en deux mois au lieu de quinze. Va falloir r\u00e9veiller au clairon les dirlos des agences P\u00f4le emploi. On retiendra de ce filandreux fatras les tares r\u00e9currentes \u00e0 la doxa capitaliste de la droite comme de la gauche sociale-tra\u00eetre : mettre tous les probl\u00e8mes sur le dos de la Crise, cette crise suscit\u00e9e et amplifi\u00e9e par les erreurs et la voracit\u00e9 des financiers qu\u2019elles soutiennent, feindre de croire au mirage \u2013 qui recule quand on avance \u2013 d\u2019une onirique croissance d\u00e9finitivement irr\u00e9alisable dans un climat de concurrence mondialis\u00e9e et de diminution du pouvoir d\u2019achat, se soumettre servilement aux diktats d\u2019aust\u00e9rit\u00e9 de l\u2019Europe des riches, bref croire dur comme fer \u00e0 la main invisible du march\u00e9.<\/p>\n","protected":false},"excerpt":{"rendered":"<p>NdPN : Le Monde Libertaire n\u00b0 1702 est en kiosques ce jeudi. Vous pouvez aussi vous le procurer \u00e0 prix libre en nous \u00e9crivant. Un exemplaire est laiss\u00e9 en consultation libre au Biblio-Caf\u00e9 (rue de la Cath\u00e9drale \u00e0 Poitiers). Trois articles d&rsquo;ores et d\u00e9j\u00e0 en ligne sur le site du ML (voir liens ci-dessous). Bonne &hellip; <a href=\"https:\/\/fa86.noblogs.org\/?p=8578\" class=\"more-link\">Continuer la lecture de <span class=\"screen-reader-text\">Le Monde Libertaire n\u00b0 1702 (du 4 au 10 Avril 2013)<\/span> <span class=\"meta-nav\">&rarr;<\/span><\/a><\/p>\n","protected":false},"author":2691,"featured_media":0,"comment_status":"open","ping_status":"open","sticky":false,"template":"","format":"standard","meta":{"footnotes":""},"categories":[17,4],"tags":[],"class_list":["post-8578","post","type-post","status-publish","format-standard","hentry","category-education-populaire","category-se-trouver"],"_links":{"self":[{"href":"https:\/\/fa86.noblogs.org\/index.php?rest_route=\/wp\/v2\/posts\/8578","targetHints":{"allow":["GET"]}}],"collection":[{"href":"https:\/\/fa86.noblogs.org\/index.php?rest_route=\/wp\/v2\/posts"}],"about":[{"href":"https:\/\/fa86.noblogs.org\/index.php?rest_route=\/wp\/v2\/types\/post"}],"author":[{"embeddable":true,"href":"https:\/\/fa86.noblogs.org\/index.php?rest_route=\/wp\/v2\/users\/2691"}],"replies":[{"embeddable":true,"href":"https:\/\/fa86.noblogs.org\/index.php?rest_route=%2Fwp%2Fv2%2Fcomments&post=8578"}],"version-history":[{"count":4,"href":"https:\/\/fa86.noblogs.org\/index.php?rest_route=\/wp\/v2\/posts\/8578\/revisions"}],"predecessor-version":[{"id":8583,"href":"https:\/\/fa86.noblogs.org\/index.php?rest_route=\/wp\/v2\/posts\/8578\/revisions\/8583"}],"wp:attachment":[{"href":"https:\/\/fa86.noblogs.org\/index.php?rest_route=%2Fwp%2Fv2%2Fmedia&parent=8578"}],"wp:term":[{"taxonomy":"category","embeddable":true,"href":"https:\/\/fa86.noblogs.org\/index.php?rest_route=%2Fwp%2Fv2%2Fcategories&post=8578"},{"taxonomy":"post_tag","embeddable":true,"href":"https:\/\/fa86.noblogs.org\/index.php?rest_route=%2Fwp%2Fv2%2Ftags&post=8578"}],"curies":[{"name":"wp","href":"https:\/\/api.w.org\/{rel}","templated":true}]}}