{"id":8605,"date":"2013-04-08T08:57:32","date_gmt":"2013-04-08T06:57:32","guid":{"rendered":"http:\/\/fa86.noblogs.org\/?p=8605"},"modified":"2013-04-08T08:58:50","modified_gmt":"2013-04-08T06:58:50","slug":"dal-86-la-vente-des-locaux-de-lex-foyer-de-letape-une-vraie-provocation-a-legard-des-sans-logis-et-mal-loges","status":"publish","type":"post","link":"https:\/\/fa86.noblogs.org\/?p=8605","title":{"rendered":"[DAL 86] La vente des locaux de l\u2019ex-foyer de l\u2019Etape : une vraie provocation \u00e0 l\u2019\u00e9gard des sans logis et mal log\u00e9s"},"content":{"rendered":"<p style=\"text-align: justify\"><em><strong>NdPN<\/strong> : voir aussi <a href=\"http:\/\/www.youtube.com\/watch?v=nb24EEkZf2w&amp;feature=player_embedded\" target=\"_blank\">la vid\u00e9o de France 3<\/a><\/em><\/p>\n<p style=\"text-align: justify\"><a href=\"http:\/\/dal86.fr\/2013\/04\/07\/la-vente-des-locaux-de-lex-foyer-de-letape-une-vraie-provocation-a-legard-des-sans-logis-et-mal-loges\/\" target=\"_blank\"><strong>La vente des locaux de l\u2019ex-foyer de l\u2019Etape : une vraie provocation \u00e0 l\u2019\u00e9gard des sans logis et mal log\u00e9s<\/strong><\/a><\/p>\n<p style=\"text-align: justify\" align=\"JUSTIFY\">Alors que de nombreuses familles et personnes seules sont \u00e0 la rue ou dans des conditions de logement tr\u00e8s pr\u00e9caires, alors que la situation de l\u2019h\u00e9bergement d\u2019urgence est dramatique : l\u2019accueil inconditionnel et continu n\u2019est pas assur\u00e9, les places manquent, les locaux sont v\u00e9tustes et indignes,<strong><\/strong><strong><b>la Ville de Poitiers a d\u00e9cid\u00e9 de vendre l\u2019ancien foyer l\u2019\u00c9tape qui lui appartient.<\/b><\/strong><\/p>\n<p style=\"text-align: justify\" align=\"JUSTIFY\">Ces locaux qui font au minimum 800 m\u00b2, pourraient certainement accueillir plus d\u2019une cinquantaine de personnes soit autant que l\u2019accueil d\u2019urgence actuel g\u00e9r\u00e9 par la Croix Rouge qui est pass\u00e9 de plus de 200 places \u00e0 50 places. Ils permettraient aussi de mieux respecter les lois, ce que les locaux actuels ne permettent pas : des chambres individuelles (et non dortoirs) avec la possibilit\u00e9 d\u2019avoir un h\u00e9bergement conforme \u00e0 la dignit\u00e9 humaine (et d\u2019avoir par exemple son chien avec soi), possibilit\u00e9 du couvert alors que le CHUS ne sert pas \u00e0 manger\u2026<\/p>\n<p style=\"text-align: justify\" align=\"JUSTIFY\">La Ville de Poitiers dont le service municipal du logement apr\u00e8s avis du maire, peut proposer au repr\u00e9sentant de l\u2019Etat dans le d\u00e9partement de proc\u00e9der, par voie de r\u00e9quisition, \u00e0 la prise de possession partielle ou totale des locaux \u00e0 usage d\u2019habitation vacants, la Ville de Poitiers dont le Maire a le pouvoir de r\u00e9quisitionner lui m\u00eame des logements, non seulement a laiss\u00e9 vacants durant deux ans des locaux ad\u00e9quats qui peuvent servir imm\u00e9diatement \u00e0 l\u2019h\u00e9bergement d\u2019urgence mais n\u2019a pas pens\u00e9 les proposer \u00e0 l\u2019Etat pour que la Croix Rouge m\u00e8ne \u00e0 bien la mission qui lui incombe.<\/p>\n<p style=\"text-align: justify\" align=\"JUSTIFY\">Plus fort encore, la Ville de Poitiers, en acceptant que l\u2019architecte Fran\u00e7ois Pin puisse d\u00e9noncer l\u2019acquisition s\u2019il n\u2019a pas trouv\u00e9 la moiti\u00e9 des acqu\u00e9reurs pour les seize habitations avant le 30 novembre de cette ann\u00e9e, d\u00e9cide cyniquement de laisser vacants durant encore 7 mois, des locaux qui manquent cruellement aujourd\u2019hui \u00e0 l\u2019h\u00e9bergement d\u2019urgence. Et ce, pour un projet n\u00e9buleux et assez improbable vu la crise.<\/p>\n<p style=\"text-align: justify\" align=\"CENTER\"><em><b>DAL86 est atterr\u00e9 par tant d\u2019hypocrisie, de cynisme et de provocations.<\/b><\/em><\/p>\n<p style=\"text-align: justify\" align=\"JUSTIFY\">Alors que l\u2019\u00c9TAT SOCIALISTE par sa ministre du Logement EELV, C\u00e9cile Duflot, montre sa volont\u00e9 de r\u00e9gler rapidement et durablement les probl\u00e8mes de logement y compris en \u00e9voquant les r\u00e9quisitions, la REPRESENTANTE DE L\u2019ETAT SOCIALISTE, la pr\u00e9fecture, non seulement ne prend pas en charge les sans abri et mal log\u00e9s qui le n\u00e9cessitent mais travaille \u00e0 fabriquer des sans logis, et la VILLE DE POITIERS SOCIALISTE d\u00e9niant qu\u2019il y ait des probl\u00e8mes de logement, non seulement ne r\u00e9quisitionne pas des logements vacants, non seulement ne met pas \u00e0 disposition de la pr\u00e9fecture des logements et des locaux qui pourraient servir imm\u00e9diatement \u00e0 l\u2019h\u00e9bergement d\u2019urgence, mais la VILLE DE POITIERS \u00e0 vendu ces pr\u00e9cieux locaux \u00e0 un architecte priv\u00e9 pour un projet tr\u00e8s al\u00e9atoire.<\/p>\n<p style=\"text-align: justify\" align=\"CENTER\"><strong>Deux familles, 7 personnes dont 3 enfants de 1 \u00e0 5 ans et une femme enceinte, \u00e9tant \u00e0 la rue donc en \u00e9tat de n\u00e9cessit\u00e9 voire en danger, sont entr\u00e9es par la porte ouverte de cette maison le 2 avril dernier soit depuis 5 jours. Aujourd\u2019hui dimanche 7 avril, 3 autres familles soit 10 autres personnes dont 5 enfants de 2 ans \u00e0 13 ans et une femme enceinte, sont venus les rejoindre. <\/strong><strong>Si on compte la dizaine de militants du DAL86 qui les soutiennent, une trentaine de personnes dont 8 enfants et 2 femmes enceintes sont pr\u00e9sentes sur les lieux.<\/strong><\/p>\n<p style=\"text-align: justify\" align=\"JUSTIFY\"><em>Aussi, DAL86 a d\u00e9cid\u00e9 d\u2019apporter tout son soutien \u00e0 ces familles et personnes en \u00e9tat de n\u00e9cessit\u00e9 qui se sont mises \u00e0 l\u2019abri dans ces locaux, qui se sont prot\u00e9g\u00e9es elles-m\u00eames et leurs enfants, et qui ont fait ce que ni la pr\u00e9fecture, ni la mairie ne font pour elles alors que la loi les y oblige. Dal86 appelle \u00e0 un soutien massif.<\/em><\/p>\n<p style=\"text-align: justify\" align=\"CENTER\"><strong>Halte \u00e0 l\u2019hypocrisie, mise \u00e0 disposition des logements et locaux vacants des collectivit\u00e9s, r\u00e9quisitions des logements priv\u00e9s vacants.<\/strong><\/p>\n<p style=\"text-align: justify\" align=\"CENTER\"><strong><b>Un logement est un droit avec ou sans papiers<\/b><\/strong><\/p>\n<p style=\"text-align: justify\" align=\"RIGHT\"><em><a href=\"http:\/\/dal86.fr\/\" target=\"_blank\">DAL86<\/a><\/em><em> \u2013 <\/em><em><a href=\"mailto:dal86@free.fr\" target=\"_blank\">dal86@free.fr<\/a><\/em><em> \u2013 06 52 93 54 44 \/ 05 49 88 94 56<\/em><\/p>\n<p style=\"text-align: justify\" align=\"RIGHT\"><em>Permanences : tous les samedis matin de 11h \u00e0 12h et tous les mardis soirs de 17h \u00e0 18h Maison de la Solidarit\u00e9 22 rue du Pigeon Blanc Poitiers <\/em><\/p>\n<p style=\"text-align: justify\" align=\"RIGHT\"><em>Vu sur DAL 86, 7 avril 2013<\/em><\/p>\n","protected":false},"excerpt":{"rendered":"<p>NdPN : voir aussi la vid\u00e9o de France 3 La vente des locaux de l\u2019ex-foyer de l\u2019Etape : une vraie provocation \u00e0 l\u2019\u00e9gard des sans logis et mal log\u00e9s Alors que de nombreuses familles et personnes seules sont \u00e0 la rue ou dans des conditions de logement tr\u00e8s pr\u00e9caires, alors que la situation de l\u2019h\u00e9bergement &hellip; <a href=\"https:\/\/fa86.noblogs.org\/?p=8605\" class=\"more-link\">Continuer la lecture de <span class=\"screen-reader-text\">[DAL 86] La vente des locaux de l\u2019ex-foyer de l\u2019Etape : une vraie provocation \u00e0 l\u2019\u00e9gard des sans logis et mal log\u00e9s<\/span> <span class=\"meta-nav\">&rarr;<\/span><\/a><\/p>\n","protected":false},"author":2691,"featured_media":0,"comment_status":"open","ping_status":"open","sticky":false,"template":"","format":"standard","meta":{"footnotes":""},"categories":[11,12,4,29],"tags":[],"class_list":["post-8605","post","type-post","status-publish","format-standard","hentry","category-ni-patrie-ni-frontiere","category-okupa-y-resiste","category-se-trouver","category-un-toit-pour-tou-te-s"],"_links":{"self":[{"href":"https:\/\/fa86.noblogs.org\/index.php?rest_route=\/wp\/v2\/posts\/8605","targetHints":{"allow":["GET"]}}],"collection":[{"href":"https:\/\/fa86.noblogs.org\/index.php?rest_route=\/wp\/v2\/posts"}],"about":[{"href":"https:\/\/fa86.noblogs.org\/index.php?rest_route=\/wp\/v2\/types\/post"}],"author":[{"embeddable":true,"href":"https:\/\/fa86.noblogs.org\/index.php?rest_route=\/wp\/v2\/users\/2691"}],"replies":[{"embeddable":true,"href":"https:\/\/fa86.noblogs.org\/index.php?rest_route=%2Fwp%2Fv2%2Fcomments&post=8605"}],"version-history":[{"count":3,"href":"https:\/\/fa86.noblogs.org\/index.php?rest_route=\/wp\/v2\/posts\/8605\/revisions"}],"predecessor-version":[{"id":8607,"href":"https:\/\/fa86.noblogs.org\/index.php?rest_route=\/wp\/v2\/posts\/8605\/revisions\/8607"}],"wp:attachment":[{"href":"https:\/\/fa86.noblogs.org\/index.php?rest_route=%2Fwp%2Fv2%2Fmedia&parent=8605"}],"wp:term":[{"taxonomy":"category","embeddable":true,"href":"https:\/\/fa86.noblogs.org\/index.php?rest_route=%2Fwp%2Fv2%2Fcategories&post=8605"},{"taxonomy":"post_tag","embeddable":true,"href":"https:\/\/fa86.noblogs.org\/index.php?rest_route=%2Fwp%2Fv2%2Ftags&post=8605"}],"curies":[{"name":"wp","href":"https:\/\/api.w.org\/{rel}","templated":true}]}}