{"id":8610,"date":"2013-04-09T09:19:21","date_gmt":"2013-04-09T07:19:21","guid":{"rendered":"http:\/\/fa86.noblogs.org\/?p=8610"},"modified":"2013-04-11T10:14:57","modified_gmt":"2013-04-11T08:14:57","slug":"poitiers-journee-de-greve-du-9-avril","status":"publish","type":"post","link":"https:\/\/fa86.noblogs.org\/?p=8610","title":{"rendered":"[Poitiers] Journ\u00e9e de gr\u00e8ve du 9 avril"},"content":{"rendered":"<p style=\"text-align: justify\"><em><strong>NdPN<\/strong> : rendez-vous pour le rassemblement contre l&rsquo;ANI \u00e0 14h30 aujourd&rsquo;hui, Porte de Paris. <a href=\"http:\/\/www.lanouvellerepublique.fr\/Vienne\/Services\/Toutes-les-DMAs\/n\/Contenus\/DMAs\/2013\/04\/08\/Pas-de-cantine-demain-dans-les-ecoles-de-Poitiers-1403043\" target=\"_blank\">Entre autres gr\u00e9vistes, les territoriaux, chapeau \u00e0 elles et \u00e0 eux<\/a> !<\/em><\/p>\n<p style=\"text-align: justify\"><em>Voici le texte que nous diffuserons :<\/em><\/p>\n<p style=\"text-align: justify\"><strong>Quelques journ\u00e9es \u00e9parses ne suffiront pas<\/strong><\/p>\n<p style=\"text-align: justify\">L&rsquo;\u00e9conomie est en pleine restructuration. Oui, au cas o\u00f9 vous n&rsquo;auriez pas fait le lien, la gal\u00e8re que nous vivons nous et nos infortun\u00e9-e-s cong\u00e9n\u00e8res est une cons\u00e9quence de l&rsquo;actuelle restructuration du capitalisme, aussi appel\u00e9e \u00ab\u00a0La Crise\u00a0\u00bb et de la politique d&rsquo;aust\u00e9rit\u00e9 qui l&rsquo;accompagne. Le manque de thune, les prix qui augmentent, les salaires qui n&rsquo;augmentent pas, les subventions qui baissent, le flicage de P\u00f4le Emploi, les d\u00e9graissages et d\u00e9localisations. Tout \u00e7a on le prend en pleine gueule, parce que nous ne sommes pas une valeur sur laquelle le gouvernement souhaite investir. Investir pour renflouer les banques, \u00e7a c&rsquo;\u00e9tait une valeur s\u00fbre, mais nous, nous sommes trop risqu\u00e9-e-s. Trop habitu\u00e9-e-s aux largesses du syst\u00e8me social fran\u00e7ais. Mais \u00e7a va \u00ab\u00a0changer\u00a0\u00bb\u00a0nous dit-on !<\/p>\n<p style=\"text-align: justify\" align=\"JUSTIFY\">L&rsquo;actuel gouvernement \u00ab\u00a0\u00e9colo-socialiste\u00a0\u00bb, dans la continuit\u00e9 du pr\u00e9c\u00e9dent, cherche tous les moyens pour r\u00e9duire les d\u00e9penses de l&rsquo;\u00c9tat et pour obtenir de nouvelles rentr\u00e9es d&rsquo;argent. Point de \u00ab\u00a0changement\u00a0\u00bb l\u00e0-dedans, il s&rsquo;agit de g\u00e9rer la mis\u00e8re capitaliste sous des dehors humains, parce que quand m\u00eame, la gauche, Mitterrand, Blum, Jaur\u00e8s, \u2026 Et puis cr\u00e9er de l&#8217;emploi bordel\u00a0! M\u00eame du taf de merde, on s&rsquo;en fout, l&rsquo;important c&rsquo;est qu&rsquo;on puisse taxer les entreprises (mais pas trop, sinon elles d\u00e9localisent) et surtout les salari\u00e9-e-s (autant qu&rsquo;on veut, seul-e-s les plus fortun\u00e9-e-s se d\u00e9localisent).<\/p>\n<p style=\"text-align: justify\" align=\"JUSTIFY\">Dans ce contexte, l&rsquo;ANI est un gage de bonne volont\u00e9 accord\u00e9 au patronat. Une preuve de soumission de la gauche cogestionnaire, pour bien montrer qu&rsquo;elle est compatible avec l&rsquo;\u00e9conomie de march\u00e9 (mais qui en doutait encore ?). Cet accord, sign\u00e9 par la premi\u00e8re organisation patronale (le MEDEF) et trois centrales syndicales assez peu r\u00e9put\u00e9es pour leur combativit\u00e9 (CFDT, CFTC, CFE-CGC) est aussi une preuve que la France prend la mesure de la gravit\u00e9 de la \u00ab\u00a0crise\u00a0\u00bb et s&rsquo;organise en cons\u00e9quence pour tenter de faire repartir la croissance. Chouette&#8230;<\/p>\n<p style=\"text-align: justify\" align=\"JUSTIFY\">Voyons un peu o\u00f9 l\u2019on nous dirige. On nous fait bien comprendre que le \u00ab\u00a0mod\u00e8le social fran\u00e7ais\u00a0\u00bb c&rsquo;est termin\u00e9, que maintenant, crise oblige, il va falloir \u00eatre flexible, comp\u00e9titif. Un mini plan d&rsquo;ajustement structurel, \u00ab\u00a0auto-impos\u00e9\u00a0\u00bb dirons-nous. C&rsquo;est l\u00e0 que la chose est raffin\u00e9e. Contrairement \u00e0 ce qui se passe en Gr\u00e8ce par exemple, puisqu&rsquo;ici la situation est jug\u00e9e moins probl\u00e9matique, ce n&rsquo;est pas la Tro\u00efka (FMI, Commission Europ\u00e9enne et Banque Centrale Europ\u00e9enne) qui op\u00e8re. Nous n&rsquo;avons donc pas le sentiment d&rsquo;\u00eatre soumis-e-s \u00e0 la domination d&rsquo;un envahisseur venu d\u00e9manteler l&rsquo;\u00c9tat social et nous grappiller le peu de miettes qui tombaient encore du g\u00e2teau. Non, \u00e7a se passe entre fran\u00e7ais-e-s. D&rsquo;o\u00f9 peut-\u00eatre une opposition moindre \u00e0 cette politique de pr\u00e9carisation qui ne dit pas son nom.<\/p>\n<p style=\"text-align: justify\" align=\"JUSTIFY\">Pourtant cette attaque n&rsquo;est pas la premi\u00e8re et s&rsquo;inscrit dans la lign\u00e9e des pr\u00e9c\u00e9dentes tentatives r\u00e9ussies (2003, 2007, 2010) ou \u00e9chou\u00e9es (1995) de r\u00e9forme des r\u00e9gimes de retraite, ou de cr\u00e9er des contrats de merde toujours plus pr\u00e9caires (CIP en 1994, CPE\/CNE en 2006). Et elle en appelle d&rsquo;autres. Nous pensons que, face \u00e0 cela, nous devons nous donner les moyens d&rsquo;une r\u00e9sistance concr\u00e8te et durable. Une force capable de se d\u00e9fendre face \u00e0 de pareilles attaques, mais aussi (soyons dingues) de se donner les moyens de se voir conc\u00e9der toujours plus de miettes, et pourquoi pas d&rsquo;obtenir le g\u00e2teau tout entier.<\/p>\n<p style=\"text-align: justify\" align=\"JUSTIFY\">Nous souhaitons en cons\u00e9quence appeler \u00e0 la tenue d&rsquo;une assembl\u00e9e contre l&rsquo;aust\u00e9rit\u00e9 et la pr\u00e9carit\u00e9.<\/p>\n<p style=\"text-align: justify\" align=\"JUSTIFY\"><em>Quelques prol\u00e9taires<\/em><\/p>\n<p style=\"text-align: justify\" align=\"JUSTIFY\">Plus d&rsquo;info bient\u00f4t sur\u00a0:<\/p>\n<p style=\"text-align: justify\" align=\"JUSTIFY\">fa86.noblogs.org \u2013 epinenoire.noblogs.org \u2013 nidieuxnimaitreenpoitou.wordpress.com<\/p>\n<p style=\"text-align: justify\" align=\"JUSTIFY\"><em><strong>NdPN &#8211; Mise \u00e0 jour<\/strong> : nous avons distribu\u00e9 200 tracts. Plus d&rsquo;infos \u00e0 venir. <a href=\"http:\/\/www.bastamag.net\/article3036.html\" target=\"_blank\">Loi vot\u00e9e \u00e0 l&rsquo;Assembl\u00e9e, comme pr\u00e9vu<\/a>&#8230; Sinon, deux comptes-rendus de la journ\u00e9e par la NR : \u00e0 Poitiers, et \u00e0 Ch\u00e2tellerault.<\/em><\/p>\n<p style=\"text-align: justify\" align=\"JUSTIFY\"><strong>Poitiers<\/strong> : <a href=\"http:\/\/www.lanouvellerepublique.fr\/Vienne\/Actualite\/Economie-social\/n\/Contenus\/Articles\/2013\/04\/10\/Contre-l-accord-interprofessionnel-1405283\" target=\"_blank\"><strong>Contre l&rsquo;accord interprofessionnel<\/strong><\/a><\/p>\n<p style=\"text-align: justify\">Hier, Porte de Paris \u00e0 Poitiers, on pouvait voir des barrages de police et des drapeaux rouges, blancs, jaunes brandis par 200 manifestants pr\u00eats \u00e0 se diriger vers la pr\u00e9fecture. La CGT et Force Ouvri\u00e8re, avec le soutien de la FSU et Solidaires, appelaient en effet les salari\u00e9s du public et du priv\u00e9 \u00e0 manifester contre le vote par les d\u00e9put\u00e9s de l&rsquo;Accord national interprofessionnel (ANI).<\/p>\n<p style=\"text-align: justify\"><b>130 licenciements par mois en 2011<\/b><\/p>\n<p style=\"text-align: justify\">Catherine Giraud, secr\u00e9taire \u00e0 l&rsquo;union d\u00e9partementale CGT Vienne, s&rsquo;est fait porte-parole de ses camarades\u2009: <i>\u00ab L&rsquo;objectif de l&rsquo;ANI est soit disant de lutter contre le ch\u00f4mage. Or le vote de cet accord ne fera qu&rsquo;augmenter les sous-emplois \u00e0 travers des CDI intermittents. On obligera les salari\u00e9s \u00e0 \u00eatre mobiles sous peine de licenciement\u00a0 \u00bb<\/i>. En outre, les repr\u00e9sentants des syndicats pr\u00e9sents d\u00e9plorent une augmentation des licenciements\u2009: <i>\u00ab 130 par mois en 2011 et 1.525 ruptures conventionnelles de contrats de travail dans la Vienne \u00bb<\/i>. Force Ouvri\u00e8re, \u00e0 travers son secr\u00e9taire g\u00e9n\u00e9ral Alain Barreau, d\u00e9nonce\u2009:<i> \u00ab Cet accord va rendre les salari\u00e9s mall\u00e9ables, sans contraintes pour les patrons et sans hausse de salaires. En signant cet accord, le Parti Socialiste, le patronat, la CFDT, la CFTC et la CGC portent sur leurs \u00e9paules le poids d&rsquo;une r\u00e9gression sociale \u00e0 venir \u00bb<\/i>. Les revendications des syndicats\u2009oppos\u00e9s \u00e0 l&rsquo;ANI\u2009? <i>\u00ab Nous voulons une augmentation des salaires, des retraites, des pensions, des allocations et des minima sociaux. La situation des salari\u00e9s ne cesse d&#8217;empirer. Le ch\u00f4mage est en hausse depuis 22 mois et 8 millions de personnes en situation de pr\u00e9carit\u00e9 sont actuellement sur le march\u00e9 du travail \u00bb<\/i>, mart\u00e8le Alain Barreau. Les syndicats se disent pr\u00eats \u00e0 poursuivre leurs actions le 1<sup>er<\/sup> mai prochain si <i>\u00ab le gouvernement poursuit sur sa lanc\u00e9e, dangereuse pour les salari\u00e9s \u00bb<\/i>.<\/p>\n<p style=\"text-align: justify\">en savoir plus<\/p>\n<p style=\"text-align: justify\">500 salari\u00e9s du public (mairie, h\u00f4pitaux\u2026) et priv\u00e9 (Fonderies, Coop\u2026) ont manifest\u00e9 hier matin dans les rues de Ch\u00e2tellerault pour protester contre l&rsquo;ANI. Les deux Fonderies (Fonte et Alu) ainsi que la Snecma ont appel\u00e9 \u00e0 24 heures de gr\u00e8ve, a annonc\u00e9 Alain Delaveau, secr\u00e9taire de l&rsquo;UL-CGT.<\/p>\n<p style=\"text-align: justify\"><em>Aurore Ymonnet, 10 avril 2013<\/em><\/p>\n<p style=\"text-align: justify\"><strong>Ch\u00e2tellerault<\/strong> : <a href=\"http:\/\/www.lanouvellerepublique.fr\/Vienne\/Actualite\/Economie-social\/n\/Contenus\/Articles\/2013\/04\/10\/Cinq-cents-manifestants-dans-la-rue-1405097\" target=\"_blank\"><strong>Cinq cents manifestants dans la rue<\/strong><\/a><\/p>\n<p style=\"text-align: justify\">A l&rsquo;appel de la CGT et FO, 500 salari\u00e9s du public (mairie, h\u00f4pitaux\u2026) et priv\u00e9 (Fonderies, Coop\u2026) ont manifest\u00e9 dans les rues de Ch\u00e2tellerault pour protester contre l&rsquo;ANI, cet Accord national interprofessionnel sign\u00e9 le 11 janvier entre les organisations patronales et trois syndicats (CFDT, CFTC et CFE-CGC), et, en cours d&rsquo;examen au Parlement. (*)<\/p>\n<p style=\"text-align: justify\"><b>\u00a0\u00bb Chantage \u00e0 l&#8217;emploi\u2009\u00a0\u00bb<\/b><\/p>\n<p style=\"text-align: justify\">Ils demandent le retrait de ce projet de loi, <i>\u00ab ex-accord de comp\u00e9titivit\u00e9 emploi sous Nicolas Sarkozy \u00bb<\/i>, qui reste un <i>\u00ab texte de r\u00e9gression sociale \u00bb, <\/i>du<i> \u00ab chantage \u00e0 l&#8217;emploi \u00bb. <\/i>Un texte que les affiches et autres banderoles brandies r\u00e9sument ainsi\u2009: <i>\u00ab Travailler plus, gagner moins et loin de chez soi. \u00bb<\/i> Les deux fonderies (Fonte et Alu), ainsi que la Snecman ont appel\u00e9 \u00e0 24 heures de gr\u00e8ve, annonce Alain Delaveau, secr\u00e9taire de l&rsquo;UL CGT. <i>\u00ab \u00c0 la Fonte, on commence d\u00e9j\u00e0 \u00e0 nous mettre de la flexibilit\u00e9 avec la mise en place de s\u00e9ances de travail suppl\u00e9mentaires obligatoires. La col\u00e8re gronde dans les entreprises m\u00eame si elle n&rsquo;est pas forc\u00e9ment exprim\u00e9e dans la rue. \u00bb <\/i>Dominique Gougeon, de la CGT h\u00f4pital Camille-Gu\u00e9rin, estime<i> que \u00ab cet accord va cr\u00e9er soit des fermetures d&rsquo;usine soit une d\u00e9gradation des conditions de travail, en envoyant par exemple des salari\u00e9s travailler \u00e0 l&rsquo;autre bout de la France. \u00bb <\/i>Il craint une <i>\u00ab pr\u00e9carisation du travail \u00bb\u2009: \u00ab On pourra faire baisser les salaires pendant 2-3 ans sous pr\u00e9texte de productivit\u00e9. \u00bb<\/i> Autrement dit, r\u00e9sume un autre manifestant\u2009: <i>\u00ab Les pauvres travaillent pour l&rsquo;argent, l&rsquo;argent travaille pour les riches. \u00bb<\/i><\/p>\n<p style=\"text-align: justify\"><i>(*) L&rsquo;ANI pr\u00e9voit plus de flexibilit\u00e9 pour les employeurs (accords de maintien dans l&#8217;emploi, mobilit\u00e9 interne, refonte des proc\u00e9dures de licenciements\u2026) contre de nouveaux droits pour les salari\u00e9s (acc\u00e8s \u00e9largi aux mutuelles, droits rechargeables au ch\u00f4mage, formation\u2026). <\/i><\/p>\n<p style=\"text-align: justify\"><em>Denys Fr\u00e9tier, Nouvelle R\u00e9publique, 10 avril 2013<\/em><\/p>\n","protected":false},"excerpt":{"rendered":"<p>NdPN : rendez-vous pour le rassemblement contre l&rsquo;ANI \u00e0 14h30 aujourd&rsquo;hui, Porte de Paris. Entre autres gr\u00e9vistes, les territoriaux, chapeau \u00e0 elles et \u00e0 eux ! Voici le texte que nous diffuserons : Quelques journ\u00e9es \u00e9parses ne suffiront pas L&rsquo;\u00e9conomie est en pleine restructuration. Oui, au cas o\u00f9 vous n&rsquo;auriez pas fait le lien, la &hellip; <a href=\"https:\/\/fa86.noblogs.org\/?p=8610\" class=\"more-link\">Continuer la lecture de <span class=\"screen-reader-text\">[Poitiers] Journ\u00e9e de gr\u00e8ve du 9 avril<\/span> <span class=\"meta-nav\">&rarr;<\/span><\/a><\/p>\n","protected":false},"author":2691,"featured_media":0,"comment_status":"open","ping_status":"open","sticky":false,"template":"","format":"standard","meta":{"footnotes":""},"categories":[9,4],"tags":[],"class_list":["post-8610","post","type-post","status-publish","format-standard","hentry","category-la-rue-grogne","category-se-trouver"],"_links":{"self":[{"href":"https:\/\/fa86.noblogs.org\/index.php?rest_route=\/wp\/v2\/posts\/8610","targetHints":{"allow":["GET"]}}],"collection":[{"href":"https:\/\/fa86.noblogs.org\/index.php?rest_route=\/wp\/v2\/posts"}],"about":[{"href":"https:\/\/fa86.noblogs.org\/index.php?rest_route=\/wp\/v2\/types\/post"}],"author":[{"embeddable":true,"href":"https:\/\/fa86.noblogs.org\/index.php?rest_route=\/wp\/v2\/users\/2691"}],"replies":[{"embeddable":true,"href":"https:\/\/fa86.noblogs.org\/index.php?rest_route=%2Fwp%2Fv2%2Fcomments&post=8610"}],"version-history":[{"count":6,"href":"https:\/\/fa86.noblogs.org\/index.php?rest_route=\/wp\/v2\/posts\/8610\/revisions"}],"predecessor-version":[{"id":8612,"href":"https:\/\/fa86.noblogs.org\/index.php?rest_route=\/wp\/v2\/posts\/8610\/revisions\/8612"}],"wp:attachment":[{"href":"https:\/\/fa86.noblogs.org\/index.php?rest_route=%2Fwp%2Fv2%2Fmedia&parent=8610"}],"wp:term":[{"taxonomy":"category","embeddable":true,"href":"https:\/\/fa86.noblogs.org\/index.php?rest_route=%2Fwp%2Fv2%2Fcategories&post=8610"},{"taxonomy":"post_tag","embeddable":true,"href":"https:\/\/fa86.noblogs.org\/index.php?rest_route=%2Fwp%2Fv2%2Ftags&post=8610"}],"curies":[{"name":"wp","href":"https:\/\/api.w.org\/{rel}","templated":true}]}}