{"id":8614,"date":"2013-04-09T16:40:35","date_gmt":"2013-04-09T14:40:35","guid":{"rendered":"http:\/\/fa86.noblogs.org\/?p=8614"},"modified":"2013-04-10T09:22:14","modified_gmt":"2013-04-10T07:22:14","slug":"poitiers-operation-fantome-au-college-jean-moulin","status":"publish","type":"post","link":"https:\/\/fa86.noblogs.org\/?p=8614","title":{"rendered":"[Poitiers] Op\u00e9ration fant\u00f4me au coll\u00e8ge Jean-Moulin"},"content":{"rendered":"<p style=\"text-align: justify\"><img loading=\"lazy\" decoding=\"async\" class=\"alignnone\" alt=\"\" src=\"http:\/\/www.ludigaume.net\/Jeux\/E\/Ecole_Fantome_JDC\/ecole_fantome_jdc_MPLG_Boite.png\" width=\"274\" height=\"354\" \/><\/p>\n<p style=\"text-align: justify\"><a href=\"http:\/\/www.lanouvellerepublique.fr\/Vienne\/Services\/Toutes-les-DMAs\/n\/Contenus\/DMAs\/2013\/04\/09\/Poitiers-le-college-Jean-Moulin-demande-plus-de-moyens-1404400\" target=\"_blank\"><strong>86 &#8211;\u00a0 Poitiers: le coll\u00e8ge Jean-Moulin demande plus de moyens<\/strong><\/a><\/p>\n<p style=\"text-align: justify\">Parents d&rsquo;\u00e9l\u00e8ves, personnels et enseignants du coll\u00e8ge Jean-Moulin de Poitiers ont organis\u00e9 ce matin une op\u00e9ration \u00abfant\u00f4me\u00bb pour d\u00e9noncer le manque de moyens dont souffre leur \u00e9tablissement. Ils demandent notamment un poste suppl\u00e9mentaire de conseiller principal d&rsquo;\u00e9ducation et plus de moyens pour assurer leur mission d&rsquo;enseignement dans de bonnes conditions. Ce coll\u00e8ge, qui compte pr\u00e8s de 800 \u00e9l\u00e8ves attend quelque 150 nouveaux venus d\u00e8s la rentr\u00e9e prochaine. Plus d&rsquo;infos demain dans les pages Poitiers de la Nouvelle R\u00e9publique.<\/p>\n<p style=\"text-align: justify\"><em>D\u00e9p\u00eache Nouvelle R\u00e9publique, 9 avril 2013<\/em><\/p>\n<p style=\"text-align: justify\"><a href=\"http:\/\/www.lanouvellerepublique.fr\/Vienne\/Actualite\/Education\/n\/Contenus\/Articles\/2013\/04\/10\/Jean-Moulin-a-la-recherche-du-CPE-fantome-1404778\" target=\"_blank\"><strong>Jean-Moulin \u00e0 la recherche du CPE fant\u00f4me<\/strong><\/a><\/p>\n<p id=\"articleChapo\" style=\"text-align: justify\">Personnels, parents d\u2019\u00e9l\u00e8ves et enseignants du coll\u00e8ge Jean-Moulin ont manifest\u00e9 hier \u00e0 l\u2019entr\u00e9e de leur \u00e9tablissement pour demander plus de moyens.<\/p>\n<p style=\"text-align: justify\">C&rsquo;est entre deux giboul\u00e9es hier matin que des enseignants, des personnels et parents d&rsquo;\u00e9l\u00e8ves du coll\u00e8ge Jean-Moulin ont organis\u00e9 une \u00ab op\u00e9ration fant\u00f4me \u00bb devant les grilles de leur \u00e9tablissement.<\/p>\n<div id=\"text\" style=\"text-align: justify\">\n<p>Objectif\u2009: se faire \u00e0 nouveau entendre des autorit\u00e9s \u00e9ducatives, le recteur d&rsquo;acad\u00e9mie au premier chef, au sujet des difficult\u00e9s de l&rsquo;\u00e9tablissement. \u00ab <i>La situation est tr\u00e8s tendue,<\/i> explique Myriam Rossignol, enseignante documentaliste,<i> nous avons un besoin urgent de postes de CPE \u00e0 la vie scolaire et d&rsquo;un poste \u00e0 la gestion. Le nombre des \u00e9l\u00e8ves augmente, presque 800, avec des difficult\u00e9s scolaires et sociales. Au niveau des moyens horaires, il ne nous reste plus que quelques heures pour le travail des \u00e9l\u00e8ves en groupes en sciences physiques et technologie, par exemple. On nous dit, soit vous prenez des heures suppl\u00e9mentaires soit pas de groupes. \u00bb<\/i> Les personnels ont rencontr\u00e9 le recteur d&rsquo;acad\u00e9mie, \u00e0 deux reprises. Ce dernier, constatant sur place les difficult\u00e9s, aurait annonc\u00e9 aux enseignants que faute de moyens, il ne serait pas possible de r\u00e9pondre \u00e0 leurs demandes.<\/p>\n<p><b>\u00ab\u00a0\u2009Une situation tr\u00e8s tendue\u2009\u00a0\u00bb<\/b><\/p>\n<p>\u00ab <i>Pourtant,<\/i> ajoute une enseignante, <i>\u00e0 la rentr\u00e9e prochaine on aura plus d&rsquo;\u00e9l\u00e8ves que ce que le rectorat a pr\u00e9vu. R\u00e9cemment, 240 \u00e9l\u00e8ves de CM2 ont visit\u00e9 l&rsquo;\u00e9tablissement alors qu&rsquo;on en pr\u00e9voit 187. \u00bb<\/i> Les deux f\u00e9d\u00e9rations de parents d&rsquo;\u00e9l\u00e8ves, \u00e9galement pr\u00e9sentes devant les grilles de l&rsquo;\u00e9tablissement hier matin, sont venues en soutien de cette action. \u00ab <i>La situation est vraiment tr\u00e8s tendue<\/i>, r\u00e9sume Nathalie Michaud, m\u00e8re d&rsquo;un \u00e9l\u00e8ve de quatri\u00e8me et parent d\u00e9l\u00e9gu\u00e9 PEEP,<i> ici les personnels sont totalement investis. <\/i> <i>Ce coll\u00e8ge offre plein de possibilit\u00e9s mais on a besoin de plus. Un conseiller principal d&rsquo;\u00e9ducation pour 800 \u00e9l\u00e8ves, ce n&rsquo;est pas normal\u2009! \u00bb<\/i> A terme, les personnels de Jean-Moulin craignent aussi la suppression de la classe SEGPA (Section d&rsquo;enseignement g\u00e9n\u00e9ral et professionnel adapt\u00e9) qui pourrait \u00eatre red\u00e9ploy\u00e9e sur deux autres coll\u00e8ges.<\/p>\n<p><em>Jean-Michel Gouin, Nouvelle R\u00e9publique, 10 avril 2013<\/em><\/p>\n<\/div>\n","protected":false},"excerpt":{"rendered":"<p>86 &#8211;\u00a0 Poitiers: le coll\u00e8ge Jean-Moulin demande plus de moyens Parents d&rsquo;\u00e9l\u00e8ves, personnels et enseignants du coll\u00e8ge Jean-Moulin de Poitiers ont organis\u00e9 ce matin une op\u00e9ration \u00abfant\u00f4me\u00bb pour d\u00e9noncer le manque de moyens dont souffre leur \u00e9tablissement. Ils demandent notamment un poste suppl\u00e9mentaire de conseiller principal d&rsquo;\u00e9ducation et plus de moyens pour assurer leur mission &hellip; <a href=\"https:\/\/fa86.noblogs.org\/?p=8614\" class=\"more-link\">Continuer la lecture de <span class=\"screen-reader-text\">[Poitiers] Op\u00e9ration fant\u00f4me au coll\u00e8ge Jean-Moulin<\/span> <span class=\"meta-nav\">&rarr;<\/span><\/a><\/p>\n","protected":false},"author":2691,"featured_media":0,"comment_status":"open","ping_status":"open","sticky":false,"template":"","format":"standard","meta":{"footnotes":""},"categories":[17,9],"tags":[],"class_list":["post-8614","post","type-post","status-publish","format-standard","hentry","category-education-populaire","category-la-rue-grogne"],"_links":{"self":[{"href":"https:\/\/fa86.noblogs.org\/index.php?rest_route=\/wp\/v2\/posts\/8614","targetHints":{"allow":["GET"]}}],"collection":[{"href":"https:\/\/fa86.noblogs.org\/index.php?rest_route=\/wp\/v2\/posts"}],"about":[{"href":"https:\/\/fa86.noblogs.org\/index.php?rest_route=\/wp\/v2\/types\/post"}],"author":[{"embeddable":true,"href":"https:\/\/fa86.noblogs.org\/index.php?rest_route=\/wp\/v2\/users\/2691"}],"replies":[{"embeddable":true,"href":"https:\/\/fa86.noblogs.org\/index.php?rest_route=%2Fwp%2Fv2%2Fcomments&post=8614"}],"version-history":[{"count":4,"href":"https:\/\/fa86.noblogs.org\/index.php?rest_route=\/wp\/v2\/posts\/8614\/revisions"}],"predecessor-version":[{"id":8624,"href":"https:\/\/fa86.noblogs.org\/index.php?rest_route=\/wp\/v2\/posts\/8614\/revisions\/8624"}],"wp:attachment":[{"href":"https:\/\/fa86.noblogs.org\/index.php?rest_route=%2Fwp%2Fv2%2Fmedia&parent=8614"}],"wp:term":[{"taxonomy":"category","embeddable":true,"href":"https:\/\/fa86.noblogs.org\/index.php?rest_route=%2Fwp%2Fv2%2Fcategories&post=8614"},{"taxonomy":"post_tag","embeddable":true,"href":"https:\/\/fa86.noblogs.org\/index.php?rest_route=%2Fwp%2Fv2%2Ftags&post=8614"}],"curies":[{"name":"wp","href":"https:\/\/api.w.org\/{rel}","templated":true}]}}