{"id":8616,"date":"2013-04-09T16:45:34","date_gmt":"2013-04-09T14:45:34","guid":{"rendered":"http:\/\/fa86.noblogs.org\/?p=8616"},"modified":"2013-04-10T09:20:31","modified_gmt":"2013-04-10T07:20:31","slug":"saint-leger-de-montbrillais-86-recours-contre-la-carriere-de-vinci","status":"publish","type":"post","link":"https:\/\/fa86.noblogs.org\/?p=8616","title":{"rendered":"[Saint-L\u00e9ger-de-Montbrillais &#8211; 86] Recours contre la carri\u00e8re de Vinci"},"content":{"rendered":"<p style=\"text-align: justify\"><em><strong>NdPN<\/strong> : nous avons d\u00e9j\u00e0 relat\u00e9 plusieurs articles \u00e0 ce sujet, pour rappel <a href=\"http:\/\/www.lanouvellerepublique.fr\/Vienne\/Actualite\/Environnement\/n\/Contenus\/Articles\/2013\/01\/26\/Contre-l-avis-des-elus-le-prefet-dit-oui-a-la-carriere\" target=\"_blank\">voir cet article de la NR<\/a>.<\/em><\/p>\n<p style=\"text-align: justify\"><img loading=\"lazy\" decoding=\"async\" class=\"alignnone\" alt=\"\" src=\"http:\/\/www.lanouvellerepublique.fr\/var\/nrv2\/storage\/images\/contenus\/articles\/2013\/01\/26\/contre-l-avis-des-elus-le-prefet-dit-oui-a-la-carriere\/24549669-1-fre-FR\/Contre-l-avis-des-elus-le-prefet-dit-oui-a-la-carriere_reference.jpg\" width=\"600\" height=\"311\" \/><\/p>\n<p style=\"text-align: justify\"><a href=\"http:\/\/www.lanouvellerepublique.fr\/Vienne\/Services\/Toutes-les-DMAs\/n\/Contenus\/DMAs\/2013\/04\/09\/Recours-contre-la-carriere-de-Saint-Leger-de-Montbrillais-decision-en-fin-de-semaine-1404405\" target=\"_blank\"><strong>Recours contre la carri\u00e8re de Saint-L\u00e9ger-de-Montbrillais : d\u00e9cision en fin de semaine<\/strong><\/a><\/p>\n<p style=\"text-align: justify\">Ce matin, le tribunal administratif de Poitiers a examin\u00e9 le recours de deux associations, l&rsquo;association pour la protection du patrimoine architectural, rural et naturel (APPAR) et la Ligue contre la violence routi\u00e8re, demandant <i>\u00ab la suspension de l&rsquo;arr\u00eat\u00e9 du pr\u00e9fet de la Vienne du 23 janvier 2013 autorisant la soci\u00e9t\u00e9 Vinci construction terrassement \u00e0 exploiter une carri\u00e8re \u00e0 ciel ouvert sur la commune de Saint-L\u00e9ger-de-Monbrillais. \u00bb<\/i> Cette carri\u00e8re de 3,75 hectares, la plus grande du d\u00e9partement, doit \u00eatre en activit\u00e9 jusqu&rsquo;\u00e0 la fin de l&rsquo;ann\u00e9e avant d&rsquo;\u00eatre r\u00e9am\u00e9nag\u00e9e. Les opposants ont mis en avant l&rsquo;afflux de camions dangereux pour la s\u00e9curit\u00e9 routi\u00e8re sur un axe \u00e0 grande circulation et l&rsquo;impact sur l&rsquo;environnement. Les granulats ramass\u00e9s doivent notamment servir pour les travaux de remblai de la LGV. Le d\u00e9capage \u00e9tant termin\u00e9, les premiers tirs de mine devaient avoir lieu aujourd&rsquo;hui.Le jugement a \u00e9t\u00e9 mis en d\u00e9lib\u00e9r\u00e9 et le tribunal pourrait rendre sa d\u00e9cision vendredi.<\/p>\n<p style=\"text-align: justify\"><em>D\u00e9p\u00eache Nouvelle R\u00e9publique, 9 avril 2013<\/em><\/p>\n<p style=\"text-align: justify\"><a href=\"http:\/\/www.lanouvellerepublique.fr\/Vienne\/Actualite\/Faits-divers-justice\/n\/Contenus\/Articles\/2013\/04\/10\/Le-pot-de-terre-contre-le-pot-de-fer-1405228\" target=\"_blank\"><strong>\u00a0\u00bb Le pot de terre contre le pot de fer \u00ab\u00a0<\/strong><\/a><\/p>\n<p id=\"articleChapo\" style=\"text-align: justify\">Vendredi, l\u2019association s\u2019opposant \u00e0 l\u2019exploitation de la carri\u00e8re de Saint- L\u00e9ger-de-Montbrillais, saura si le tribunal administratif l\u2019a entendue.<\/p>\n<p style=\"text-align: justify\">Le tribunal administratif de Poitiers vient d&rsquo;examiner leur r\u00e9f\u00e9r\u00e9 <i>\u00ab demandant la suspension de l&rsquo;arr\u00eat\u00e9 du pr\u00e9fet de la Vienne du 23 janvier 2013 autorisant la soci\u00e9t\u00e9 Vinci construction terrassement \u00e0 exploiter une carri\u00e8re \u00e0 ciel ouvert sur la commune de Saint-L\u00e9ger-de-Montbrillais. \u00bb<\/i><\/p>\n<div id=\"text\" style=\"text-align: justify\">\n<p><b>Ins\u00e9curit\u00e9 routi\u00e8re<\/b><\/p>\n<p>A la sortie de l&rsquo;audience, Romain Bonnet, pr\u00e9sident de la Ligue contre la violence routi\u00e8re, sourit\u2009: \u00ab <i>C&rsquo;est le pot de terre contre le pot de fer \u00bb<\/i>. Anne-Marie Lassalle, vice-pr\u00e9sidente de l&rsquo;APPAR <sup>(1)<\/sup>, rel\u00e8ve\u2009: <i>\u00ab Aller en justice est une d\u00e9marche lourde et complexe. Si nous avons entam\u00e9 cette action, c&rsquo;est qu&rsquo;il y a mati\u00e8re. La d\u00e9cision du pr\u00e9fet nous a surpris. \u00bb<\/i> Le granulat de cette carri\u00e8re, la plus grande du d\u00e9partement avec ses 3,75 hectares, doit servir pour le remblai de la LGV.<i> \u00ab La carri\u00e8re fonctionnera jusqu&rsquo;\u00e0 la fin de l&rsquo;ann\u00e9e avant d&rsquo;\u00eatre r\u00e9am\u00e9nag\u00e9e en zone \u00e9cologique \u00bb<\/i>, pr\u00e9cise un repr\u00e9sentant de Vinci. Plus t\u00f4t, M<sup>e<\/sup> C\u00e9line Diguet, l&rsquo;avocate des requ\u00e9rants, a insist\u00e9 sur l&rsquo;ins\u00e9curit\u00e9 routi\u00e8re provoqu\u00e9e par l&rsquo;afflux de camions, <i>\u00ab plus d&rsquo;un toutes les deux minutes \u00bb,<\/i> sur une route, la RD 347, \u00e0 grande circulation <i>\u00ab avec 6.000 v\u00e9hicules par jour \u00bb<\/i>. Et selon elle, l&rsquo;\u00e9tude sur l&rsquo;impact environnemental pr\u00e9sente des lacunes. Pour Vinci, M<sup>e<\/sup> Olivier Coutard ironise apr\u00e8s avoir appris que l&rsquo;arr\u00eat\u00e9 pr\u00e9fectoral avait \u00e9t\u00e9 affich\u00e9 le 2 mars en mairie de Saint-L\u00e9ger.<i> \u00ab Pr\u00e8s de quarante jours pour arriver, c&rsquo;est long. \u00bb<\/i>. Tout comme il pointe la r\u00e9action tardive des associations\u2009: <i>\u00ab Vous intervenez le 15 mars alors que le d\u00e9capage a commenc\u00e9 le 18 f\u00e9vrier. \u00bb <\/i>Il est m\u00eame termin\u00e9. Les premiers tirs de mine \u00e9taient programm\u00e9s hier apr\u00e8s-midi. <i>\u00ab La DDT mentionne que toutes les pr\u00e9cautions ont \u00e9t\u00e9 prises vis-\u00e0-vis de l&rsquo;environnement. Le pire, ce serait de laisser les choses en l&rsquo;\u00e9tat. Faut-il voir une volont\u00e9 d&#8217;emp\u00eacher toute activit\u00e9 dans la p\u00e9riode \u00e9conomique actuelle\u2009? \u00bb<\/i> Le tribunal a mis son jugement en d\u00e9lib\u00e9r\u00e9. La d\u00e9cision sera rendue vendredi.<\/p>\n<p><i>(1) Association pour la protection du patrimoine architectural, rural et naturel.<\/i><\/p>\n<p><em>Jean-Fran\u00e7ois Rullier, Nouvelle R\u00e9publique, 10 avril 2013<\/em><\/p>\n<\/div>\n","protected":false},"excerpt":{"rendered":"<p>NdPN : nous avons d\u00e9j\u00e0 relat\u00e9 plusieurs articles \u00e0 ce sujet, pour rappel voir cet article de la NR. Recours contre la carri\u00e8re de Saint-L\u00e9ger-de-Montbrillais : d\u00e9cision en fin de semaine Ce matin, le tribunal administratif de Poitiers a examin\u00e9 le recours de deux associations, l&rsquo;association pour la protection du patrimoine architectural, rural et naturel &hellip; <a href=\"https:\/\/fa86.noblogs.org\/?p=8616\" class=\"more-link\">Continuer la lecture de <span class=\"screen-reader-text\">[Saint-L\u00e9ger-de-Montbrillais &#8211; 86] Recours contre la carri\u00e8re de Vinci<\/span> <span class=\"meta-nav\">&rarr;<\/span><\/a><\/p>\n","protected":false},"author":2691,"featured_media":0,"comment_status":"open","ping_status":"open","sticky":false,"template":"","format":"standard","meta":{"footnotes":""},"categories":[26],"tags":[],"class_list":["post-8616","post","type-post","status-publish","format-standard","hentry","category-construction-du-desert"],"_links":{"self":[{"href":"https:\/\/fa86.noblogs.org\/index.php?rest_route=\/wp\/v2\/posts\/8616","targetHints":{"allow":["GET"]}}],"collection":[{"href":"https:\/\/fa86.noblogs.org\/index.php?rest_route=\/wp\/v2\/posts"}],"about":[{"href":"https:\/\/fa86.noblogs.org\/index.php?rest_route=\/wp\/v2\/types\/post"}],"author":[{"embeddable":true,"href":"https:\/\/fa86.noblogs.org\/index.php?rest_route=\/wp\/v2\/users\/2691"}],"replies":[{"embeddable":true,"href":"https:\/\/fa86.noblogs.org\/index.php?rest_route=%2Fwp%2Fv2%2Fcomments&post=8616"}],"version-history":[{"count":4,"href":"https:\/\/fa86.noblogs.org\/index.php?rest_route=\/wp\/v2\/posts\/8616\/revisions"}],"predecessor-version":[{"id":8621,"href":"https:\/\/fa86.noblogs.org\/index.php?rest_route=\/wp\/v2\/posts\/8616\/revisions\/8621"}],"wp:attachment":[{"href":"https:\/\/fa86.noblogs.org\/index.php?rest_route=%2Fwp%2Fv2%2Fmedia&parent=8616"}],"wp:term":[{"taxonomy":"category","embeddable":true,"href":"https:\/\/fa86.noblogs.org\/index.php?rest_route=%2Fwp%2Fv2%2Fcategories&post=8616"},{"taxonomy":"post_tag","embeddable":true,"href":"https:\/\/fa86.noblogs.org\/index.php?rest_route=%2Fwp%2Fv2%2Ftags&post=8616"}],"curies":[{"name":"wp","href":"https:\/\/api.w.org\/{rel}","templated":true}]}}