{"id":8630,"date":"2013-04-11T09:46:36","date_gmt":"2013-04-11T07:46:36","guid":{"rendered":"http:\/\/fa86.noblogs.org\/?p=8630"},"modified":"2013-04-11T09:46:36","modified_gmt":"2013-04-11T07:46:36","slug":"poitiers-operation-tracteurs-devant-linspection-academique","status":"publish","type":"post","link":"https:\/\/fa86.noblogs.org\/?p=8630","title":{"rendered":"[Poitiers] Op\u00e9ration tracteurs devant l&rsquo;inspection acad\u00e9mique"},"content":{"rendered":"<p style=\"text-align: justify\"><a href=\"http:\/\/www.lanouvellerepublique.fr\/Vienne\/Actualite\/Education\/n\/Contenus\/Articles\/2013\/04\/11\/Operation-tracteurs-devant-l-inspection-academique-1406478\" target=\"_blank\"><strong>Op\u00e9ration tracteurs devant l&rsquo;inspection acad\u00e9mique<\/strong><\/a><\/p>\n<p style=\"text-align: justify\"><img loading=\"lazy\" decoding=\"async\" class=\"alignnone\" alt=\"\" src=\"http:\/\/www.lanouvellerepublique.fr\/var\/nrv2\/storage\/images\/contenus\/articles\/2013\/04\/11\/operation-tracteurs-devant-l-inspection-academique-1406478\/26338398-1-fre-FR\/Operation-tracteurs-devant-l-inspection-academique_reference.jpg\" width=\"600\" height=\"372\" \/><\/p>\n<p style=\"text-align: justify\"><em>C&rsquo;est avec des tracteurs qu&rsquo;\u00e9lus et parents d&rsquo;\u00e9l\u00e8ves du Rpi de Craon, Mazeuil et la Grimaudi\u00e8re sont venus protester devant l&rsquo;inspection acad\u00e9mique.<\/em><\/p>\n<p style=\"text-align: justify\"><i>L<\/i><i>&lsquo;\u00e9cole c&rsquo;est la vie du village,<\/i> revendique Gilles Dairon, \u00e9lu de la commune de Mazeuil qui avec une vingtaine d&rsquo;autres \u00e9lus et parents d&rsquo;\u00e9l\u00e8ves a fait, ce mercredi matin le d\u00e9placement jusqu&rsquo;\u00e0 Poitiers accompagn\u00e9 de tracteurs. Des huit engins d&rsquo;abord stationn\u00e9s sur un parking de la Demi-Lune, deux se sont ensuite dirig\u00e9s vers l&rsquo;inspection acad\u00e9mique ou une d\u00e9l\u00e9gation de dix personnes a \u00e9t\u00e9 re\u00e7ue. <i>\u00ab Nous venons dire notre d\u00e9saccord quant \u00e0 la suppression envisag\u00e9e d&rsquo;une classe du Regroupement p\u00e9dagogique intercommunal de Craon, Mazeuil et la Grimaudi\u00e8re, qui entra\u00eenerait carr\u00e9ment la fermeture d&rsquo;une \u00e9cole, et la cr\u00e9ation d&rsquo;une classe \u00e0 quatre niveaux puisque les \u00e9l\u00e8ves de CP se retrouveraient avec les maternelles. C&rsquo;est inenvisageable. \u00bb<\/i><\/p>\n<p style=\"text-align: justify\">Une op\u00e9ration tracteurs (et escargot) pr\u00e9vue initialement lundi matin. <i>\u00ab Nous l&rsquo;avions annul\u00e9e car nous avions re\u00e7u l&rsquo;assurance qu&rsquo;une d\u00e9l\u00e9gation de Poitiers viendrait rencontrer les parents d&rsquo;\u00e9l\u00e8ves des trois \u00e9coles, mardi. Mais ce rendez-vous a finalement \u00e9t\u00e9 report\u00e9 \u00e0 vendredi. Nous avons \u00e9t\u00e9 men\u00e9s en bateau, car c&rsquo;est aujourd&rsquo;hui (mercredi) que se tient le Conseil d\u00e9partemental de l&rsquo;\u00c9ducation nationale (Cden) qui doit ent\u00e9riner la carte scolaire 2013. Une rencontre vendredi ne servira \u00e0 rien. \u00bb<\/i><\/p>\n<p style=\"text-align: justify\"><b>Une fermeture d&rsquo;\u00e9cole<\/b><\/p>\n<p style=\"text-align: justify\">\u00c9lus et parents d&rsquo;\u00e9l\u00e8ves esp\u00e8rent \u00eatre entendus, mais n&rsquo;excluent pas d&rsquo;autres actions. <i>\u00ab Nous sommes pr\u00eats \u00e0 recommencer demain et apr\u00e8s demain et la semaine prochaine s&rsquo;il le faut. Notre \u00e9cole doit \u00eatre sauv\u00e9e, pour que la ruralit\u00e9 soit pr\u00e9serv\u00e9e, ainsi que l&rsquo;\u00e9quilibre du territoire. \u00bb <\/i><\/p>\n<p style=\"text-align: justify\"><em>Delphine L\u00e9ger, Nouvelle R\u00e9publique, 11 avril 2013<\/em><\/p>\n","protected":false},"excerpt":{"rendered":"<p>Op\u00e9ration tracteurs devant l&rsquo;inspection acad\u00e9mique C&rsquo;est avec des tracteurs qu&rsquo;\u00e9lus et parents d&rsquo;\u00e9l\u00e8ves du Rpi de Craon, Mazeuil et la Grimaudi\u00e8re sont venus protester devant l&rsquo;inspection acad\u00e9mique. L&lsquo;\u00e9cole c&rsquo;est la vie du village, revendique Gilles Dairon, \u00e9lu de la commune de Mazeuil qui avec une vingtaine d&rsquo;autres \u00e9lus et parents d&rsquo;\u00e9l\u00e8ves a fait, ce mercredi &hellip; <a href=\"https:\/\/fa86.noblogs.org\/?p=8630\" class=\"more-link\">Continuer la lecture de <span class=\"screen-reader-text\">[Poitiers] Op\u00e9ration tracteurs devant l&rsquo;inspection acad\u00e9mique<\/span> <span class=\"meta-nav\">&rarr;<\/span><\/a><\/p>\n","protected":false},"author":2691,"featured_media":0,"comment_status":"open","ping_status":"open","sticky":false,"template":"","format":"standard","meta":{"footnotes":""},"categories":[17,9],"tags":[],"class_list":["post-8630","post","type-post","status-publish","format-standard","hentry","category-education-populaire","category-la-rue-grogne"],"_links":{"self":[{"href":"https:\/\/fa86.noblogs.org\/index.php?rest_route=\/wp\/v2\/posts\/8630","targetHints":{"allow":["GET"]}}],"collection":[{"href":"https:\/\/fa86.noblogs.org\/index.php?rest_route=\/wp\/v2\/posts"}],"about":[{"href":"https:\/\/fa86.noblogs.org\/index.php?rest_route=\/wp\/v2\/types\/post"}],"author":[{"embeddable":true,"href":"https:\/\/fa86.noblogs.org\/index.php?rest_route=\/wp\/v2\/users\/2691"}],"replies":[{"embeddable":true,"href":"https:\/\/fa86.noblogs.org\/index.php?rest_route=%2Fwp%2Fv2%2Fcomments&post=8630"}],"version-history":[{"count":2,"href":"https:\/\/fa86.noblogs.org\/index.php?rest_route=\/wp\/v2\/posts\/8630\/revisions"}],"predecessor-version":[{"id":8632,"href":"https:\/\/fa86.noblogs.org\/index.php?rest_route=\/wp\/v2\/posts\/8630\/revisions\/8632"}],"wp:attachment":[{"href":"https:\/\/fa86.noblogs.org\/index.php?rest_route=%2Fwp%2Fv2%2Fmedia&parent=8630"}],"wp:term":[{"taxonomy":"category","embeddable":true,"href":"https:\/\/fa86.noblogs.org\/index.php?rest_route=%2Fwp%2Fv2%2Fcategories&post=8630"},{"taxonomy":"post_tag","embeddable":true,"href":"https:\/\/fa86.noblogs.org\/index.php?rest_route=%2Fwp%2Fv2%2Ftags&post=8630"}],"curies":[{"name":"wp","href":"https:\/\/api.w.org\/{rel}","templated":true}]}}