{"id":8647,"date":"2013-04-12T09:21:33","date_gmt":"2013-04-12T07:21:33","guid":{"rendered":"http:\/\/fa86.noblogs.org\/?p=8647"},"modified":"2013-04-12T09:21:33","modified_gmt":"2013-04-12T07:21:33","slug":"poitiers-carte-scolaire-le-recteur-reste-sur-la-meme-ligne","status":"publish","type":"post","link":"https:\/\/fa86.noblogs.org\/?p=8647","title":{"rendered":"[Poitiers] Carte scolaire : le recteur reste sur la m\u00eame ligne"},"content":{"rendered":"<p style=\"text-align: justify\"><a href=\"http:\/\/www.lanouvellerepublique.fr\/Vienne\/Actualite\/Education\/n\/Contenus\/Articles\/2013\/04\/12\/Carte-scolaire-le-recteur-reste-sur-la-meme-ligne-1407940\" target=\"_blank\"><strong>Carte scolaire : le recteur reste sur la m\u00eame ligne<\/strong><\/a><\/p>\n<p style=\"text-align: justify\"><img loading=\"lazy\" decoding=\"async\" class=\"alignnone\" alt=\"\" src=\"http:\/\/www.lanouvellerepublique.fr\/var\/nrv2\/storage\/images\/contenus\/articles\/2013\/04\/12\/carte-scolaire-le-recteur-reste-sur-la-meme-ligne-1407940\/26365127-1-fre-FR\/Carte-scolaire-le-recteur-reste-sur-la-meme-ligne_reference.jpg\" width=\"600\" height=\"302\" \/><\/p>\n<p style=\"text-align: justify\"><em>Des parents d&rsquo;\u00e9l\u00e8ves ont manifest\u00e9 contre la fermeture de classes de primaire dans trois \u00e9coles du d\u00e9partement. &#8211; (Photo Aurore Ymonnet)<\/em><\/p>\n<p style=\"text-align: justify\">Tous attendaient de la derni\u00e8re r\u00e9union du comit\u00e9 d\u00e9partemental de l\u2019\u00c9ducation nationale, des corrections au projet de carte scolaire 2013. Il n\u2019en fut rien.<\/p>\n<p style=\"text-align: justify\">Une trentaine de parents d&rsquo;\u00e9l\u00e8ves de trois \u00e9coles du d\u00e9partement, Alphonse-Daudet aux Couronneries, La Puye et le regroupement p\u00e9dagogique intercommunal (RPI) de Craon-Mazeuil-Le Verger, ont manifest\u00e9 devant la Pr\u00e9fecture de la Vienne. Ils ont tent\u00e9 une derni\u00e8re manifestation pour protester contre les suppressions de classes annonc\u00e9es pour la rentr\u00e9e de septembre 2013. <i>\u00ab A Mazeuil, les enfants seront oblig\u00e9s de faire de longs trajets en bus pour se rendre dans une autre \u00e9cole. Sans parler que cela va supprimer des postes. C&rsquo;est intol\u00e9rable\u2009! \u00bb<\/i> s&rsquo;insurgeaient les parents d&rsquo;\u00e9l\u00e8ves du RPI. Ils ont \u00e9t\u00e9 re\u00e7us par Yves S\u00e9guy, secr\u00e9taire g\u00e9n\u00e9ral de la pr\u00e9fecture. Mais rien n&rsquo;y a fait. De source syndicale, le recteur n&rsquo;a rien modifi\u00e9 au projet pr\u00e9sent\u00e9 le 18 mars dernier, de fermer 20 classes et d&rsquo;en ouvrir 20 autres.<\/p>\n<p style=\"text-align: justify\">D\u00e9sormais, il faudra attendre la rentr\u00e9e scolaire de septembre 2013 pour esp\u00e9rer des ajustements. Mais l\u00e0 encore, l&rsquo;optimisme est relatif. <i>\u00ab A priori, le recteur n&rsquo;aura pas beaucoup de marge de man\u0153uvre \u00bb,<\/i> indique Jean-Fran\u00e7ois Roland, secr\u00e9taire d\u00e9partemental SE-Unsa. Il \u00e9voque trois postes suppl\u00e9mentaires pour r\u00e9aliser ces modifications. En attendant, la grogne subsiste chez les parents d&rsquo;\u00e9l\u00e8ves en col\u00e8re.<\/p>\n<p style=\"text-align: justify\"><i>Les fermetures annonc\u00e9es<\/i><\/p>\n<p style=\"text-align: justify\"><b>Maternelles\u2009<\/b>: Poitiers Brel, Vouneuil-sous-Biard Cousteau, Couh\u00e9, Nouaill\u00e9-Maupertuis, Saint Beno\u00eet I. Jouenne. <b>\u00c9l\u00e9mentaires\u2009:<\/b> Lusignan, Poitiers Daudet, Ch\u00e2tellerault Jules-Ferry, Lussac-les-Ch\u00e2teaux, Ch\u00e2tellerault Antoign\u00e9, Quincay, Vouneuil-sous-Biard Desmoulins. <b>Primaires\u2009:<\/b> Ch\u00e2tellerault Lavoisier, la Roche-Posay, Adriers, Saint-Jean-de-Sauves, Chir\u00e9-en-Montreuil. RPI\u2009: Craon-Mazeuil-la Grimaudi\u00e8re, Ar\u00e7ay-Mouterre-Ranton-Saint Laon. Clis Rml Daudet transf\u00e9r\u00e9e dans l&rsquo;\u00e9cole Damien-Allard.<\/p>\n<p style=\"text-align: justify\"><i>Les ouvertures pr\u00e9vues<\/i><\/p>\n<p style=\"text-align: justify\"><b>Maternelles\u2009:<\/b> Les Roches-Pr\u00e9marie, Buxerolles Bourg, Vouneuil-sous-Biard Desmoulins, Mignaloux-Beauvoir, Ligug\u00e9, Quin\u00e7ay Desmoulins, Poitiers Brassens, Mirebeau. <b>\u00c9l\u00e9mentaires\u2009:<\/b> Poitiers Neruda, Vouneuil-sous-Biard Cousteau, Couh\u00e9, Scorb\u00e9-Clairvaux, Saint-Beno\u00eet I. Jouenne, Civray. <b>Primaires\u2009:<\/b> Magn\u00e9, Verri\u00e8res. RPI\u2009: La Chapelle-Montreuil-Montreuil Bonnin, Jardres-Pouill\u00e9-Terc\u00e9. Clis 1\u2009: Ch\u00e2tellerault Jules-Ferry, Lusignan.<\/p>\n<p style=\"text-align: justify\"><b>A propos des rythmes scolaires, on apprenait hier que tr\u00e8s peu d&rsquo;\u00e9coles basculeront \u00e0 4,5 jours \u00e0 la rentr\u00e9e prochaine. 63 \u00e9coles y \u00e9taient d\u00e9j\u00e0. En septembre, elles seront 77 \u00e0 travailler sur ce rythme scolaire.<\/b><\/p>\n<p style=\"text-align: justify\"><em>Aurore Ymonnet et Delphine Noyon, Nouvelle R\u00e9publique, 12 avril 2013<\/em><\/p>\n","protected":false},"excerpt":{"rendered":"<p>Carte scolaire : le recteur reste sur la m\u00eame ligne Des parents d&rsquo;\u00e9l\u00e8ves ont manifest\u00e9 contre la fermeture de classes de primaire dans trois \u00e9coles du d\u00e9partement. &#8211; (Photo Aurore Ymonnet) Tous attendaient de la derni\u00e8re r\u00e9union du comit\u00e9 d\u00e9partemental de l\u2019\u00c9ducation nationale, des corrections au projet de carte scolaire 2013. Il n\u2019en fut rien. &hellip; <a href=\"https:\/\/fa86.noblogs.org\/?p=8647\" class=\"more-link\">Continuer la lecture de <span class=\"screen-reader-text\">[Poitiers] Carte scolaire : le recteur reste sur la m\u00eame ligne<\/span> <span class=\"meta-nav\">&rarr;<\/span><\/a><\/p>\n","protected":false},"author":2691,"featured_media":0,"comment_status":"open","ping_status":"open","sticky":false,"template":"","format":"standard","meta":{"footnotes":""},"categories":[17,9],"tags":[],"class_list":["post-8647","post","type-post","status-publish","format-standard","hentry","category-education-populaire","category-la-rue-grogne"],"_links":{"self":[{"href":"https:\/\/fa86.noblogs.org\/index.php?rest_route=\/wp\/v2\/posts\/8647","targetHints":{"allow":["GET"]}}],"collection":[{"href":"https:\/\/fa86.noblogs.org\/index.php?rest_route=\/wp\/v2\/posts"}],"about":[{"href":"https:\/\/fa86.noblogs.org\/index.php?rest_route=\/wp\/v2\/types\/post"}],"author":[{"embeddable":true,"href":"https:\/\/fa86.noblogs.org\/index.php?rest_route=\/wp\/v2\/users\/2691"}],"replies":[{"embeddable":true,"href":"https:\/\/fa86.noblogs.org\/index.php?rest_route=%2Fwp%2Fv2%2Fcomments&post=8647"}],"version-history":[{"count":2,"href":"https:\/\/fa86.noblogs.org\/index.php?rest_route=\/wp\/v2\/posts\/8647\/revisions"}],"predecessor-version":[{"id":8649,"href":"https:\/\/fa86.noblogs.org\/index.php?rest_route=\/wp\/v2\/posts\/8647\/revisions\/8649"}],"wp:attachment":[{"href":"https:\/\/fa86.noblogs.org\/index.php?rest_route=%2Fwp%2Fv2%2Fmedia&parent=8647"}],"wp:term":[{"taxonomy":"category","embeddable":true,"href":"https:\/\/fa86.noblogs.org\/index.php?rest_route=%2Fwp%2Fv2%2Fcategories&post=8647"},{"taxonomy":"post_tag","embeddable":true,"href":"https:\/\/fa86.noblogs.org\/index.php?rest_route=%2Fwp%2Fv2%2Ftags&post=8647"}],"curies":[{"name":"wp","href":"https:\/\/api.w.org\/{rel}","templated":true}]}}