{"id":8677,"date":"2013-04-14T11:27:13","date_gmt":"2013-04-14T09:27:13","guid":{"rendered":"http:\/\/fa86.noblogs.org\/?p=8677"},"modified":"2013-04-14T11:27:13","modified_gmt":"2013-04-14T09:27:13","slug":"dal-86-urgent-appel-a-solidarite-pour-le-squat-letape","status":"publish","type":"post","link":"https:\/\/fa86.noblogs.org\/?p=8677","title":{"rendered":"[DAL 86] Urgent : appel \u00e0 solidarit\u00e9 pour le squat l\u2019Etape"},"content":{"rendered":"<p style=\"text-align: justify\"><a href=\"http:\/\/dal86.fr\/2013\/04\/14\/urgent-appel-a-solidarite-pour-le-squat-letape\/\" target=\"_blank\"><strong>Urgent appel \u00e0 solidarit\u00e9 pour le squat l\u2019Etape<\/strong><\/a><\/p>\n<p style=\"text-align: justify\">Dimanche dernier a eu lieu l\u2019ouverture officielle de l\u2019ex-foyer \u201cl\u2019Etape\u201d rue d\u2019Ol\u00e9ron. <a href=\"http:\/\/poitou-charentes.france3.fr\/2013\/04\/07\/poitiers-un-batiment-du-centre-ville-occupe-par-une-famille-roumaine-soutenue-par-le-dal-230275.html\" target=\"_blank\"><strong>VOIR<\/strong><\/a>, <a href=\"http:\/\/dal86.fr\/2013\/04\/07\/la-vente-des-locaux-de-lex-foyer-de-letape-une-vraie-provocation-a-legard-des-sans-logis-et-mal-loges\/\" target=\"_blank\"><strong>VOIR<\/strong><\/a> et <a href=\"http:\/\/www.lanouvellerepublique.fr\/Vienne\/communes\/Poitiers\/n\/Contenus\/Articles\/2013\/04\/03\/Rue-d-Oleron-la-Ville-vend-un-de-ses-immeubles-1395478\" target=\"_blank\"><strong>VOIR<\/strong><\/a>. Ce lieu sert \u00e0 palier l\u2019incapacit\u00e9 des autorit\u00e9s \u00e0 g\u00e9rer le probl\u00e8me de l\u2019h\u00e9bergement d\u2019urgence et plus g\u00e9n\u00e9ralement du logement, en particulier pour les familles et les personnes mises et maintenues par la pr\u00e9fecture en situation administrative irr\u00e9guli\u00e8re. En clair, de nombreuses familles et personnes vivant dans la rue ou dans des conditions de logement tr\u00e8s pr\u00e9caires \u00e0 Poitiers, et bien que la pr\u00e9fecture se serve de la solidarit\u00e9 pour ne pas avoir \u00e0 mettre la main \u00e0 la patte, il \u00e9tait urgent de faire quelque chose.<\/p>\n<p style=\"text-align: justify\"><b>Les habitants du squat l\u2019Etape ont besoin :<\/b><\/p>\n<p style=\"text-align: justify\">&#8211; de nourriture ; &#8211; d\u2019ustensiles de cuisine, d\u2019assiettes de verres de couverts ; &#8211; de gazini\u00e8res, plaques de cuisson et r\u00e9chauds, de machines \u00e0 laver le linge, de r\u00e9frig\u00e9rateurs ; &#8211; de matelas et de sommiers, de meubles, de tables de chaises ; &#8211; de produits et ustensiles de toilette, d\u2019entretien ; &#8211; d\u2019outils, de mat\u00e9riel, de produits de fabrication et r\u00e9paration, &#8211; de t\u00e9l\u00e9phones portables d\u00e9simlock\u00e9s ou \u00ab tout op\u00e9rateurs \u00bb &#8211; de fournitures scolaires et mat\u00e9riel informatique ; &#8211; de jouets et de jeux pour les enfants et les adultes : &#8211; \u2026<\/p>\n<p style=\"text-align: justify\">\u2192 les ustensiles, machines et outils peuvent bien s\u00fbr \u00eatre seulement pr\u00eat\u00e9s.<\/p>\n<p style=\"text-align: justify\"><b>Vous pouvez aussi aussi faire un don<\/b>. Ch\u00e8ques \u00e0 l\u2019ordre du DAL86 a envoyer \u00e0 DAL86, Maison de la Solidarit\u00e9, 22 rue du pigeon blanc 86000 POITIERS en pr\u00e9cisant au dos \u00ab Squat l\u2019Etape \u00bb.<\/p>\n<p style=\"text-align: justify\"><b>Pour tous renseignements : <\/b><a href=\"mailto:dal86@free.fr\">dal86@free.fr<\/a> ou au 05 49 88 94 56 (laisser un message nous vous rappellerons)<\/p>\n<p style=\"text-align: justify\"><a href=\"http:\/\/dal86.fr\/2012\/12\/19\/cest-pas-noel-pour-tout-le-monde\/sans-titre\/\" rel=\"attachment wp-att-913\"><img loading=\"lazy\" decoding=\"async\" alt=\"Un toit pour tous avec ou sans papier\" src=\"http:\/\/dal86.fr\/wp-content\/uploads\/2012\/12\/Sans-titre-150x150.jpg\" width=\"150\" height=\"150\" \/><\/a><\/p>\n<p style=\"text-align: justify\"><em>Vu sur DAL 86, 14 avril 2013<\/em><\/p>\n","protected":false},"excerpt":{"rendered":"<p>Urgent appel \u00e0 solidarit\u00e9 pour le squat l\u2019Etape Dimanche dernier a eu lieu l\u2019ouverture officielle de l\u2019ex-foyer \u201cl\u2019Etape\u201d rue d\u2019Ol\u00e9ron. VOIR, VOIR et VOIR. Ce lieu sert \u00e0 palier l\u2019incapacit\u00e9 des autorit\u00e9s \u00e0 g\u00e9rer le probl\u00e8me de l\u2019h\u00e9bergement d\u2019urgence et plus g\u00e9n\u00e9ralement du logement, en particulier pour les familles et les personnes mises et maintenues &hellip; <a href=\"https:\/\/fa86.noblogs.org\/?p=8677\" class=\"more-link\">Continuer la lecture de <span class=\"screen-reader-text\">[DAL 86] Urgent : appel \u00e0 solidarit\u00e9 pour le squat l\u2019Etape<\/span> <span class=\"meta-nav\">&rarr;<\/span><\/a><\/p>\n","protected":false},"author":2691,"featured_media":0,"comment_status":"open","ping_status":"open","sticky":false,"template":"","format":"standard","meta":{"footnotes":""},"categories":[12,4],"tags":[],"class_list":["post-8677","post","type-post","status-publish","format-standard","hentry","category-okupa-y-resiste","category-se-trouver"],"_links":{"self":[{"href":"https:\/\/fa86.noblogs.org\/index.php?rest_route=\/wp\/v2\/posts\/8677","targetHints":{"allow":["GET"]}}],"collection":[{"href":"https:\/\/fa86.noblogs.org\/index.php?rest_route=\/wp\/v2\/posts"}],"about":[{"href":"https:\/\/fa86.noblogs.org\/index.php?rest_route=\/wp\/v2\/types\/post"}],"author":[{"embeddable":true,"href":"https:\/\/fa86.noblogs.org\/index.php?rest_route=\/wp\/v2\/users\/2691"}],"replies":[{"embeddable":true,"href":"https:\/\/fa86.noblogs.org\/index.php?rest_route=%2Fwp%2Fv2%2Fcomments&post=8677"}],"version-history":[{"count":2,"href":"https:\/\/fa86.noblogs.org\/index.php?rest_route=\/wp\/v2\/posts\/8677\/revisions"}],"predecessor-version":[{"id":8679,"href":"https:\/\/fa86.noblogs.org\/index.php?rest_route=\/wp\/v2\/posts\/8677\/revisions\/8679"}],"wp:attachment":[{"href":"https:\/\/fa86.noblogs.org\/index.php?rest_route=%2Fwp%2Fv2%2Fmedia&parent=8677"}],"wp:term":[{"taxonomy":"category","embeddable":true,"href":"https:\/\/fa86.noblogs.org\/index.php?rest_route=%2Fwp%2Fv2%2Fcategories&post=8677"},{"taxonomy":"post_tag","embeddable":true,"href":"https:\/\/fa86.noblogs.org\/index.php?rest_route=%2Fwp%2Fv2%2Ftags&post=8677"}],"curies":[{"name":"wp","href":"https:\/\/api.w.org\/{rel}","templated":true}]}}