{"id":8680,"date":"2013-04-15T10:24:39","date_gmt":"2013-04-15T08:24:39","guid":{"rendered":"http:\/\/fa86.noblogs.org\/?p=8680"},"modified":"2013-04-15T10:24:39","modified_gmt":"2013-04-15T08:24:39","slug":"seme-ta-zad-a-notre-dame-des-landes-les-zadistes-recultivent-les-terres","status":"publish","type":"post","link":"https:\/\/fa86.noblogs.org\/?p=8680","title":{"rendered":"\u00ab S\u00c8ME TA ZAD ! \u00bb A Notre-Dame-des-Landes, les zadistes recultivent les terres"},"content":{"rendered":"<p style=\"text-align: justify\"><a href=\"http:\/\/paris.indymedia.org\/spip.php?article13355\" target=\"_blank\"><strong>\u00ab S\u00c8ME TA ZAD ! \u00bb A Notre-Dame-des-Landes, les zadistes recultivent les terres<\/strong><\/a><\/p>\n<p style=\"text-align: justify\">\u00ab\u00a0Avec \u2018S\u00c8ME TA ZAD !\u2019 nous voulons mettre en place, d\u00e8s maintenant une communisation des terres et des pratiques. Nous prenons la terre et nous la garderons !\u00a0\u00bb<\/p>\n<p style=\"text-align: justify\">Pas question de laisser le champ libre \u00e0 Vinci. Plus d\u2019un millier d\u2019opposants \u2013 arm\u00e9 de b\u00eaches, de fourches, de pioches et autres outils, venant de tous horizons \u2013 au tr\u00e8s hypoth\u00e9tique futur a\u00e9roport de Notre-Dame-des-Landes ont organis\u00e9 une manifestation, samedi 13 avril, sur la Zone \u00e0 d\u00e9fendre. Au programme de la journ\u00e9e, nomm\u00e9e \u00ab S\u00c8ME TA ZAD ! \u00bb, plantations de pommes de terre, semis, montage de serre, poulailler, petits fruiti\u00e9s, r\u00e9fection de cl\u00f4ture, cr\u00e9ation de chemins pour ne pas ab\u00eemer les champs (\u00e9viter la police aussi\u2026) et curage de foss\u00e9s.<\/p>\n<p style=\"text-align: justify\"><img loading=\"lazy\" decoding=\"async\" class=\"alignnone\" alt=\"\" src=\"http:\/\/paris.indymedia.org\/IMG\/jpg\/2723555_11-new.jpg\" width=\"720\" height=\"479\" \/><\/p>\n<p style=\"text-align: justify\">Bizarrement, aucune trace des barrages de flics !!! Ils ont d\u00fb choisir de faire profil bas, ou de faire comme si il n\u2019y avait pas d\u2019occupation militaire quand les m\u00e9dias d\u00e9barquent\u2026 Dans le cort\u00e8ge au sud de la Zad, une \u00ab samba \u00bb suivait une banderole proclamant \u00ab S\u00e8me ta Zad, occuper, cultiver, r\u00e9sister \u00bb.<\/p>\n<p style=\"text-align: justify\">Malgr\u00e9 l\u2019arriv\u00e9e du printemps, c\u2019est sous la pluie qu\u2019un des groupes a emprunt\u00e9 la RD281, cette route barr\u00e9e de chicanes depuis le d\u00e9but des tentatives d\u2019expulsion en octobre 2012, o\u00f9 de multiples affrontements avec ces chiens de CRS ont eu lieu.<i> \u00ab\u00a0Avec les diff\u00e9rents chantiers agricoles, nous renforcerons l\u2019implantation dans la dur\u00e9e des occupations sur la Zad\u00a0\u00bb<\/i>, a expliqu\u00e9 un porte-parole des camarades zadistes, mont\u00e9 sur une remorque,<i> \u00ab\u00a0Construire l\u00e0 o\u00f9 il veulent d\u00e9truire, cultiver l\u00e0 o\u00f9 ils veulent b\u00e9tonner\u00a0\u00bb<\/i>, a-t-il proclam\u00e9.. !<\/p>\n<p style=\"text-align: justify\">Dans le Sabot, une vingtaine de zadistes ont enrichi \u00e0 l\u2019aide de fumier un grand jardin mara\u00eecher collectif. Dans un autre, \u00e0 c\u00f4t\u00e9 de nouvelles cabanes baptis\u00e9es les 100 Noms, des rangs de pommes de terre et de fraisiers \u00e9taient plant\u00e9s. Apr\u00e8s avoir d\u00e9jeun\u00e9 autour de tentes de restauration collective, les zadistes se sont dispers\u00e9s vers les diff\u00e9rents ateliers de curage de foss\u00e9s ou de r\u00e9fection de cl\u00f4ture, certains chantiers pr\u00e9vus ayant d\u00fb \u00eatre repouss\u00e9s \u00e0 cause de la pluie et de la terre d\u00e9tremp\u00e9e. Au nord, o\u00f9 la ferme de Bellevue est occup\u00e9e depuis janvier \u2013 par le collectif \u00ab\u00a0Copain\u00a0\u00bb, regroupement d\u2019organisations agricoles en lutte contre l\u2019a\u00e9roport \u2013 pour \u00e9viter sa destruction, plusieurs centaines de zadistes se sont \u00e9galement rassembl\u00e9s. Ils y ont fait la premi\u00e8re fourn\u00e9e de pain sortie du vieux four en pierre qu\u2019ils avaient remis en \u00e9tat il y a peu.<\/p>\n<p style=\"text-align: justify\"><i>\u00ab L\u2019hiver n\u2019a pas \u00e9t\u00e9 \u00e9vident, les conditions climatiques, la fatigue, le stress\u2026 \u00bb [&#8230;] \u00ab L\u00e0, on est au d\u00e9but du printemps, c\u2019est plein de nouvelles \u00e9nergies \u00bb [&#8230;] \u00ab peut-\u00eatre qu\u2019on va pas faire germer des graines mais on va faire germer plein d\u2019id\u00e9es qui vont durer des semaines \u00bb.<\/i><\/p>\n<p style=\"text-align: justify\">Une certaine \u00ab animosit\u00e9 \u00bb fut ressentie envers les collabos journalistes des merdias mainstream\u2026 Il parait que deux v\u00e9hicules sigl\u00e9s des logos de la presse, ont eu leurs pneus d\u00e9gonfl\u00e9s, la boue a fus\u00e9e \u00e0 plusieurs reprises sur une \u00e9quipe t\u00e9l\u00e9, et au micro, il a \u00e9t\u00e9 \u00e9videmment demand\u00e9 aux \u00ab journalistes journaleux des m\u00e9dias bourgeois \u00bb de ne pas filmer les personnes pr\u00e9sentes sans leur permission. On se demande pourquoi\u2026 \ud83d\ude09<\/p>\n<p style=\"text-align: justify\"><strong>Article <\/strong>avec photos, carte et vid\u00e9o&#8230;<\/p>\n<p style=\"text-align: justify\"><a href=\"http:\/\/pagedesuie.wordpress.com\/2013\/04\/15\/seme-ta-zad-a-notre-dames-des-landes-les-zadistes-recultivent-les-terres\/\">http:\/\/pagedesuie.wordpress.com\/2013\/04\/15\/seme-ta-zad-a-notre-dames-des-landes-les-zadistes-recultivent-les-terres\/<\/a><\/p>\n<p style=\"text-align: justify\"><em>Vu sur Indymedia Paris, 15 avril 2013<\/em><\/p>\n","protected":false},"excerpt":{"rendered":"<p>\u00ab S\u00c8ME TA ZAD ! \u00bb A Notre-Dame-des-Landes, les zadistes recultivent les terres \u00ab\u00a0Avec \u2018S\u00c8ME TA ZAD !\u2019 nous voulons mettre en place, d\u00e8s maintenant une communisation des terres et des pratiques. Nous prenons la terre et nous la garderons !\u00a0\u00bb Pas question de laisser le champ libre \u00e0 Vinci. Plus d\u2019un millier d\u2019opposants \u2013 &hellip; <a href=\"https:\/\/fa86.noblogs.org\/?p=8680\" class=\"more-link\">Continuer la lecture de <span class=\"screen-reader-text\">\u00ab S\u00c8ME TA ZAD ! \u00bb A Notre-Dame-des-Landes, les zadistes recultivent les terres<\/span> <span class=\"meta-nav\">&rarr;<\/span><\/a><\/p>\n","protected":false},"author":2691,"featured_media":0,"comment_status":"open","ping_status":"open","sticky":false,"template":"","format":"standard","meta":{"footnotes":""},"categories":[18,12],"tags":[],"class_list":["post-8680","post","type-post","status-publish","format-standard","hentry","category-decroissance-libertaire","category-okupa-y-resiste"],"_links":{"self":[{"href":"https:\/\/fa86.noblogs.org\/index.php?rest_route=\/wp\/v2\/posts\/8680","targetHints":{"allow":["GET"]}}],"collection":[{"href":"https:\/\/fa86.noblogs.org\/index.php?rest_route=\/wp\/v2\/posts"}],"about":[{"href":"https:\/\/fa86.noblogs.org\/index.php?rest_route=\/wp\/v2\/types\/post"}],"author":[{"embeddable":true,"href":"https:\/\/fa86.noblogs.org\/index.php?rest_route=\/wp\/v2\/users\/2691"}],"replies":[{"embeddable":true,"href":"https:\/\/fa86.noblogs.org\/index.php?rest_route=%2Fwp%2Fv2%2Fcomments&post=8680"}],"version-history":[{"count":1,"href":"https:\/\/fa86.noblogs.org\/index.php?rest_route=\/wp\/v2\/posts\/8680\/revisions"}],"predecessor-version":[{"id":8681,"href":"https:\/\/fa86.noblogs.org\/index.php?rest_route=\/wp\/v2\/posts\/8680\/revisions\/8681"}],"wp:attachment":[{"href":"https:\/\/fa86.noblogs.org\/index.php?rest_route=%2Fwp%2Fv2%2Fmedia&parent=8680"}],"wp:term":[{"taxonomy":"category","embeddable":true,"href":"https:\/\/fa86.noblogs.org\/index.php?rest_route=%2Fwp%2Fv2%2Fcategories&post=8680"},{"taxonomy":"post_tag","embeddable":true,"href":"https:\/\/fa86.noblogs.org\/index.php?rest_route=%2Fwp%2Fv2%2Ftags&post=8680"}],"curies":[{"name":"wp","href":"https:\/\/api.w.org\/{rel}","templated":true}]}}