{"id":8691,"date":"2013-04-16T19:13:21","date_gmt":"2013-04-16T17:13:21","guid":{"rendered":"http:\/\/fa86.noblogs.org\/?p=8691"},"modified":"2013-04-16T19:13:21","modified_gmt":"2013-04-16T17:13:21","slug":"dal-86-squat-letape-halte-aux-intimidations","status":"publish","type":"post","link":"https:\/\/fa86.noblogs.org\/?p=8691","title":{"rendered":"[DAL 86] Squat l\u2019Etape : halte aux intimidations !"},"content":{"rendered":"<p style=\"text-align: justify\"><a href=\"http:\/\/dal86.fr\/2013\/04\/16\/squat-letape-halte-aux-intimidations\/\" target=\"_blank\"><strong>Squat l\u2019Etape : halte aux intimidations !<\/strong><\/a><\/p>\n<p style=\"text-align: justify\" align=\"JUSTIFY\">Hier lundi 15 avri \u00e0 17h10, les huissiers sont pass\u00e9s au squat l\u2019Etape. Ils ont tout visit\u00e9, pris des photos et les identit\u00e9s. Ils avaient une \u00ab <i>requ\u00eate \u00e0 fin de constat<\/i> \u00bb et une ordonnance obtenue du juge Philippe Darrieux, premier vice-pr\u00e9sident du Tribunal de Grande Instance qui leur donnait la possibilit\u00e9 de se faire assister d\u2019un serrurier et s\u2019assurer le concours de la force publique.<\/p>\n<p style=\"text-align: justify\" align=\"JUSTIFY\">En effet, il est facile pour ceux qui sont tout puissants de violer les droits fondamentaux des gens. Car tout ce syst\u00e8me de requ\u00eates permet entre autres de bafouer le droit d\u2019avoir un proc\u00e8s \u00e9quitable. D\u00e9j\u00e0 cette justice exp\u00e9ditive fleure mauvais l\u2019abus de pouvoir, mais c\u2019est la n\u00e9gation de la justice m\u00eame. Justice exp\u00e9ditive r\u00e9p\u00e9tons-le, encourag\u00e9e par les juges.<\/p>\n<p style=\"text-align: justify\" align=\"JUSTIFY\">D\u2019apr\u00e8s la requ\u00eate \u00e0 fin de constat \u00ab <i>la requ\u00e9rante<\/i> [la commune de Poitiers] <i>a en cons\u00e9quence le plus grand int\u00e9r\u00eat \u00e0 faire constater cette situation<\/i> [occupation sans droit ni titre] <i>et les conditions actuelles d\u2019occupation des lieux<\/i>. \u00bb. Nous nous interrogeons : \u00e0 quelle fin mettre en place cette proc\u00e9dure de justice exp\u00e9ditive ? Est-ce pour constater qu\u2019il y a des personnes et familles \u00e0 la rue aujourd\u2019hui \u00e0 Poitiers et que la municipalit\u00e9 se rende \u00e0 l\u2019\u00e9vidence et arr\u00eate de d\u00e9nier cette r\u00e9alit\u00e9 ?<\/p>\n<p style=\"text-align: justify\" align=\"JUSTIFY\">Eh bien non, la requ\u00eate pr\u00e9cise sans surprise : l\u2019occupation de l\u2019immeuble du 6 rue d\u2019Ol\u00e9ron cause \u00ab <i>un trouble manifestement illicite qu\u2019il s\u2019agit de faire cesser<\/i> \u00bb.<\/p>\n<p style=\"text-align: justify\" align=\"JUSTIFY\">Quel cynisme ! N\u2019est-ce pas plut\u00f4t la mis\u00e8re et le fait d\u2019\u00eatre sans abri, qui plus est avec des enfants dont certains ont \u00e0 peine un an et des femmes enceintes, qui est \u00ab <i>un trouble manifestement illicite qu\u2019il s\u2019agit de faire cesser<\/i> \u00bb. Rappelons que ces locaux, cr\u00e9es sp\u00e9cialement pour accueillir des familles, sont vacants depuis un an et demi et en train de se d\u00e9grader. Le \u00ab <i>trouble manifestement illicite qu\u2019il s\u2019agit de faire cesser<\/i> \u00bb est bien la violation syst\u00e9matique des droits humains fondamentaux par les autorit\u00e9s, et en particulier la pr\u00e9fecture, et non pas l\u2019occupation de ces locaux qui sont vou\u00e9s \u00e0 \u00eatre vendus et qui resteront vacants jusqu\u2019au moins le 30 novembre 2013 puisque l\u2019acqu\u00e9reur, qui veut r\u00e9habiliter tout l\u2019int\u00e9rieur, a mis comme condition dans le compromis de vente de trouver la moiti\u00e9 de ses acqu\u00e9reurs (8 sur 16) d\u2019ici l\u00e0. Ce qui, vu la crise, ne semble pas vraiment gagn\u00e9. En fait, toute cette op\u00e9ration n\u2019est-elle pas une tentative de soustraire ces locaux ad\u00e9quats \u00e0 sa vocation premi\u00e8re : accueillir des personnes et des familles dans le besoin ?<\/p>\n<p style=\"text-align: justify\" align=\"JUSTIFY\">Car les besoins sont immenses et les solutions peu nombreuses. Alors que le nombre de places du CHUS (115) et les autres solutions d\u2019h\u00e9bergement et de logement semblent avoir fortement diminu\u00e9s, le SAIO est asphyxi\u00e9 par le nombre des demandes et les associations sont contact\u00e9es tous les jours par des personnes et des familles sans logis ou mal log\u00e9es. Il y a aujourd\u2019hui dans le squat de l\u2019Etape 5 familles et une personne seule soit 18 personnes dont 8 enfants (1 an, 2 ans, 5 ans, 6 ans, 8 ans, 10 ans, 13 ans et 14 ans) et 2 femmes enceintes. Deux autres familles sans logis (6 personnes dont 2 enfants de 2 ans et 4 ans et une femme enceinte) devraient y venir cette semaine. Deux autres familles (9 personnes dont 5 enfants) encore la semaine d\u2019apr\u00e8s.<\/p>\n<p style=\"text-align: justify\" align=\"JUSTIFY\">Enfin, pourquoi le maire, au lieu de saisir la justice et d\u2019envoyer huissiers et policiers pour \u00ab <i>constater l\u2019occupation<\/i> \u00bb ne s\u2019est-il pas d\u00e9plac\u00e9 lui-m\u00eame ? Il aurait bien-s\u00fbr \u00e9t\u00e9 re\u00e7u et aurait pu \u00e9changer avec les les occupants. Ils auraient m\u00eame pu lui faire des propositions pour sortir par le haut de cette situation. En particulier, de contracter une convention d\u2019occupation pr\u00e9caire ou alors mettre \u00e0 disposition du CHUS ces locaux jusqu\u2019\u00e0 leur vente effective.<\/p>\n<p style=\"text-align: justify\" align=\"JUSTIFY\">Pourquoi alors faire cette \u00ab requ\u00eate \u00bb si ce n\u2019est pour faire peur et intimider, terroriser des personnes et des familles qui n\u2019ont rien fait de mal au contraire puisque \u00e9tant en \u00e9tat de n\u00e9cessit\u00e9, ils se sont r\u00e9fugi\u00e9s et prot\u00e9g\u00e9s eux et leurs enfants dans des locaux inoccup\u00e9s et promis \u00e0 la r\u00e9novation si non \u00e0 la destruction ?<\/p>\n<p style=\"text-align: justify\" align=\"CENTER\"><strong>Au lieu de chercher \u00e0 faire peur aux gens et \u00e0 les intimider, le maire de Poitiers devrait mettre en \u0153uvre vraies solutions. <\/strong><\/p>\n<p style=\"text-align: justify\" align=\"CENTER\"><strong>Mise \u00e0 disposition des logements et locaux vacants des collectivit\u00e9s, r\u00e9quisitions des logements priv\u00e9s vacants.<\/strong><\/p>\n<p style=\"text-align: justify\" align=\"CENTER\"><strong><b>Un logement est un droit avec ou sans papiers<\/b><\/strong><\/p>\n<p style=\"text-align: justify\" align=\"RIGHT\"><em><a href=\"http:\/\/dal86.fr\/\" target=\"_blank\">DAL86<\/a><\/em><em> \u2013 <\/em><em><a href=\"mailto:dal86@free.fr\" target=\"_blank\">dal86@free.fr<\/a><\/em><em> \u2013 06 52 93 54 44 \/ 05 49 88 94 56<\/em><\/p>\n<p style=\"text-align: justify\" align=\"RIGHT\"><em>Permanences : tous les samedis matin de 11h \u00e0 12h et tous les mardis soirs de 17h \u00e0 18h Maison de la Solidarit\u00e9 22 rue du Pigeon Blanc Poitiers<\/em><\/p>\n<p style=\"text-align: justify\" align=\"RIGHT\"><em>Vu sur DAL 86, 16 avril 2013<\/em><\/p>\n","protected":false},"excerpt":{"rendered":"<p>Squat l\u2019Etape : halte aux intimidations ! Hier lundi 15 avri \u00e0 17h10, les huissiers sont pass\u00e9s au squat l\u2019Etape. Ils ont tout visit\u00e9, pris des photos et les identit\u00e9s. Ils avaient une \u00ab requ\u00eate \u00e0 fin de constat \u00bb et une ordonnance obtenue du juge Philippe Darrieux, premier vice-pr\u00e9sident du Tribunal de Grande Instance &hellip; <a href=\"https:\/\/fa86.noblogs.org\/?p=8691\" class=\"more-link\">Continuer la lecture de <span class=\"screen-reader-text\">[DAL 86] Squat l\u2019Etape : halte aux intimidations !<\/span> <span class=\"meta-nav\">&rarr;<\/span><\/a><\/p>\n","protected":false},"author":2691,"featured_media":0,"comment_status":"open","ping_status":"open","sticky":false,"template":"","format":"standard","meta":{"footnotes":""},"categories":[12,16],"tags":[],"class_list":["post-8691","post","type-post","status-publish","format-standard","hentry","category-okupa-y-resiste","category-repression"],"_links":{"self":[{"href":"https:\/\/fa86.noblogs.org\/index.php?rest_route=\/wp\/v2\/posts\/8691","targetHints":{"allow":["GET"]}}],"collection":[{"href":"https:\/\/fa86.noblogs.org\/index.php?rest_route=\/wp\/v2\/posts"}],"about":[{"href":"https:\/\/fa86.noblogs.org\/index.php?rest_route=\/wp\/v2\/types\/post"}],"author":[{"embeddable":true,"href":"https:\/\/fa86.noblogs.org\/index.php?rest_route=\/wp\/v2\/users\/2691"}],"replies":[{"embeddable":true,"href":"https:\/\/fa86.noblogs.org\/index.php?rest_route=%2Fwp%2Fv2%2Fcomments&post=8691"}],"version-history":[{"count":2,"href":"https:\/\/fa86.noblogs.org\/index.php?rest_route=\/wp\/v2\/posts\/8691\/revisions"}],"predecessor-version":[{"id":8693,"href":"https:\/\/fa86.noblogs.org\/index.php?rest_route=\/wp\/v2\/posts\/8691\/revisions\/8693"}],"wp:attachment":[{"href":"https:\/\/fa86.noblogs.org\/index.php?rest_route=%2Fwp%2Fv2%2Fmedia&parent=8691"}],"wp:term":[{"taxonomy":"category","embeddable":true,"href":"https:\/\/fa86.noblogs.org\/index.php?rest_route=%2Fwp%2Fv2%2Fcategories&post=8691"},{"taxonomy":"post_tag","embeddable":true,"href":"https:\/\/fa86.noblogs.org\/index.php?rest_route=%2Fwp%2Fv2%2Ftags&post=8691"}],"curies":[{"name":"wp","href":"https:\/\/api.w.org\/{rel}","templated":true}]}}