{"id":8694,"date":"2013-04-17T10:19:47","date_gmt":"2013-04-17T08:19:47","guid":{"rendered":"http:\/\/fa86.noblogs.org\/?p=8694"},"modified":"2013-04-17T10:19:47","modified_gmt":"2013-04-17T08:19:47","slug":"poitiers-squat-du-foyer-letape-la-mairie-envoie-huissiers-et-flics-pour-intimider-les-familles","status":"publish","type":"post","link":"https:\/\/fa86.noblogs.org\/?p=8694","title":{"rendered":"[Poitiers] Squat du foyer L&rsquo;\u00c9tape : la mairie envoie huissiers et flics pour intimider les familles"},"content":{"rendered":"<p style=\"text-align: justify\"><em><strong>NdPN<\/strong> : apr\u00e8s un long silence,\u00a0la NR produit aujourd&rsquo;hui un article sur le squat de l&rsquo;Etape, pour l&rsquo;expulsion duquel la mairie PS a engag\u00e9 des proc\u00e9dures judiciaires.\u00a0Mairie\u00a0qui reste discr\u00e8te\u00a0sur l&rsquo;affaire, sans doute g\u00ean\u00e9e sur les entournures, et rendue prudente par ses derniers d\u00e9boires diffamatoires \u00e0 l&rsquo;encontre du DAL 86. Surtout : comment justifier de jeter des familles \u00e0 la rue, alors que la mairie PS pourrait confier ces lieux vides \u00e0 des associations telles que la croix-rouge ? Son \u00e9tiquette \u00ab\u00a0socialiste\u00a0\u00bb\u00a0ne l&rsquo;a pas emp\u00each\u00e9e de saisir la \u00ab\u00a0justice\u00a0\u00bb, envoyant flics et huissiers pour intimider les familles, qui comptent de nombreux enfants (voir ici <a href=\"https:\/\/fa86.noblogs.org\/?p=8691\" target=\"_blank\">le communiqu\u00e9 du DAL 86<\/a>).\u00a0 La mairie pr\u00e9f\u00e8re une fois de plus la r\u00e9pression et la d\u00e9fense des int\u00e9r\u00eats de promoteurs immobiliers, au lieu de d\u00e9fendre le principe fondamental du droit au logement ! Soutien inconditionnel aux occupant-e-s !<\/em><\/p>\n<p style=\"text-align: justify\"><a href=\"http:\/\/www.lanouvellerepublique.fr\/Vienne\/Actualite\/Faits-divers-justice\/n\/Contenus\/Articles\/2013\/04\/17\/Squat-du-foyer-L-Etape-le-bras-de-fer-engage-1415031\" target=\"_blank\"><strong>Squat du foyer L&rsquo;\u00c9tape : le bras de fer engag\u00e9<\/strong><\/a><\/p>\n<p style=\"text-align: justify\">Poitiers.\u00a0 Le squat ouvert le 7 avril dernier dans les locaux de l\u2019ancien foyer L\u2019\u00c9tape devrait bient\u00f4t compter 43 occupants. La mairie vient de saisir la justice.<a href=\"http:\/\/memorix.sdv.fr\/5c\/www.lanouvellerepublique.fr\/actualite\/faits-divers-justice_articles\/86\/poitiers\/86194\/182932365\/Position1\/default\/empty.gif\/5575556e5556467556443841424b636f\" target=\"_blank\"><img loading=\"lazy\" decoding=\"async\" alt=\"\" src=\"http:\/\/memorix.sdv.fr\/0\/default\/empty.gif\" width=\"1\" height=\"1\" border=\"0\" \/><\/a><\/p>\n<div id=\"text\" style=\"text-align: justify\">\n<p>Un nouveau bras de fer vient de s&rsquo;engager dix jours apr\u00e8s l&rsquo;ouverture d&rsquo;un squat dans les locaux propres et spacieux d&rsquo;un ancien foyer, L&rsquo;\u00c9tape, situ\u00e9 rue d&rsquo;Ol\u00e9ron.<\/p>\n<p>Depuis le dimanche 7 avril, plusieurs familles de Roms soutenues par le Droit au logement ont investi les lieux inoccup\u00e9s depuis un an et demi. De nouvelles familles, elles aussi d&rsquo;origine \u00e9trang\u00e8re, sont attendues sur place dans les quinze prochains jours selon l&rsquo;association. Le site pourrait alors compter quarante-trois personnes, dont quinze enfants \u00e2g\u00e9s dont le plus \u00e2g\u00e9 a quatorze ans.<\/p>\n<p><b>Un huissier s&rsquo;est rendu sur place<\/b><\/p>\n<p>Depuis lundi, la situation a pris un nouveau tour avec les premiers signes visibles d&rsquo;une proc\u00e9dure judiciaire engag\u00e9e par la Ville de Poitiers. Un huissier s&rsquo;est d\u00e9plac\u00e9 avec la police, afin de dresser un constat de l&rsquo;occupation des lieux sans droit ni titre. Un magistrat avait pr\u00e9alablement \u00e9t\u00e9 saisi d&rsquo;une \u00ab\u00a0\u2009requ\u00eate \u00e0 fin de constat\u2009\u00a0\u00bb pour \u00e9tablir le trouble manifestement illicite \u00e0 l&rsquo;ordre public. <i>\u00ab Ils ont tout visit\u00e9, pris des photos et les identit\u00e9s. Pourquoi faire cette requ\u00eate en justice, si ce n&rsquo;est pour intimider \u00bb<\/i>, r\u00e9agit le DAL. Une assignation en r\u00e9f\u00e9r\u00e9 a \u00e9t\u00e9 lanc\u00e9e par la Ville devant le tribunal d&rsquo;instance en vue d&rsquo;une expulsion (1). Ces familles, dispers\u00e9es jusque-l\u00e0 dans plusieurs logements occup\u00e9s ill\u00e9galement, parfois sous le coup de menace d&rsquo;expulsion, sont d\u00e9sormais r\u00e9unies en un m\u00eame lieu. Le risque est plus grand de voir expulser tout le monde d&rsquo;un coup, mais le DAL et les familles en prennent le risque. Le but est d&rsquo;attirer l&rsquo;attention des autorit\u00e9s sur les carences de l&rsquo;h\u00e9bergement d&rsquo;urgence des \u00e9trangers, sujet de frictions r\u00e9currentes et d&rsquo;appr\u00e9ciations totalement divergentes. <i>\u00ab Pourquoi la mairie n&rsquo;engage pas le dialogue plut\u00f4t que de nous envoyer huissier et policiers\u2009? \u00bb<\/i>, s&rsquo;interroge le DAL. <i>\u00ab Si elle veut faire un bail pr\u00e9caire avant la vente des locaux et laisser une association du type Croix-Rouge g\u00e9rer la chose, \u00e7a nous irait tr\u00e8s bien. On ne comprend pas que l&rsquo;on laisse libre durant sept mois un lieu de 800 m<sup>2<\/sup> alors que des gens sont dehors. \u00bb<\/i> Le foyer doit \u00eatre achet\u00e9 par un architecte afin de transformer les lieux en seize logements. La pr\u00e9vente des logements est cens\u00e9e assurer le financement du projet. L&rsquo;architecte ne confirmerait son intention d&rsquo;achat que si la moiti\u00e9 des futurs logements \u00e9tait pr\u00e9vendue. La date butoir est fix\u00e9e au 30 novembre.<\/p>\n<p><i>(1) La mairie ne souhaite pas s&rsquo;exprimer sur le sujet tant que le juge ne se sera pas prononc\u00e9 sur l&rsquo;assignation en r\u00e9f\u00e9r\u00e9.<\/i><\/p>\n<p><em>Emmanuel Coupaye, Nouvelle R\u00e9publique, 17 avril 2013<\/em><\/p>\n<\/div>\n","protected":false},"excerpt":{"rendered":"<p>NdPN : apr\u00e8s un long silence,\u00a0la NR produit aujourd&rsquo;hui un article sur le squat de l&rsquo;Etape, pour l&rsquo;expulsion duquel la mairie PS a engag\u00e9 des proc\u00e9dures judiciaires.\u00a0Mairie\u00a0qui reste discr\u00e8te\u00a0sur l&rsquo;affaire, sans doute g\u00ean\u00e9e sur les entournures, et rendue prudente par ses derniers d\u00e9boires diffamatoires \u00e0 l&rsquo;encontre du DAL 86. Surtout : comment justifier de jeter &hellip; <a href=\"https:\/\/fa86.noblogs.org\/?p=8694\" class=\"more-link\">Continuer la lecture de <span class=\"screen-reader-text\">[Poitiers] Squat du foyer L&rsquo;\u00c9tape : la mairie envoie huissiers et flics pour intimider les familles<\/span> <span class=\"meta-nav\">&rarr;<\/span><\/a><\/p>\n","protected":false},"author":2691,"featured_media":0,"comment_status":"open","ping_status":"open","sticky":false,"template":"","format":"standard","meta":{"footnotes":""},"categories":[12,16],"tags":[],"class_list":["post-8694","post","type-post","status-publish","format-standard","hentry","category-okupa-y-resiste","category-repression"],"_links":{"self":[{"href":"https:\/\/fa86.noblogs.org\/index.php?rest_route=\/wp\/v2\/posts\/8694","targetHints":{"allow":["GET"]}}],"collection":[{"href":"https:\/\/fa86.noblogs.org\/index.php?rest_route=\/wp\/v2\/posts"}],"about":[{"href":"https:\/\/fa86.noblogs.org\/index.php?rest_route=\/wp\/v2\/types\/post"}],"author":[{"embeddable":true,"href":"https:\/\/fa86.noblogs.org\/index.php?rest_route=\/wp\/v2\/users\/2691"}],"replies":[{"embeddable":true,"href":"https:\/\/fa86.noblogs.org\/index.php?rest_route=%2Fwp%2Fv2%2Fcomments&post=8694"}],"version-history":[{"count":2,"href":"https:\/\/fa86.noblogs.org\/index.php?rest_route=\/wp\/v2\/posts\/8694\/revisions"}],"predecessor-version":[{"id":8696,"href":"https:\/\/fa86.noblogs.org\/index.php?rest_route=\/wp\/v2\/posts\/8694\/revisions\/8696"}],"wp:attachment":[{"href":"https:\/\/fa86.noblogs.org\/index.php?rest_route=%2Fwp%2Fv2%2Fmedia&parent=8694"}],"wp:term":[{"taxonomy":"category","embeddable":true,"href":"https:\/\/fa86.noblogs.org\/index.php?rest_route=%2Fwp%2Fv2%2Fcategories&post=8694"},{"taxonomy":"post_tag","embeddable":true,"href":"https:\/\/fa86.noblogs.org\/index.php?rest_route=%2Fwp%2Fv2%2Ftags&post=8694"}],"curies":[{"name":"wp","href":"https:\/\/api.w.org\/{rel}","templated":true}]}}