{"id":8697,"date":"2013-04-17T10:53:34","date_gmt":"2013-04-17T08:53:34","guid":{"rendered":"http:\/\/fa86.noblogs.org\/?p=8697"},"modified":"2013-04-20T11:12:29","modified_gmt":"2013-04-20T09:12:29","slug":"poitiers-avec-la-fae-a-bas-les-pauvres-et-vive-la-marchandisation-de-lespace-urbain","status":"publish","type":"post","link":"https:\/\/fa86.noblogs.org\/?p=8697","title":{"rendered":"[Poitiers] Avec la FAE, \u00e0 bas les pauvres et vive la marchandisation de l&rsquo;espace urbain"},"content":{"rendered":"<p style=\"text-align: justify\"><em><strong>NdPN<\/strong> : La F\u00e9d\u00e9ration des agents \u00e9conomiques, une association de boutiquiers du centre-ville de Poitiers, n&rsquo;a cess\u00e9 de tenir des propos insupportables \u00e0 l&rsquo;\u00e9gard des \u00ab\u00a0marginaux\u00a0\u00bb, qui\u00a0ont d\u00e9j\u00e0 \u00e9t\u00e9 relat\u00e9s plusieurs fois sur ce blog (<a href=\"https:\/\/fa86.noblogs.org\/?p=6747\" target=\"_blank\">voir par exemple ici<\/a>).\u00a0Avec la FAE, c&rsquo;est \u00e0 bas les pauvres et vive la marchandisation de l&rsquo;espace urbain. Apr\u00e8s la pr\u00e9sidence de Claude Lafond, <a href=\"https:\/\/fa86.noblogs.org\/?p=8002\" target=\"_blank\">celui qui se f\u00e9licitait que la mairie PS l&rsquo;ait \u00e9cout\u00e9 pour transformer le th\u00e9\u00e2tre en commerces<\/a>, <strong>la FAE passe la main \u00e0 Philippe de Bony, \u00ab\u00a0agent g\u00e9n\u00e9ral de la Mutuelle de Poitiers\u00a0\u00bb.<\/strong> Ce monsieur s&rsquo;\u00e9tait <a href=\"https:\/\/fa86.noblogs.org\/?p=1338\" target=\"_blank\">lui aussi exprim\u00e9 directement par voie de presse contre les \u00ab\u00a0marginaux\u00a0\u00bb, qu&rsquo;il consid\u00e9rait comme un \u00ab\u00a0probl\u00e8me\u00a0\u00bb&#8230;<\/a>\u00a0Les r\u00e9unions r\u00e9pressives \u00e0 l&rsquo;encontre des pauvres \u00e0 Poitiers, <a href=\"https:\/\/fa86.noblogs.org\/?p=6565\" target=\"_blank\">entre FAE, mairie et police<\/a>, ont encore de beaux jours devant elles. <\/em><\/p>\n<p style=\"text-align: justify\"><strong><a href=\"http:\/\/www.lanouvellerepublique.fr\/Vienne\/Services\/Toutes-les-DMAs\/n\/Contenus\/DMAs\/2013\/04\/16\/POITIERS-Philippe-de-Bony-succede-a-Claude-Lafond-a-la-tete-des-commercants-1414189\" target=\"_blank\">86 &#8211;\u00a0 POITIERS Philippe de Bony succ\u00e8de \u00e0 Claude Lafond \u00e0 la t\u00eate des commer\u00e7ants<\/a><\/strong><\/p>\n<p style=\"text-align: justify\">Lors de son assembl\u00e9e g\u00e9n\u00e9rale, la F\u00e9d\u00e9ration des agents \u00e9conomiques voyait son pr\u00e9sident Claude Lafond passer la main. Dans le m\u00eame temps, la FAE devenait \u00ab Poitiers le Centre \u00bb. Ce soir le conseil d&rsquo;administration de l&rsquo;association des commer\u00e7ants du centre-ville a \u00e9lu son bureau et son nouveau pr\u00e9sident. Philippe de Bony prend les r\u00eanes de \u00ab Poitiers le Centre \u00bb. Le bureau est d\u00e9sormais ainsi constitu\u00e9. Pr\u00e9sident Philippe de Bony (Mutuelle de Poitiers), vice-pr\u00e9sidents Carine Naudin (Maison Boncenne), Suzanne Mathieux-S\u00e9geron (Bien-\u00eatre S\u00e9geron), \u00c9ric Paquet (Paquet immobilier), J\u00e9r\u00f4me Lacroix (Table du Chai), \u00c9ric Soulard (Diff\u00e9rence), Christophe Vergnaud (C\u00f4t\u00e9 Place), tr\u00e9sorier Beno\u00eet Delsuc (Excalibur).<\/p>\n<p style=\"text-align: justify\"><em>D\u00e9p\u00eache Nouvelle R\u00e9publique, 17 avril 2014<\/em><\/p>\n<p style=\"text-align: justify\"><strong>Mise \u00e0 jour 20 avril<\/strong> : pr\u00e9sentation du parcours de Ph. De Bony <a href=\"http:\/\/www.lanouvellerepublique.fr\/Vienne\/Actualite\/Economie-social\/n\/Contenus\/Articles\/2013\/04\/20\/Une-nouvelle-generation-a-la-tete-de-Poitiers-Le-Centre-1419302\" target=\"_blank\"><strong>ici<\/strong><\/a>.<\/p>\n","protected":false},"excerpt":{"rendered":"<p>NdPN : La F\u00e9d\u00e9ration des agents \u00e9conomiques, une association de boutiquiers du centre-ville de Poitiers, n&rsquo;a cess\u00e9 de tenir des propos insupportables \u00e0 l&rsquo;\u00e9gard des \u00ab\u00a0marginaux\u00a0\u00bb, qui\u00a0ont d\u00e9j\u00e0 \u00e9t\u00e9 relat\u00e9s plusieurs fois sur ce blog (voir par exemple ici).\u00a0Avec la FAE, c&rsquo;est \u00e0 bas les pauvres et vive la marchandisation de l&rsquo;espace urbain. Apr\u00e8s la &hellip; <a href=\"https:\/\/fa86.noblogs.org\/?p=8697\" class=\"more-link\">Continuer la lecture de <span class=\"screen-reader-text\">[Poitiers] Avec la FAE, \u00e0 bas les pauvres et vive la marchandisation de l&rsquo;espace urbain<\/span> <span class=\"meta-nav\">&rarr;<\/span><\/a><\/p>\n","protected":false},"author":2691,"featured_media":0,"comment_status":"open","ping_status":"open","sticky":false,"template":"","format":"standard","meta":{"footnotes":""},"categories":[8,7,16],"tags":[],"class_list":["post-8697","post","type-post","status-publish","format-standard","hentry","category-ecrits","category-propagande-marchande","category-repression"],"_links":{"self":[{"href":"https:\/\/fa86.noblogs.org\/index.php?rest_route=\/wp\/v2\/posts\/8697","targetHints":{"allow":["GET"]}}],"collection":[{"href":"https:\/\/fa86.noblogs.org\/index.php?rest_route=\/wp\/v2\/posts"}],"about":[{"href":"https:\/\/fa86.noblogs.org\/index.php?rest_route=\/wp\/v2\/types\/post"}],"author":[{"embeddable":true,"href":"https:\/\/fa86.noblogs.org\/index.php?rest_route=\/wp\/v2\/users\/2691"}],"replies":[{"embeddable":true,"href":"https:\/\/fa86.noblogs.org\/index.php?rest_route=%2Fwp%2Fv2%2Fcomments&post=8697"}],"version-history":[{"count":6,"href":"https:\/\/fa86.noblogs.org\/index.php?rest_route=\/wp\/v2\/posts\/8697\/revisions"}],"predecessor-version":[{"id":8748,"href":"https:\/\/fa86.noblogs.org\/index.php?rest_route=\/wp\/v2\/posts\/8697\/revisions\/8748"}],"wp:attachment":[{"href":"https:\/\/fa86.noblogs.org\/index.php?rest_route=%2Fwp%2Fv2%2Fmedia&parent=8697"}],"wp:term":[{"taxonomy":"category","embeddable":true,"href":"https:\/\/fa86.noblogs.org\/index.php?rest_route=%2Fwp%2Fv2%2Fcategories&post=8697"},{"taxonomy":"post_tag","embeddable":true,"href":"https:\/\/fa86.noblogs.org\/index.php?rest_route=%2Fwp%2Fv2%2Ftags&post=8697"}],"curies":[{"name":"wp","href":"https:\/\/api.w.org\/{rel}","templated":true}]}}