{"id":8701,"date":"2013-04-17T11:05:08","date_gmt":"2013-04-17T09:05:08","guid":{"rendered":"http:\/\/fa86.noblogs.org\/?p=8701"},"modified":"2013-04-17T11:05:08","modified_gmt":"2013-04-17T09:05:08","slug":"notre-dame-des-landes-violences-policieres-du-15-avril","status":"publish","type":"post","link":"https:\/\/fa86.noblogs.org\/?p=8701","title":{"rendered":"[Notre-Dame-des-Landes] Violences polici\u00e8res du 15 avril"},"content":{"rendered":"<p style=\"text-align: justify\"><a href=\"http:\/\/sous-la-cendre.info\/1267\/affrontements-a-la-zad-15-avril\" target=\"_blank\"><strong>Affrontements \u00e0 la ZAD 15 avril<\/strong><\/a><\/p>\n<p style=\"text-align: justify\">La veille de la manifestation \u00ab S\u00e8me Ta ZAD \u00bb, le carrefour de Fosses Noires \/ Chemin de Suez, est liber\u00e9 de la pr\u00e9sence des gendarmes mobiles\u2026<\/p>\n<p style=\"text-align: justify\">Pendant 2 jours, ce carrefour, nombril de la zad, est spontan\u00e9ment redevenu ce qu\u2019il \u00e9tait : un endroit de passage, o\u00f9 l\u2019on se croise, s\u2019echangent des nouvelles, un point de rencontre. Ces jours-ci, la ZAD fut parcouru par des centaines de personnes outils en main.<\/p>\n<p style=\"text-align: justify\">Le dimanche, nous avons f\u00eat\u00e9 la fin de l\u2019occupation militaire. R\u00eave \u00e9ph\u00e9m\u00e8re ou r\u00e9alit\u00e9 des jours \u00e0 venir ?<\/p>\n<p style=\"text-align: justify\">Depuis plus de 141 jours nous sommes, habitant-e-s du centre ZAD, pris au pi\u00e8ge par les deux barrages de flics. Notre quotidien, c\u2019est du bleu. Pas un matin, midi au soir sans \u00eatre confront\u00e9.e.s \u00e0 leur pr\u00e9sence. Sans \u00eatre contr\u00f4l\u00e9.e.s, fouill\u00e9.e.s, humili\u00e9.e.s. Nous n\u2019avons pas le choix de les \u00e9viter. Nos enfants vont \u00e0 l\u2019\u00e9cole, nous avons pour certain-e-s des activit\u00e9s professionnelles. Fini les balades \u00e0 v\u00e9lo, fini les marches tranquilles, les rencontres avec les voisin.e.s et les ami-e-s qui n\u2019osent plus venir. L\u2019endroit o\u00f9 nous et nos enfants vivons, est devenu une zone d\u2019enfermement, dans le silence, depuis le weekend du 15 d\u00e9cembre 2012.<\/p>\n<p style=\"text-align: justify\">Doit on continuer \u00e0 subir sans r\u00e9agir alors qu\u2019il n\u2019y a aucune l\u00e9gitimit\u00e9 et utilit\u00e9 \u00e0 leur pr\u00e9sence ? Nous ne le pensons pas ! Alors il faut relever la t\u00eate, s\u2019unir et refuser cette mascarade !<\/p>\n<p style=\"text-align: justify\">Le pr\u00e9texte officiel de bloquer le carrefour n\u2019a jamais emp\u00each\u00e9 d\u2019apporter des denr\u00e9es sur la ZAD, du gaz, des mat\u00e9riaux inflammables ou de construction. Le r\u00e9el objectif est plut\u00f4t de donner l\u2019illusion qu\u2019ils contr\u00f4lent la zone, de faire pourrir la situation tout en tentant de contenir la lutte aux fronti\u00e8res de la ZAD, d\u2019\u00e9tablir une pression psychologique et de cr\u00e9er une r\u00e9pression constante qui provoque un climat de tension permanente. Enfin, lors d\u2019un contr\u00f4le, quand on craque et qu\u2019on exprime notre ras le bol, la r\u00e9ponse des flics est syst\u00e9matique : \u00ab vous n\u2019avez qu\u2019\u00e0 partir \u00bb. Ce qui repr\u00e9sente une autre forme d\u2019expulsion, plus insidieuse, \u00e0 l\u2019heure o\u00f9 la commission du dialogue avait demand\u00e9 la fin des interventions pendant la dur\u00e9e de son mandat\u2026<\/p>\n<p style=\"text-align: justify\">Leur petite com\u00e9die de \u00ab commission du dialogue \u00bb a pris fin, maintenant la conclusion doit \u00eatre claire : soit ils nous virent, soit ils se cassent !<\/p>\n<p style=\"text-align: justify\">Il est \u00e9vident que nous ne nous laisserons plus occup\u00e9.e.s de la sorte : s\u2019ils reviennent chez nous, nous irons chez eux !<\/p>\n<p style=\"text-align: justify\">Il y a quelques mois, un appel \u00e0 occuper les lieux de pouvoir avait \u00e9t\u00e9 lanc\u00e9 en cas d\u2019attaque sur la ZAD. Or, la ZAD est habit\u00e9e sur toute sa surface et on n\u2019habite pas un endroit sans ses routes, ses champs et les liens qu\u2019ils g\u00e9n\u00e8rent. Nous consid\u00e9rons donc que la r\u00e9occupation militaire du carrefour serait une attaque directe de notre lieu de vie. Nous appelons en cons\u00e9quence \u00e0 des actions d\u00e9centralis\u00e9es, que ce soit par des occupations de lieux de pouvoirs et de carrefours de circulation strat\u00e9giques, ou par toute autre type d\u2019actions jug\u00e9es pertinentes !<\/p>\n<p style=\"text-align: justify\"><em>Des habitant.e.s qui r\u00e9sistent<\/em><\/p>\n<p style=\"text-align: justify\"><strong>Communiqu\u00e9 de l\u2019\u00e9quipe m\u00e9dic 15.04.2013<\/strong><\/p>\n<p style=\"text-align: justify\"><em>lundi 15 avril 2013, par zadist<\/em><\/p>\n<p style=\"text-align: justify\">Dans la presse vous entendrez beaucoup parler des trois gendarmes bless\u00e9s mais, peu des personnes subissants les violences physiques et psychologiques de cette op\u00e9ration militaire.<\/p>\n<p style=\"text-align: justify\">En tant qu\u2019\u00e9quipe medic on voulait transmettre ce que l\u2019on a vu aujourd\u2019hui. Alors qu\u2019hier on celebrait la lib\u00e9ration du carrefour de la Saulce deux jours plus t\u00f4t par un pique-nique festif sans autres blessures que des coups de soleil, ce matin les gendarmes sont r\u00e9venus en nombre reprendre le carrefour, r\u00e9instaurer leur occupation militaire. Dans ce cadre l\u00e0, on a vu de nombreux tirs tendus de flashball et grenades assourdissantes a courte distance, qui ont inflig\u00e9 de nombreuses blessures dont certaines pris en charge par l\u2019\u00e9quipe m\u00e9dic :<\/p>\n<p style=\"text-align: justify\">&#8211; impacts par flashball :<\/p>\n<p style=\"text-align: justify\">\u00a0\u00a0\u00a0 oed\u00e8mes et h\u00e9matomes : \u2013 trois personnes dans les jambes \u2013 une personne dans le bras \u2013 une personne dans les \u00e9paules \u2013 trois personnes dans le thorax \u2013 une personne dans le dos \u00a0\u00a0\u00a0 un impact dans la t\u00eate entrainant une plaie ouverte du cr\u00e2ne n\u00e9c\u00e9ssitant cinq points de suture \u00a0\u00a0\u00a0 un impact dans le visage provocant un arrachement important de l\u2019arcade et un enfoncement des sinus accompagn\u00e9 par une h\u00e9moragie importante n\u00e9c\u00e9ssitant une prise en charge par les pompiers<\/p>\n<p style=\"text-align: justify\">&#8211; impacts par des grenades assourdissantes :<\/p>\n<p style=\"text-align: justify\">\u00a0\u00a0\u00a0 plaies, brulures et corps \u00e9trangers faits par les \u00e9clats de grenade : \u2013 trois personnes dans les jambes \u2013 une personne dans une fesse \u00a0\u00a0\u00a0 blaste : \u2013 multiples personnes choqu\u00e9es (d\u00e9sorientations, acouph\u00e8nes) \u2013 une personne plus gravement atteinte malgr\u00e9 la pr\u00e9sence d\u2019une palette la prot\u00e9gant des impacts des \u00e9clats<\/p>\n<p style=\"text-align: justify\">&#8211; des nombreuses intoxicationes li\u00e9es \u00e0 l\u2019emploi massif de gaz lacrimog\u00e8ne et poivr\u00e9<\/p>\n<p style=\"text-align: justify\">Les pompiers ayant evacu\u00e9 la personne ont et\u00e9 bloqu\u00e9 par les gendarmes qui leur ont refus\u00e9 l\u2019acc\u00e8s et ne les ont laiss\u00e9 passer qu\u2019apr\u00e8s l\u2019insistance d\u2019occupants pr\u00e9sents. Ils ont de nouveau empech\u00e9 leur d\u00e9part afin de contr\u00f4ler la personne bless\u00e9e, retardant en tout plus de vingt minutes la pris en charge des secours.<\/p>\n<p style=\"text-align: justify\">Une occupation militaire ne s\u2019installe jamais sans violence. Cette liste non-exhaustive ne voudrait pas oublier toute la violence psychologique d\u2019un tel d\u00e9ployement policier ainsi que celles subies au quotidien dues \u00e0 leur pr\u00e9sence permanente et leurs agissements.<\/p>\n<p style=\"text-align: justify\"><em>Vu sur Sous la cendre, 17 avril 2013<\/em><\/p>\n","protected":false},"excerpt":{"rendered":"<p>Affrontements \u00e0 la ZAD 15 avril La veille de la manifestation \u00ab S\u00e8me Ta ZAD \u00bb, le carrefour de Fosses Noires \/ Chemin de Suez, est liber\u00e9 de la pr\u00e9sence des gendarmes mobiles\u2026 Pendant 2 jours, ce carrefour, nombril de la zad, est spontan\u00e9ment redevenu ce qu\u2019il \u00e9tait : un endroit de passage, o\u00f9 l\u2019on &hellip; <a href=\"https:\/\/fa86.noblogs.org\/?p=8701\" class=\"more-link\">Continuer la lecture de <span class=\"screen-reader-text\">[Notre-Dame-des-Landes] Violences polici\u00e8res du 15 avril<\/span> <span class=\"meta-nav\">&rarr;<\/span><\/a><\/p>\n","protected":false},"author":2691,"featured_media":0,"comment_status":"open","ping_status":"open","sticky":false,"template":"","format":"standard","meta":{"footnotes":""},"categories":[26,21,12,16],"tags":[],"class_list":["post-8701","post","type-post","status-publish","format-standard","hentry","category-construction-du-desert","category-desinformation-bourgeoise","category-okupa-y-resiste","category-repression"],"_links":{"self":[{"href":"https:\/\/fa86.noblogs.org\/index.php?rest_route=\/wp\/v2\/posts\/8701","targetHints":{"allow":["GET"]}}],"collection":[{"href":"https:\/\/fa86.noblogs.org\/index.php?rest_route=\/wp\/v2\/posts"}],"about":[{"href":"https:\/\/fa86.noblogs.org\/index.php?rest_route=\/wp\/v2\/types\/post"}],"author":[{"embeddable":true,"href":"https:\/\/fa86.noblogs.org\/index.php?rest_route=\/wp\/v2\/users\/2691"}],"replies":[{"embeddable":true,"href":"https:\/\/fa86.noblogs.org\/index.php?rest_route=%2Fwp%2Fv2%2Fcomments&post=8701"}],"version-history":[{"count":1,"href":"https:\/\/fa86.noblogs.org\/index.php?rest_route=\/wp\/v2\/posts\/8701\/revisions"}],"predecessor-version":[{"id":8702,"href":"https:\/\/fa86.noblogs.org\/index.php?rest_route=\/wp\/v2\/posts\/8701\/revisions\/8702"}],"wp:attachment":[{"href":"https:\/\/fa86.noblogs.org\/index.php?rest_route=%2Fwp%2Fv2%2Fmedia&parent=8701"}],"wp:term":[{"taxonomy":"category","embeddable":true,"href":"https:\/\/fa86.noblogs.org\/index.php?rest_route=%2Fwp%2Fv2%2Fcategories&post=8701"},{"taxonomy":"post_tag","embeddable":true,"href":"https:\/\/fa86.noblogs.org\/index.php?rest_route=%2Fwp%2Fv2%2Ftags&post=8701"}],"curies":[{"name":"wp","href":"https:\/\/api.w.org\/{rel}","templated":true}]}}