{"id":8714,"date":"2013-04-18T11:07:43","date_gmt":"2013-04-18T09:07:43","guid":{"rendered":"http:\/\/fa86.noblogs.org\/?p=8714"},"modified":"2013-04-20T00:13:56","modified_gmt":"2013-04-19T22:13:56","slug":"poitiers-contre-la-banalisation-de-lhomophobie-et-repression-des-antifascistesantisexistes-no-pasaran","status":"publish","type":"post","link":"https:\/\/fa86.noblogs.org\/?p=8714","title":{"rendered":"Banalisation de l&rsquo;homophobie et r\u00e9pression des antifascistes\/antisexistes : NO PASARAN !"},"content":{"rendered":"<p style=\"text-align: justify\">Le \u00ab\u00a0d\u00e9bat\u00a0\u00bb interminable et puant pour ou contre le mariage homo, s&rsquo;\u00e9talant au Parlement et dans les m\u00e9dias, ne cesse de banaliser l&rsquo;homophobie. Avec des cons\u00e9quences parfois tragiques. Aucun d\u00e9bat n&rsquo;est possible avec les fachos attaquant les libert\u00e9s et l&rsquo;\u00e9galit\u00e9 !<\/p>\n<p style=\"text-align: justify\"><a href=\"http:\/\/www.bfmtv.com\/societe\/trois-fois-plus-dagressions-homophobes-2012-quen-2011-416428.html\" target=\"_blank\">Les associations de soutien aux LGBT croulent sous les appels de jeunes en d\u00e9tresse, qui ont tripl\u00e9 en 2012 par rapport \u00e0 2011<\/a>. Les agressions homophobes ont sensiblement augment\u00e9 depuis novembre 2012 (+30%), soit le d\u00e9but du \u00ab\u00a0d\u00e9bat\u00a0\u00bb, et\u00a0ont litt\u00e9ralement explos\u00e9\u00a0depuis le d\u00e9but de l&rsquo;ann\u00e9e 2013. Les homophobes tentent de prendre la rue avec des manifs moisies \u00e0 r\u00e9p\u00e9tition, et radicalisent leurs actions. Les propos appelant \u00e0 la haine se banalisent : <em>\u00ab\u00a0Hollande veut du sang, il en aura !\u00a0\u00bb<\/em> (dixit Frigide Barjot). Des membres d&rsquo;organisations fachos (comme le GUD) appellent ici et l\u00e0 \u00e0 passer les homos \u00e0 tabac. Le cas de Wilfried ayant publi\u00e9 sa photo sur facebook, apr\u00e8s avoir \u00e9t\u00e9 agress\u00e9 \u00e0 Paris par des fachos, lui et son copain \u00e0 qui il tenait la main, n&rsquo;est h\u00e9las pas un cas isol\u00e9.<\/p>\n<p style=\"text-align: justify\"><img loading=\"lazy\" decoding=\"async\" class=\"alignnone\" alt=\"\" src=\"http:\/\/media.rtl.fr\/online\/image\/2013\/0409\/7760231868_wilfried-a-poste-sur-facebook-une-photo-de-son-visage-tumefie-apres-avoir-ete-victime-d-une-agression-homophobe-alors-qu-il-se-promenait-avec-son-petit-ami-a-paris.jpg\" width=\"465\" height=\"290\" \/><\/p>\n<p style=\"text-align: justify\">Ainsi hier soir 17 avril \u00e0 Lille, <a href=\"http:\/\/www.lavoixdunord.fr\/region\/agression-homophobe-mercredi-soir-dans-un-bar-gay-du-vieux-lille-ia0b0n1185401\" target=\"_blank\">des fachos ont agress\u00e9 des gens dans un bar homo<\/a>. Il n&rsquo;y a pas de hasard : hier ont aussi eu lieu, \u00e0 nouveau,\u00a0des manifs homophobes un peu partout en France. Y compris \u00e0 Poitiers (voir ici <a href=\"http:\/\/www.lanouvellerepublique.fr\/Vienne\/Actualite\/24-Heures\/n\/Contenus\/Articles\/2013\/04\/18\/La-Manif-pour-tous-n-en-demord-pas-1416185\" target=\"_blank\">l&rsquo;article de la Nouvelle R\u00e9publique<\/a>).<\/p>\n<p style=\"text-align: justify\">A Paris, ces nuisibles ont manifest\u00e9 devant l&rsquo;Assembl\u00e9e Nationale, avec des contingents de brutes fascistes. Des camarades antifascistes\/antisexistes, dont des copains et copines de la F\u00e9d\u00e9ration Anarchiste,\u00a0ont fait une petite action pour protester. Comme d&rsquo;habitude,\u00a0c&rsquo;est sur nos camarades que la r\u00e9pression polici\u00e8re a frapp\u00e9.\u00a0Sur la quarantaine d&rsquo;arrestations sur toute la manif, environ un tiers d&rsquo;entre nos camarades, soit 24 personnes, se sont faites embarquer dans un bus o\u00f9 il faisait au moins 50\u00b0, et sont sorties au bout de deux heures de contr\u00f4le d&rsquo;identit\u00e9&#8230;<\/p>\n<p style=\"text-align: justify\">Si les fachos se sentent pousser des ailes, c&rsquo;est bien avec la complicit\u00e9 active des forces de r\u00e9pression.\u00a0L&rsquo;Etat a beau jeu de faire des discours\u00a0contre l&rsquo;homophobie\u00a0! Non seulement les flics de l&rsquo;Etat\u00a0permettent aux fachos d&rsquo;exprimer leur vomi haineux dans la rue, dans des rassemblement homophobes ou anti-avortement, mais ils\u00a0r\u00e9priment les antifascistes et antisexistes.<\/p>\n<p style=\"text-align: justify\">A Poitiers aussi, ce sont aussi les camarades qui tentent de s&rsquo;opposer aux manifestations homophobes qui sont syst\u00e9matiquement film\u00e9-e-s et intimid\u00e9-e-s par la police locale.<\/p>\n<p style=\"text-align: justify\">Tout cela, bien loin de nous d\u00e9courager, ne fait que renforcer notre d\u00e9termination \u00e0 lutter contre l&rsquo;homophobie et le fascisme, partout o\u00f9 ils attaquent. Continuons tou-te-s \u00e0 nous d\u00e9fendre et \u00e0 d\u00e9fendre la rue contre les manifestations homophobes et fascisantes !<\/p>\n<p style=\"text-align: justify\">A Poitiers comme ailleurs : <strong>No Pasaran<\/strong><\/p>\n<p style=\"text-align: justify\"><em>Pavillon Noir, 18 avril 2013<\/em><\/p>\n<p style=\"text-align: justify\"><em><strong>NdPN &#8211; Mise \u00e0 jour : <a href=\"http:\/\/nantes.indymedia.org\/article\/27510\" target=\"_blank\">r\u00e9pression des antifascistes et antisexistes \u00e0 Nantes aussi<\/a>.<\/strong><\/em><\/p>\n<p style=\"text-align: justify\"><em><strong>NDPN &#8211; Mise \u00e0 jour : 3 dates pr\u00e9vues de rassemblement contre l&rsquo;homophobie <\/strong>: le Groupe d&rsquo;action unitaire de la Vienne contre l&rsquo;extr\u00eame-droite appelle \u00e0 un rassemblement <strong>dimanche 21 avril \u00e0 10 h 30 sur le parking d&rsquo;Auchan Poitiers Sud<\/strong> (l\u00e0 o\u00f9 se sont donn\u00e9s rdv\u00a0les homophobes). Ainsi qu&rsquo;\u00e0 un rassemblement contre l&rsquo;homophobie <strong>mercredi 24 avril \u00e0 18 h place d&rsquo;armes<\/strong> (devant l&rsquo;h\u00f4tel de ville). Le Collectif LGBTI (Lesbiennes Gays Bis Transgenres Intersexu\u00e9s) appelle aussi \u00e0 un rassemblement <strong>mardi 23 avril \u00e0 18h30<\/strong>, place d&rsquo;armes.<\/em><\/p>\n","protected":false},"excerpt":{"rendered":"<p>Le \u00ab\u00a0d\u00e9bat\u00a0\u00bb interminable et puant pour ou contre le mariage homo, s&rsquo;\u00e9talant au Parlement et dans les m\u00e9dias, ne cesse de banaliser l&rsquo;homophobie. Avec des cons\u00e9quences parfois tragiques. Aucun d\u00e9bat n&rsquo;est possible avec les fachos attaquant les libert\u00e9s et l&rsquo;\u00e9galit\u00e9 ! Les associations de soutien aux LGBT croulent sous les appels de jeunes en d\u00e9tresse, &hellip; <a href=\"https:\/\/fa86.noblogs.org\/?p=8714\" class=\"more-link\">Continuer la lecture de <span class=\"screen-reader-text\">Banalisation de l&rsquo;homophobie et r\u00e9pression des antifascistes\/antisexistes : NO PASARAN !<\/span> <span class=\"meta-nav\">&rarr;<\/span><\/a><\/p>\n","protected":false},"author":2691,"featured_media":0,"comment_status":"open","ping_status":"open","sticky":false,"template":"","format":"standard","meta":{"footnotes":""},"categories":[8,12,14,16],"tags":[],"class_list":["post-8714","post","type-post","status-publish","format-standard","hentry","category-ecrits","category-okupa-y-resiste","category-questions-de-genres","category-repression"],"_links":{"self":[{"href":"https:\/\/fa86.noblogs.org\/index.php?rest_route=\/wp\/v2\/posts\/8714","targetHints":{"allow":["GET"]}}],"collection":[{"href":"https:\/\/fa86.noblogs.org\/index.php?rest_route=\/wp\/v2\/posts"}],"about":[{"href":"https:\/\/fa86.noblogs.org\/index.php?rest_route=\/wp\/v2\/types\/post"}],"author":[{"embeddable":true,"href":"https:\/\/fa86.noblogs.org\/index.php?rest_route=\/wp\/v2\/users\/2691"}],"replies":[{"embeddable":true,"href":"https:\/\/fa86.noblogs.org\/index.php?rest_route=%2Fwp%2Fv2%2Fcomments&post=8714"}],"version-history":[{"count":8,"href":"https:\/\/fa86.noblogs.org\/index.php?rest_route=\/wp\/v2\/posts\/8714\/revisions"}],"predecessor-version":[{"id":8716,"href":"https:\/\/fa86.noblogs.org\/index.php?rest_route=\/wp\/v2\/posts\/8714\/revisions\/8716"}],"wp:attachment":[{"href":"https:\/\/fa86.noblogs.org\/index.php?rest_route=%2Fwp%2Fv2%2Fmedia&parent=8714"}],"wp:term":[{"taxonomy":"category","embeddable":true,"href":"https:\/\/fa86.noblogs.org\/index.php?rest_route=%2Fwp%2Fv2%2Fcategories&post=8714"},{"taxonomy":"post_tag","embeddable":true,"href":"https:\/\/fa86.noblogs.org\/index.php?rest_route=%2Fwp%2Fv2%2Ftags&post=8714"}],"curies":[{"name":"wp","href":"https:\/\/api.w.org\/{rel}","templated":true}]}}