{"id":8727,"date":"2013-04-19T17:03:51","date_gmt":"2013-04-19T15:03:51","guid":{"rendered":"http:\/\/fa86.noblogs.org\/?p=8727"},"modified":"2013-04-19T17:04:22","modified_gmt":"2013-04-19T15:04:22","slug":"pour-en-finir-avec-laffaire-de-labege","status":"publish","type":"post","link":"https:\/\/fa86.noblogs.org\/?p=8727","title":{"rendered":"Pour en finir avec \u00ab l\u2019affaire \u00bb de Lab\u00e8ge"},"content":{"rendered":"<p style=\"text-align: justify\"><a href=\"http:\/\/paris.indymedia.org\/spip.php?article13372\" target=\"_blank\"><strong>Pour en finir avec \u00ab l\u2019affaire \u00bb de Lab\u00e8ge<\/strong><\/a><\/p>\n<p style=\"text-align: justify\"><em>rappel de l\u2019histoire ici\u00a0 : <a href=\"http:\/\/www.pourlaliberte.noblog.org\">www.pourlaliberte.noblogs.org<\/a><\/em><\/p>\n<p style=\"text-align: justify\">Cette banale action directe contre les institutions r\u00e9pressives, mince r\u00e9ponse \u00e0 leur violence quotidienne a d\u00e9clench\u00e9 cette enqu\u00eate toujours en cours aujourd\u2019hui. La justice n\u2019aime pas que son r\u00f4le soit r\u00e9v\u00e9l\u00e9 et attaqu\u00e9 au grand jour, et s\u2019attache \u00e0 calmer les actes de solidarit\u00e9 entre opprim\u00e9Es. Nous affirmons notre solidarit\u00e9 avec ce type d\u2019action directe, comme lorsque des ouvrierEs saccagent une pr\u00e9fecture, des employ\u00e9Es s\u00e9questrent leur patron, des habitantEs des quartiers se d\u00e9fendent contre une agression polici\u00e8re, des \u00e9tudiantEs bloquent leur fac, des anti-nucl\u00e9aires sabotent des lignes THT, des femmes voil\u00e9es priv\u00e9es de carte tiss\u00e9o (metro toulousain) occupent une r\u00e9gie de transport, des mal-log\u00e9s r\u00e9quisitionnent un b\u00e2timent, des Roms r\u00e9sistent \u00e0 l\u2019expulsion de leur camp, des sans-papiers br\u00fblent un centre de r\u00e9tention, des paysans d\u00e9versent du fumier sur les b\u00e9tonneurs\u2026 Contre tout cela, c\u2019est une pratique habituelle des forces de r\u00e9pression que de se saisir d\u2019un pr\u00e9texte pour aller d\u00e9foncer des portes, arr\u00eater des personnes et les mettre eux-elles et leur entourage sous surveillance pour une dur\u00e9e ind\u00e9termin\u00e9e. L\u2019\u00c9tat construit des cibles, des identit\u00e9s chocs, du \u00ab jeune de banlieue \u00bb \u00e0 \u00ab l\u2019anarcho-autonome \u00bb en passant par le \u00ab djiadiste \u00bb afin de transformer un acte relativement banal en pr\u00e9misse d\u2019un danger pour l\u2019ensemble de la population.\u00a0\u00a0\u00a0 Si balancer du fumier \u00e9tait r\u00e9pr\u00e9hensible en soit, \u00e7a puerait pour la FNSEA !! Au final, dans la guerre de classe en cours, ce sont les m\u00eames qui morflent, les pauvres et les r\u00e9volt\u00e9Es.<\/p>\n<p style=\"text-align: justify\">Le signal est clair : hors des clous de la r\u00e9signation et de la contestation balis\u00e9e, point de salut. Les attaques port\u00e9es \u00e0 ces \u00ab ennemiEs int\u00e9rieurEs \u00bb sont des avertissements donn\u00e9s \u00e0 touTEs les autres qui voudraient contester l\u2019ordre \u00e9tabli. Tentatives toujours amen\u00e9es \u00e0 se reproduire puisque les conditions d\u2019exploitations actuelles nous poussent encore et toujours \u00e0 nous r\u00e9volter ou pour le moins \u00e0 contourner les r\u00e8gles.<\/p>\n<p style=\"text-align: justify\"><strong>A propos de l\u2019enqu\u00eate et des contr\u00f4le judiciaire<\/strong> (les passages en italique sont des copi\u00e9-coll\u00e9 du dossier d\u2019instruction)<\/p>\n<p style=\"text-align: justify\">Le dossier ne comporte que tr\u00e8s peu d\u2019\u00e9l\u00e9ments justifiants l\u2019intervention en grande pompe du 15 novembre .<\/p>\n<p style=\"text-align: justify\">Ils s\u2019appuient d\u2019abord sur un rapport de police d\u00e9non\u00e7ant les inculp\u00e9es comme appartenant \u00ab <i>\u00e0 la mouvance ultra gauche toulousaine dont un des th\u00e8mes forts d\u00e9fendus et d\u00e9nonc\u00e9s par ces militants est l\u2019existence d\u2019un \u00e9tablissement p\u00e9nitentiaire pour mineurs \u00e0 LAVAUR (81).\u00a0 Outre l\u2019int\u00e9r\u00eat port\u00e9 par ces militants \u00e0 cette cause, l\u2019\u00e9ventualit\u00e9 de leur participation \u00e0 l\u2019action, objet de la pr\u00e9sente proc\u00e9dure, est corrobor\u00e9e par plusieurs \u00e9l\u00e9ments probants : <img loading=\"lazy\" decoding=\"async\" alt=\"-\" src=\"local\/cache-vignettes\/L8xH11\/puce-32883.gif\" width=\"8\" height=\"11\" \/> le tract laiss\u00e9 sur les lieux par les militants fait appara\u00eetre un style et une terminologie \u00e0 rapprocher des textes les plus actuels de la pens\u00e9e autonome ;\u00a0 &#8211; l\u2019utilisation de produits ammoniaqu\u00e9s caract\u00e9rise une pr\u00e9c\u00e9dente action destin\u00e9e \u00e0 perturber le d\u00e9roulement d\u2019une r\u00e9union d\u2019information portant sur les nanotechnologies, autre th\u00e8me r\u00e9current pour la mouvance ultra gauche.<\/i> \u00bb Et hop, voil\u00e0 des coupables tout trouv\u00e9s !!<\/p>\n<p style=\"text-align: justify\">Ensuite, il y a un pauvre sac \u00e0 dos contenant des vieux papiers nominatifs, des \u00e9coutes et liens t\u00e9l\u00e9phoniques d\u00e9montrant que certaines sont potes, amantes, voir m\u00eame colocs&#8230; Et puis il y a 5 ADN non identifi\u00e9s retrouv\u00e9s sur des fringues \u00e0 50m\u00e8tres de la PJJ. C\u2019est d\u2019ailleurs sous le sale pr\u00e9texte d\u2019attendre les r\u00e9sultats des comparaisons entre ces ADN et ceux pr\u00e9lev\u00e9s pendant GAV sur les fourchettes et autres gobelets, que le juge d\u2019instruction Suc maintient 4 d\u2019entre eux en d\u00e9tention provisoire pendant 2 \u00e0 3 mois. Un correspondrait selon leur labo.<\/p>\n<p style=\"text-align: justify\">Et bien s\u00fbr,\u00a0 les livres, affiches, tracts, autocollants sur les frigos, trouv\u00e9s pendant les perquis\u00a0 sont utilis\u00e9s pour fabriquer les profils d\u2019anorcho-truc-truc.\u00a0 Bref, du lourd&#8230;.<\/p>\n<p style=\"text-align: justify\">Depuis fevrier 2012 rien. Enfin, pas vraiment, puisque les inculp\u00e9es sont toujours sous contr\u00f4le judiciaire leur interdisant\u00a0 de se voir, d\u2019habiter chez eux et chez elles, de sortir du territoire, et les obligeant \u00e0 pointer r\u00e9guli\u00e8rement. Cette pression de basse intensit\u00e9 qu\u2019est le CJ cens\u00e9e emp\u00eacher de s\u2019agiter, les inculp\u00e9es comme leur entourage la refuse. Les demandes r\u00e9p\u00e9t\u00e9es de main lev\u00e9e ou de modification ont toujours \u00e9t\u00e9 rejet\u00e9es par les diff\u00e9rentes cours d\u2019appel et autres chambres d\u2019instructions. Des d\u00e9cisions justifi\u00e9es par une commission rogatoire internationale d\u00e9livr\u00e9e aux autorit\u00e9s italiennes, pour retrouver deux pr\u00e9sum\u00e9(e)s coupables encore recherch\u00e9(e)s (? ??), et des \u00ab <i> risques certains de renouvellement de l\u2019infraction du faits de leur appartenance \u00e0 la mouvance ultra gauche toulousaine <\/i> \u00bb (encore elle !!)<\/p>\n<p style=\"text-align: justify\">Cette instruction n\u2019a que trop dur\u00e9 et sert de pr\u00e9texte \u00e0 une mise sous surveillance de toutes les personnes qui de pr\u00e8s ou de loin seraient en contact avec les inculp\u00e9Es. De proche en proche, comme un parasite, la surveillance se r\u00e9pand, dans une ville comme Toulouse ce sera bient\u00f4t l\u2019ensemble des personnes qui s\u2019agitent qui seront fich\u00e9es dans cette affaire.\u00a0 Alors \u00e0 partir d\u2019un seau de merde jet\u00e9 dans une administration et de tags , ce sont des centaines de personnes qui se retrouvent sous surveillance\u2026<\/p>\n<p style=\"text-align: justify\">Afin de contrer l\u2019individualisation auquel ils\/elles sont confront\u00e9s dans cette histoire depuis le d\u00e9but, et aussi juste parce qu\u2019ils et elles en ont tout simplement marre, les inculp\u00e9Es ont d\u00e9cid\u00e9s collectivement de mettre fin \u00e0 leurs contr\u00f4le judiciaire et de le faire savoir.<\/p>\n<p style=\"text-align: justify\">Arr\u00eat imm\u00e9diat de l\u2019instruction.<\/p>\n<p style=\"text-align: justify\">Lev\u00e9e des poursuites.<\/p>\n<p style=\"text-align: justify\">Solidarit\u00e9 avec tous les r\u00e9volt\u00e9Es.<\/p>\n<p style=\"text-align: justify\"><em>Les inculp\u00e9Es de Lab\u00e8ge, leurs proches, et leurs amiEs.<\/em><\/p>\n<p style=\"text-align: justify\">PS : Les r\u00e9sultats du proc\u00e8s ADN du 14 mars sont tomb\u00e9s : ce sera donc 300 euros d\u2019amende chacun(e) pour les 5 personnes inculp\u00e9es, mais aussi pour le t\u00e9moin assist\u00e9 et la personne mise hors de cause gr\u00e2ce \u00e0 un billet d\u2019avion.<\/p>\n<p style=\"text-align: justify\">Pour envoyer un soutien financier ou juste \u00e9crire\u00a0:<\/p>\n<p style=\"text-align: justify\">CAJ c \/o Canal Sud 40 rue Alfred Dumeril 31400 Toulouse <a href=\"mailto:nonalepm@riseup.net\">nonalepm@riseup.net<\/a><\/p>\n<p style=\"text-align: justify\">Ch\u00e8ques \u00e0 l\u2019ordre du CAJ<\/p>\n<p style=\"text-align: justify\"><em>Vu sur Indymedia Paris, 17 avril 2013<\/em><\/p>\n","protected":false},"excerpt":{"rendered":"<p>Pour en finir avec \u00ab l\u2019affaire \u00bb de Lab\u00e8ge rappel de l\u2019histoire ici\u00a0 : www.pourlaliberte.noblogs.org Cette banale action directe contre les institutions r\u00e9pressives, mince r\u00e9ponse \u00e0 leur violence quotidienne a d\u00e9clench\u00e9 cette enqu\u00eate toujours en cours aujourd\u2019hui. La justice n\u2019aime pas que son r\u00f4le soit r\u00e9v\u00e9l\u00e9 et attaqu\u00e9 au grand jour, et s\u2019attache \u00e0 calmer &hellip; <a href=\"https:\/\/fa86.noblogs.org\/?p=8727\" class=\"more-link\">Continuer la lecture de <span class=\"screen-reader-text\">Pour en finir avec \u00ab l\u2019affaire \u00bb de Lab\u00e8ge<\/span> <span class=\"meta-nav\">&rarr;<\/span><\/a><\/p>\n","protected":false},"author":2691,"featured_media":0,"comment_status":"open","ping_status":"open","sticky":false,"template":"","format":"standard","meta":{"footnotes":""},"categories":[20,16],"tags":[],"class_list":["post-8727","post","type-post","status-publish","format-standard","hentry","category-feu-aux-prisons","category-repression"],"_links":{"self":[{"href":"https:\/\/fa86.noblogs.org\/index.php?rest_route=\/wp\/v2\/posts\/8727","targetHints":{"allow":["GET"]}}],"collection":[{"href":"https:\/\/fa86.noblogs.org\/index.php?rest_route=\/wp\/v2\/posts"}],"about":[{"href":"https:\/\/fa86.noblogs.org\/index.php?rest_route=\/wp\/v2\/types\/post"}],"author":[{"embeddable":true,"href":"https:\/\/fa86.noblogs.org\/index.php?rest_route=\/wp\/v2\/users\/2691"}],"replies":[{"embeddable":true,"href":"https:\/\/fa86.noblogs.org\/index.php?rest_route=%2Fwp%2Fv2%2Fcomments&post=8727"}],"version-history":[{"count":3,"href":"https:\/\/fa86.noblogs.org\/index.php?rest_route=\/wp\/v2\/posts\/8727\/revisions"}],"predecessor-version":[{"id":8731,"href":"https:\/\/fa86.noblogs.org\/index.php?rest_route=\/wp\/v2\/posts\/8727\/revisions\/8731"}],"wp:attachment":[{"href":"https:\/\/fa86.noblogs.org\/index.php?rest_route=%2Fwp%2Fv2%2Fmedia&parent=8727"}],"wp:term":[{"taxonomy":"category","embeddable":true,"href":"https:\/\/fa86.noblogs.org\/index.php?rest_route=%2Fwp%2Fv2%2Fcategories&post=8727"},{"taxonomy":"post_tag","embeddable":true,"href":"https:\/\/fa86.noblogs.org\/index.php?rest_route=%2Fwp%2Fv2%2Ftags&post=8727"}],"curies":[{"name":"wp","href":"https:\/\/api.w.org\/{rel}","templated":true}]}}