{"id":8736,"date":"2013-04-19T17:14:34","date_gmt":"2013-04-19T15:14:34","guid":{"rendered":"http:\/\/fa86.noblogs.org\/?p=8736"},"modified":"2013-04-19T17:14:34","modified_gmt":"2013-04-19T15:14:34","slug":"poitiers-revue-de-presse-sur-le-squat-de-letape","status":"publish","type":"post","link":"https:\/\/fa86.noblogs.org\/?p=8736","title":{"rendered":"[Poitiers] Revue de presse sur le squat de l&rsquo;Etape"},"content":{"rendered":"<p style=\"text-align: justify\"><strong>POITIERS Squat rom \u00e0 L&rsquo;\u00c9tape : les \u00e9cologistes interpellent le maire et le pr\u00e9fet NR 18\/04\/2013<\/strong><\/p>\n<p style=\"text-align: justify\">Les \u00e9cologistes viennent de r\u00e9agir \u00e0 la situation du squat install\u00e9 dans les locaux de l&rsquo;ancien foyer l&rsquo;\u00c9tape (voir notre \u00e9dition d&rsquo;hier). Plusieurs familles de Roms l&rsquo;occupent. La mairie de Poitiers, propri\u00e9taire des lieux, a lanc\u00e9 une proc\u00e9dure en vue de leur expulsion. Le groupe Europe \u00c9cologie Les Verts demande \u00e0 Alain Claeys de l&rsquo;annuler ou au pr\u00e9fet d&rsquo;ordonner la r\u00e9quisition des b\u00e2timents. Il demande \u00e9galement qu&rsquo;une association reconnue d&rsquo;utilit\u00e9 publique s&rsquo;occupe de ces familles.<\/p>\n<p style=\"text-align: justify\"><strong>Squat rom : un foyer \u00e0 r\u00e9actions NR 19\/04\/2013<\/strong><\/p>\n<p style=\"text-align: justify\">Mardi, la mairie de Poitiers annon\u00e7ait qu&rsquo;elle ne parlerait pas du squat par des familles roms de l&rsquo;ex-foyer L&rsquo;\u00c9tape tant que la justice ne se serait pas prononc\u00e9e sur la question.<\/p>\n<p style=\"text-align: justify\">Elle a finalement chang\u00e9 de tactique, hier, via un communiqu\u00e9 sign\u00e9 par trois \u00e9lus (1) apr\u00e8s la prise de position et l&rsquo;interpellation lanc\u00e9e par les \u00e9lus \u00e9cologistes (notre \u00e9dition d&rsquo;hier).<br \/>\nLe communiqu\u00e9 rappelle que lesdits \u00e9lus avaient vot\u00e9 sans r\u00e9serve, le 25 mars dernier, la vente de ces locaux qui ne r\u00e9pondent plus aux normes applicables \u00e0 ce type de site d&rsquo;h\u00e9bergement.<\/p>\n<p style=\"text-align: justify\">Un appel lanc\u00e9<\/p>\n<p style=\"text-align: justify\">La mairie rel\u00e8ve que l&rsquo;h\u00e9bergement d&rsquo;urgence ne rel\u00e8ve pas de sa comp\u00e9tence, mais de celle de l&rsquo;\u00c9tat. Et indique qu&rsquo;elle ne peut laisser quiconque occuper ill\u00e9galement un bien qui lui appartient, sans pour autant \u00e9voquer la proc\u00e9dure d&rsquo;expulsion lanc\u00e9e.<br \/>\nEnfin, les trois \u00e9lus notent que ces familles occupent des locaux potentiellement dangereux. Une situation signal\u00e9e au conseil g\u00e9n\u00e9ral du fait de la pr\u00e9sence de nombreux enfants.<br \/>\nUne autre r\u00e9action est venue, hier, du Collectif \u00ab\u00a0\u2009D&rsquo;ailleurs nous sommes d&rsquo;ici\u2009\u00a0\u00bb qui demande \u00e0 la municipalit\u00e9 <i>\u00ab de renoncer \u00e0 expulser ces familles \u00bb<\/i> durant la p\u00e9riode transitoire qui court jusqu&rsquo;au mois de novembre. La vente ne sera pas effective avant cette date. <i>\u00ab La municipalit\u00e9 doit entendre la d\u00e9tresse de ces familles au lieu de se contenter de les expulser. \u00bb<\/i><br \/>\nLe Collectif estime que ce squat n&rsquo;a pu voir le jour que du fait de d\u00e9faillances d&rsquo;un syst\u00e8me d&rsquo;h\u00e9bergement d&rsquo;urgence ne disposant pas d&rsquo;assez de places. Les d\u00e9bout\u00e9s du droit d&rsquo;asile, Roms ou autre, se retrouvent de fait \u00e0 la rue.<br \/>\nLe Collectif rappelle la circulaire interminist\u00e9rielle d&rsquo;ao\u00fbt 2012 qui demande aux pr\u00e9fets, avant toute \u00e9vacuation, de dresser un diagnostic et de rechercher des solutions d&rsquo;accompagnent. Le bras de fer judiciaire \u00e9tait d\u00e9j\u00e0 engag\u00e9. Le bras de fer politique prend d\u00e9sormais localement forme.<\/p>\n<p style=\"text-align: justify\">(1) Michel Berthier et R\u00e9gine Laprie, adjoints en charge de la Solidarit\u00e9 et de l&rsquo;Action sociale, Jean-Claude Bonnefon conseiller municipal en charge de la Tranquillit\u00e9 publique.<\/p>\n<p style=\"text-align: justify\"><strong>Collectif poitevin \u00ab D&rsquo;ailleurs Nous Sommes d&rsquo;Ici \u00bb Communiqu\u00e9 de presse<\/strong><\/p>\n<p style=\"text-align: justify\"><strong>ROMS : \u00e0 Poitiers comme ailleurs une situation indigne et inacceptable !<\/strong><\/p>\n<p style=\"text-align: justify\" align=\"JUSTIFY\">La situation faite aux Roms en Europe est partout d\u00e9plorable. En France, la poursuite d\u2019une politique r\u00e9pressive contre ces populations men\u00e9e par le Ministre de l\u2019Int\u00e9rieur ne fait qu\u2019empirer les probl\u00e8mes. Les d\u00e9mant\u00e8lements programm\u00e9s et r\u00e9p\u00e9t\u00e9s de leurs campements aggravent leur condition de vie et entra\u00eene un \u00e9parpillement de ces populations, sans rien r\u00e9gler !<\/p>\n<p style=\"text-align: justify\" align=\"JUSTIFY\">A Poitiers comme ailleurs, des familles roms essayent de trouver une solution \u00e0 cette errance forc\u00e9e. A Poitiers comme ailleurs, ces familles se heurtent \u00e0 une insuffisance notoire des capacit\u00e9s d\u2019accueil des CHRS (Centre d\u2019h\u00e9bergement et de r\u00e9insertion sociale). Le \u00ab 115 \u00bb ne peut r\u00e9pondre aux demandes quotidiennes. Des familles avec enfants se retrouvent donc \u00e0 la rue, des familles roms mais aussi des demandeurs d\u2019asile d\u00e9bout\u00e9s ou en recours devant la CNDA (Cour Nationale du Droit d\u2019Asile). La capacit\u00e9 d\u2019accueil des CADA (Centre d\u2019accueil des demandeurs d\u2019asile) est \u00e9galement notoirement insuffisante.<\/p>\n<p style=\"text-align: justify\" align=\"JUSTIFY\">L\u2019occupation par des familles roms (soutenues par le DAL 86) de l\u2019ancien foyer de l\u2019\u00c9tape, rue d\u2019Ol\u00e9ron, actuellement vide, est la cons\u00e9quence d\u2019une telle situation.<\/p>\n<p style=\"text-align: justify\" align=\"JUSTIFY\">La municipalit\u00e9 de Poitiers ne peut seule r\u00e9gler ces situations mais elle peut et doit -comme d&rsquo;autres villes le font, contribuer \u00e0 la recherche et mise en \u0153uvre de solutions acceptables. Elle doit entendre la d\u00e9tresse de ces familles au lieu de se contenter de les expulser, de les remettre dans la rue et de les renvoyer&#8230;. dans une autre municipalit\u00e9. Cette politique de la \u00ab patate chaude \u00bb est indigne et n\u2019a que trop dur\u00e9.<\/p>\n<p style=\"text-align: justify\" align=\"JUSTIFY\">Nous demandons solennellement \u00e0 la Municipalit\u00e9 de renoncer \u00e0 expulser ces familles du foyer de l\u2019\u00c9tape durant une p\u00e9riode transitoire ( la vente des locaux ne sera effective que dans 7 mois ) pour permettre un examen approfondi de leur situation et la recherche de solutions d\u00e9centes.<\/p>\n<p style=\"text-align: justify\" align=\"JUSTIFY\">C\u2019est du reste ce qu\u2019une circulaire interminist\u00e9rielle du 28 ao\u00fbt 2012, sign\u00e9e par 7 ministres (dont le ministre de l\u2019Int\u00e9rieur), pr\u00e9conise en demandant express\u00e9ment aux pr\u00e9fets en pr\u00e9alable \u00e0 toute \u00e9vacuation \u00ab l&rsquo;\u00e9tablissement d&rsquo;un diagnostic et la recherche de solutions d&rsquo;accompagnement dans les diff\u00e9rents domaines concourant \u00e0 l&rsquo;insertion des personnes (scolarisation, sant\u00e9 emploi, logement\/mise \u00e0 l&rsquo;abri. \u00bb !<\/p>\n<p style=\"text-align: justify\" align=\"JUSTIFY\">Signataires:<\/p>\n<p style=\"text-align: justify\" align=\"JUSTIFY\">Groupe local La CIMADE Poitiers, Collectif contre les expulsions et pour le droit de vivre en France, Collectif poitevin contre la r\u00e9pression des mouvements sociaux, R\u00e9seau \u00c9ducation Sans Fronti\u00e8res 86, Europe \u00c9cologie-Les Verts, Les Alternatifs, Gauche Anticapitaliste, Nouveau Parti Anticapitaliste, Parti de Gauche.<\/p>\n<p style=\"text-align: justify\"><strong>POITIERS H\u00e9bergement d&rsquo;urgence refus\u00e9 : pas de carence de l&rsquo;\u00c9tat NR 19\/04\/2013<\/strong><\/p>\n<p style=\"text-align: justify\">Certains d\u00e9partements connaissent un afflux de proc\u00e9dures contre la pr\u00e9fecture pour contester les conditions de prise en charge de certains \u00e9tranges par les services de l&rsquo;h\u00e9bergement d&rsquo;urgence. A Poitiers, c&rsquo;est la premi\u00e8re fois que le tribunal administratif \u00e9tait saisi d&rsquo;un r\u00e9f\u00e9r\u00e9 libert\u00e9 sur cette question.<br \/>\nUn homme vivant seul, un sans papier originaire du Caucase, a lanc\u00e9 une proc\u00e9dure contre la pr\u00e9fecture de la Vienne. Il l&rsquo;enjoignait, sous astreinte de 200\u2009\u20ac par jour, \u00e0 l&rsquo;orienter vers une structure d&rsquo;h\u00e9bergement d&rsquo;urgence.<br \/>\nLe tribunal administratif a estim\u00e9 qu&rsquo;il n&rsquo;y avait pas de carence de l&rsquo;\u00c9tat en la mati\u00e8re. La requ\u00eate n&rsquo;a m\u00eame pas \u00e9t\u00e9 d\u00e9battue publiquement.<br \/>\nL&rsquo;ordonnance rel\u00e8ve que les personnes en situation irr\u00e9guli\u00e8re qui ont \u00e9puis\u00e9 toutes leurs voies de recours ne peuvent normalement pas b\u00e9n\u00e9ficier de l&rsquo;h\u00e9bergement d&rsquo;urgence.<br \/>\nC&rsquo;\u00e9tait le cas de cet homme qui avait \u00e9t\u00e9 h\u00e9berg\u00e9 occasionnellement par son ancienne \u00e9pouse mais aussi par le 115 rel\u00e8ve le tribunal administratif.<\/p>\n<p style=\"text-align: justify\"><em>Revue de presse re\u00e7ue par mail, 19 avril 2013<\/em><\/p>\n","protected":false},"excerpt":{"rendered":"<p>POITIERS Squat rom \u00e0 L&rsquo;\u00c9tape : les \u00e9cologistes interpellent le maire et le pr\u00e9fet NR 18\/04\/2013 Les \u00e9cologistes viennent de r\u00e9agir \u00e0 la situation du squat install\u00e9 dans les locaux de l&rsquo;ancien foyer l&rsquo;\u00c9tape (voir notre \u00e9dition d&rsquo;hier). Plusieurs familles de Roms l&rsquo;occupent. La mairie de Poitiers, propri\u00e9taire des lieux, a lanc\u00e9 une proc\u00e9dure en &hellip; <a href=\"https:\/\/fa86.noblogs.org\/?p=8736\" class=\"more-link\">Continuer la lecture de <span class=\"screen-reader-text\">[Poitiers] Revue de presse sur le squat de l&rsquo;Etape<\/span> <span class=\"meta-nav\">&rarr;<\/span><\/a><\/p>\n","protected":false},"author":2691,"featured_media":0,"comment_status":"open","ping_status":"open","sticky":false,"template":"","format":"standard","meta":{"footnotes":""},"categories":[11,12,16,29],"tags":[],"class_list":["post-8736","post","type-post","status-publish","format-standard","hentry","category-ni-patrie-ni-frontiere","category-okupa-y-resiste","category-repression","category-un-toit-pour-tou-te-s"],"_links":{"self":[{"href":"https:\/\/fa86.noblogs.org\/index.php?rest_route=\/wp\/v2\/posts\/8736","targetHints":{"allow":["GET"]}}],"collection":[{"href":"https:\/\/fa86.noblogs.org\/index.php?rest_route=\/wp\/v2\/posts"}],"about":[{"href":"https:\/\/fa86.noblogs.org\/index.php?rest_route=\/wp\/v2\/types\/post"}],"author":[{"embeddable":true,"href":"https:\/\/fa86.noblogs.org\/index.php?rest_route=\/wp\/v2\/users\/2691"}],"replies":[{"embeddable":true,"href":"https:\/\/fa86.noblogs.org\/index.php?rest_route=%2Fwp%2Fv2%2Fcomments&post=8736"}],"version-history":[{"count":1,"href":"https:\/\/fa86.noblogs.org\/index.php?rest_route=\/wp\/v2\/posts\/8736\/revisions"}],"predecessor-version":[{"id":8737,"href":"https:\/\/fa86.noblogs.org\/index.php?rest_route=\/wp\/v2\/posts\/8736\/revisions\/8737"}],"wp:attachment":[{"href":"https:\/\/fa86.noblogs.org\/index.php?rest_route=%2Fwp%2Fv2%2Fmedia&parent=8736"}],"wp:term":[{"taxonomy":"category","embeddable":true,"href":"https:\/\/fa86.noblogs.org\/index.php?rest_route=%2Fwp%2Fv2%2Fcategories&post=8736"},{"taxonomy":"post_tag","embeddable":true,"href":"https:\/\/fa86.noblogs.org\/index.php?rest_route=%2Fwp%2Fv2%2Ftags&post=8736"}],"curies":[{"name":"wp","href":"https:\/\/api.w.org\/{rel}","templated":true}]}}