{"id":8762,"date":"2013-04-20T16:00:40","date_gmt":"2013-04-20T14:00:40","guid":{"rendered":"http:\/\/fa86.noblogs.org\/?p=8762"},"modified":"2013-04-20T16:05:26","modified_gmt":"2013-04-20T14:05:26","slug":"week-end-dinauguration-de-la-grange-de-montabot-du-17-au-20-mai-2013","status":"publish","type":"post","link":"https:\/\/fa86.noblogs.org\/?p=8762","title":{"rendered":"Week End d\u2019inauguration de la grange de Montabot du 17 au 20 mai 2013"},"content":{"rendered":"<h3 style=\"text-align: center\">Une grange pour s\u2019organiser\u2026<\/h3>\n<p style=\"text-align: justify\">Depuis l\u2019action \u00e0 Valognes contre le train \u201cCastor\u201d en novembre 2011, jusqu\u2019aux moments forts de la lutte contre la ligne Tr\u00e8s Haute Tension (THT) Cotentin-Maine en 2011 et 2012, des personnes se sont rencontr\u00e9es et se sont organis\u00e9es pour lutter contre le nucl\u00e9aire et son monde.<\/p>\n<p style=\"text-align: justify\">Afin de continuer sur cette lanc\u00e9e, il semble important de pouvoir disposer d\u2019un lieu collectif comme a pu l\u2019\u00eatre le bois occup\u00e9 de la B\u00e9vini\u00e8re sur la commune du Chefresne.<\/p>\n<p style=\"text-align: justify\"><a href=\"https:\/\/antitht.noblogs.org\/files\/2013\/04\/affiche-montabot-finie.jpg\"><img loading=\"lazy\" decoding=\"async\" class=\"aligncenter size-large wp-image-801\" alt=\"affiche montabot finie\" src=\"https:\/\/antitht.noblogs.org\/files\/2013\/04\/affiche-montabot-finie-600x424.jpg\" width=\"600\" height=\"424\" \/><\/a><\/p>\n<p style=\"text-align: justify\">Une grange, au lieu-dit la Bossardi\u00e8re sur la commune de Montabot (50), s\u2019\u00e9rige maintenant non loin des pyl\u00f4nes comme un d\u00e9fi face \u00e0 l\u2019imposition de la ligne THT \u00e0 coups de b\u00e2tons. Il existe donc un lieu p\u00e9renne pour relayer et faire perdurer l\u2019actualit\u00e9 de la lutte anti-nucl\u00e9aire dans la Manche et ailleurs, \u00eatre le relai de vos luttes ou simplement pour se r\u00e9unir et \u00e9changer.<\/p>\n<p style=\"text-align: justify\">En effet, cet endroit constitue un point d\u2019information et de convergences des initiatives d\u2019ici (EPR, THT, transports castors, etc) et d\u2019ailleurs (Poubelle radioactive de Bure, Iter, Astrid, THT partout, mines d\u2019uranium) contre le nucl\u00e9aire et aussi contre d\u2019autres projets assez proches dans l\u2019id\u00e9ologie d\u2019am\u00e9nagement de nos espaces et de nos vies, tel celui de l\u2019a\u00e9roport de Notre-Dame des Landes, les lignes \u00e0 Grande Vitesse, de la tra\u00e7abilit\u00e9 en g\u00e9n\u00e9ral et du fichage g\u00e9n\u00e9tique en particulier.<\/p>\n<p style=\"text-align: justify\">Il s\u2019agit aussi d\u2019un point d\u2019ancrage de la lutte o\u00f9 se d\u00e9roule un chantier permanent d\u2019\u00e9changes de savoirs et de pratiques \u00e9mancipatrices (autonomie \u00e9nerg\u00e9tique, \u00e9coconstruction, r\u00e9novation du b\u00e2ti ancien, permacultures de plantes m\u00e9dicinales et potag\u00e8res\u2026.).<\/p>\n<p style=\"text-align: center\"><strong>Du 17 au 20 Mai 2013, la grange ouvrira ses portes au grand jour.<\/strong><\/p>\n<p style=\"text-align: center\">Vous d\u00e9couvrirez la grange \u00e0 travers des expos, ses d\u00e9brouilles quotidiennes, son camping, sa cantine prix libre.<\/p>\n<p style=\"text-align: justify\"><a href=\"https:\/\/antitht.noblogs.org\/files\/2013\/04\/ProgDetaillee.jpg\"><img loading=\"lazy\" decoding=\"async\" class=\"aligncenter size-large wp-image-803\" alt=\"ProgDetaillee\" src=\"https:\/\/antitht.noblogs.org\/files\/2013\/04\/ProgDetaillee-445x600.jpg\" width=\"445\" height=\"600\" \/><\/a><\/p>\n<p style=\"text-align: justify\">Parce qu\u2019il ne faudrait pas croire que tout s\u2019arr\u00eate avec la mise en service d\u2019une ligne T.H.T.<\/p>\n<p style=\"text-align: justify\">Parce qu\u2019il est essentiel pour nous de poursuivre les d\u00e9bats entam\u00e9s lors de cette lutte, et d\u2019anticiper les pi\u00e8ges des n\u00e9cro-industries auxquelles nous seront confront\u00e9.e.s ici et ailleurs.<\/p>\n<p style=\"text-align: justify\">Parce que nous imaginons qu\u2019une organisation sans int\u00e9r\u00eat de pouvoir ni hi\u00e9rarchie, pourrait submerger nos d\u00e9cideurs.<\/p>\n<p style=\"text-align: justify\">Parce que nous voulons faire en sorte que plus aucun.e oligarque ou bureaucrate ne puisse juger et d\u00e9cider du cheminement de nos vies \u00e0 notre place.<\/p>\n<p style=\"text-align: justify\">Nous vous invitons au week-end d\u2019inauguration de la grange de Montabot, o\u00f9 gr\u00e2ce \u00e0 un travail d\u2019\u00e9laboration collective, nous cherchons \u00e0 nous donner les moyens mat\u00e9riels de renvoyer dans leur coin l\u2019\u00c9tat et les mafias publiques ou priv\u00e9es. Nous prendrons le temps qu\u2019il faut pour saper leur infecte besogne, mais ici une pierre est pos\u00e9e, et nous savons que ce sont nos solidarit\u00e9s que l\u2019\u00c9tat craint avant tout. M\u00eame si une nouvelle ligne T.H.T se dresse d\u00e9sormais dans le bocage Normand, la lutte li\u00e9e \u00e0 ces tentacules de la pieuvre nucl\u00e9aire est loin d\u2019\u00eatre enterr\u00e9e.<\/p>\n<p style=\"text-align: justify\"><strong>Comment venir \u00e0 la grange ?<\/strong> La Bossardi\u00e8re, \u00e0 Montabot dans la Manche (50)<br \/>\nSur la D98 entre Percy et Tessy, la Bossardi\u00e8re se trouve au bout du deuxi\u00e8me chemin sur la gauche apr\u00e8s le pyl\u00f4ne 223 lorsqu\u2019on vient de Percy.<\/p>\n<p style=\"text-align: right\"><em><strong><a href=\"https:\/\/antitht.noblogs.org\/798\" target=\"_blank\">Assembl\u00e9e anti-THT<\/a>, 12\/04\/2013<\/strong><\/em><\/p>\n","protected":false},"excerpt":{"rendered":"<p>Une grange pour s\u2019organiser\u2026 Depuis l\u2019action \u00e0 Valognes contre le train \u201cCastor\u201d en novembre 2011, jusqu\u2019aux moments forts de la lutte contre la ligne Tr\u00e8s Haute Tension (THT) Cotentin-Maine en 2011 et 2012, des personnes se sont rencontr\u00e9es et se sont organis\u00e9es pour lutter contre le nucl\u00e9aire et son monde. Afin de continuer sur cette &hellip; <a href=\"https:\/\/fa86.noblogs.org\/?p=8762\" class=\"more-link\">Continuer la lecture de <span class=\"screen-reader-text\">Week End d\u2019inauguration de la grange de Montabot du 17 au 20 mai 2013<\/span> <span class=\"meta-nav\">&rarr;<\/span><\/a><\/p>\n","protected":false},"author":2691,"featured_media":0,"comment_status":"open","ping_status":"open","sticky":false,"template":"","format":"standard","meta":{"footnotes":""},"categories":[25,4],"tags":[],"class_list":["post-8762","post","type-post","status-publish","format-standard","hentry","category-antinucleaire","category-se-trouver"],"_links":{"self":[{"href":"https:\/\/fa86.noblogs.org\/index.php?rest_route=\/wp\/v2\/posts\/8762","targetHints":{"allow":["GET"]}}],"collection":[{"href":"https:\/\/fa86.noblogs.org\/index.php?rest_route=\/wp\/v2\/posts"}],"about":[{"href":"https:\/\/fa86.noblogs.org\/index.php?rest_route=\/wp\/v2\/types\/post"}],"author":[{"embeddable":true,"href":"https:\/\/fa86.noblogs.org\/index.php?rest_route=\/wp\/v2\/users\/2691"}],"replies":[{"embeddable":true,"href":"https:\/\/fa86.noblogs.org\/index.php?rest_route=%2Fwp%2Fv2%2Fcomments&post=8762"}],"version-history":[{"count":3,"href":"https:\/\/fa86.noblogs.org\/index.php?rest_route=\/wp\/v2\/posts\/8762\/revisions"}],"predecessor-version":[{"id":8764,"href":"https:\/\/fa86.noblogs.org\/index.php?rest_route=\/wp\/v2\/posts\/8762\/revisions\/8764"}],"wp:attachment":[{"href":"https:\/\/fa86.noblogs.org\/index.php?rest_route=%2Fwp%2Fv2%2Fmedia&parent=8762"}],"wp:term":[{"taxonomy":"category","embeddable":true,"href":"https:\/\/fa86.noblogs.org\/index.php?rest_route=%2Fwp%2Fv2%2Fcategories&post=8762"},{"taxonomy":"post_tag","embeddable":true,"href":"https:\/\/fa86.noblogs.org\/index.php?rest_route=%2Fwp%2Fv2%2Ftags&post=8762"}],"curies":[{"name":"wp","href":"https:\/\/api.w.org\/{rel}","templated":true}]}}