{"id":8768,"date":"2013-04-21T08:56:35","date_gmt":"2013-04-21T06:56:35","guid":{"rendered":"http:\/\/fa86.noblogs.org\/?p=8768"},"modified":"2013-04-21T09:02:45","modified_gmt":"2013-04-21T07:02:45","slug":"notre-dame-des-landes-les-flics-se-retirent","status":"publish","type":"post","link":"https:\/\/fa86.noblogs.org\/?p=8768","title":{"rendered":"[Notre-Dame-des-Landes] Les flics se retirent : pour quelles raisons ?"},"content":{"rendered":"<p style=\"text-align: justify\"><em><strong>NdPN<\/strong> : nous surlignons les passages en forme d&rsquo;anguilles sous roche.<\/em><\/p>\n<p style=\"text-align: justify\"><strong>Notre-Dame-des-Landes : les gendarmes ont quitt\u00e9 la zone de l\u2019a\u00e9roport<\/strong><\/p>\n<p style=\"text-align: justify\"><em>Le Parisien, 20.04.2013, 13h02<\/em><\/p>\n<p style=\"text-align: justify\">Cinq jours apr\u00e8s les violents heurts qui ont \u00e9clat\u00e9 entre manifestants anti-a\u00e9roport et forces de l\u2019ordre, le calme est revenu \u00e0 Notre-Dame-des-Landes, pr\u00e8s de Nantes (Loire-Atlantique), et les gendarmes ont d\u00e9cid\u00e9 de quitter les lieux. Dans la nuit de vendredi \u00e0 samedi, ils sont d\u00e9finitivement partis de la zone du futur a\u00e9roport du Grand-Ouest, o\u00f9 ils \u00e9taient post\u00e9s en permanence depuis fin 2012 en raison des vives tensions suscit\u00e9es par ce projet de construction tr\u00e8s contest\u00e9. Ils \u00e9taient entre 150 et 250 \u00e0 se relayer quotidiennement entre deux points de contr\u00f4le routier.<\/p>\n<p style=\"text-align: justify\">\u00ab On revient \u00e0 un r\u00e9gime normal de pr\u00e9sence de gendarmerie comme sur le reste du d\u00e9partement \u00bb, a assur\u00e9 ce samedi un haut responsable de la pr\u00e9fecture. <span style=\"text-decoration: underline\">Le dispositif va \u00eatre r\u00e9organis\u00e9 : il ne s\u2019agira plus d\u2019une \u00ab pr\u00e9sence permanente des forces de l\u2019ordre, mais des interventions au coup par coup, en cas de besoin \u00bb, pr\u00e9cise le fonctionnaire<\/span>.<\/p>\n<p style=\"text-align: justify\">Six mois de manifestations<\/p>\n<p style=\"text-align: justify\">Cela fait cinq mois que les manifestations d\u2019opposants au projet se multiplient, tant\u00f4t pacifistes, tant\u00f4t entach\u00e9es par de violentes altercations avec les autorit\u00e9s. Le dernier d\u00e9rapage en date remonte \u00e0 lundi dernier seulement, lorsque trois gendarmes ont \u00e9t\u00e9 bless\u00e9s lors d\u2019un rassemblement d\u2019environ 200 opposants, <span style=\"text-decoration: underline\">principalement issus du collectif ZAD (Zone \u00e0 d\u00e9fendre), usant de cocktails molotov et de jets de pierres<\/span>. Une quinzaine de manifestants ont \u00e9galement \u00e9t\u00e9 bless\u00e9s ce jour-l\u00e0, selon les organisateurs de la mobilisation.<\/p>\n<p style=\"text-align: justify\"><span style=\"text-decoration: underline\">Mais ces heurts ont \u00e9t\u00e9 vivement condamn\u00e9s par la principale association anti-a\u00e9roport, l\u2019Acipa (Association Citoyenne Intercommunale des Populations concern\u00e9es par le projet d\u2019A\u00e9roport de Notre-Dame-des-Landes). \u00ab A chaque fois que nous organisons une op\u00e9ration pacifique elle est parasit\u00e9e, avant ou apr\u00e8s, par une petite minorit\u00e9 qui cr\u00e9e et entretient ce climat de violence \u00bb, a d\u00e9clar\u00e9 son porte-parole Julien Durand \u00e0 France 3 Pays-de-la-Loire. C\u2019est cette condamnation qui a permis en partie de calmer le jeu<\/span>. <strong><span style=\"text-decoration: underline\">\u00ab La position ferme de l\u2019Acipa, la principale association d\u2019opposants, permet ce retour \u00e0 la normale \u00bb, a d\u00e9clar\u00e9 la pr\u00e9fecture \u00e0 la cha\u00eene de t\u00e9l\u00e9vision locale.<\/span> <\/strong>De leur c\u00f4t\u00e9, les Zadistes ont salu\u00e9 ce samedi la fin de \u00ab l\u2019occupation militaire \u00bb sur leur site.<\/p>\n<p style=\"text-align: justify\">Travaux imminents<\/p>\n<p style=\"text-align: justify\"><span style=\"text-decoration: underline\">Les gendarmes veulent \u00e0 tout pris apaiser la situation \u00e0 l\u2019heure o\u00f9 la construction du futur a\u00e9roport, que la Commission du dialogue mise en place par le gouvernement en novembre dernier a d\u00e9finitivement valid\u00e9 d\u00e9but avril, doit d\u00e9buter.<\/span> Selon la Commission, ce projet, pr\u00e9vu pour 2017, est bel et bien \u00ab justifi\u00e9 \u00bb par la saturation actuelle de l\u2019a\u00e9roport de Nantes-Atlantique. Elle a r\u00e9clam\u00e9 que des \u00e9tudes compl\u00e9mentaires soient effectu\u00e9es incessamment sous peu avant le lancement des travaux.<\/p>\n<p style=\"text-align: justify\"><span style=\"text-decoration: underline\">M\u00eame avec un dispositif de s\u00e9curit\u00e9 amoindri, la pr\u00e9fecture a assur\u00e9 qu\u2019elle veillera \u00e0 ce qu\u2019il n\u2019y ait pas d\u2019obstacles \u00e0 la circulation, ni au travail des agriculteurs, ni \u00e0 la possibilit\u00e9 pour les diff\u00e9rents experts de faire les relev\u00e9s scientifiques n\u00e9cessaires \u00e0 la construction de l\u2019a\u00e9roport. \u00ab Si on n\u2019y arrive pas, on sera malheureusement oblig\u00e9s de revenir \u00e0 la situation ant\u00e9rieure \u00bb, a pr\u00e9venu un responsable de la pr\u00e9fecture.<\/span><\/p>\n<p style=\"text-align: justify\">&#8212;&#8212;&#8212;&#8212;&#8212;&#8212;&#8212;&#8212;&#8212;&#8212;&#8212;&#8212;&#8212;&#8212;&#8212;&#8212;&#8212;&#8212;&#8212;&#8212;&#8212;&#8212;&#8212;&#8212;&#8212;&#8212;&#8211;<\/p>\n<p style=\"text-align: justify\"><strong>Notre-Dame-des-Landes : les gendarmes se retirent de la ZAD<\/strong><\/p>\n<p style=\"text-align: justify\"><em>Le Monde.fr avec AFP | 20.04.2013 \u00e0 16h35<\/em><\/p>\n<p style=\"text-align: justify\">Six mois apr\u00e8s l\u2019arriv\u00e9e massive des forces de l\u2019ordre sur le site de Notre-Dame-des-Landes, pr\u00e8s de Nantes, pour tenter d\u2019\u00e9vacuer les opposants au projet d\u2019a\u00e9roport, les gendarmes s\u2019en sont retir\u00e9s samedi 20 avril, dans un geste d\u2019apaisement. La pr\u00e9fecture de Loire-Atlantique a expliqu\u00e9 revenir \u00e0 \u00ab\u00a0un r\u00e9gime normal de pr\u00e9sence de gendarmerie comme sur le reste du d\u00e9partement\u00a0\u00bb. \u00ab\u00a0On est en train de r\u00e9organiser notre dispositif, c\u2019est-\u00e0-dire que l\u2019on tente une configuration qui ne soit plus une pr\u00e9sence permanente des forces de l\u2019ordre mais des interventions au coup par coup en cas de besoin.\u00a0\u00bb<\/p>\n<p style=\"text-align: justify\">Au cours de la nuit, dans la plus grande discr\u00e9tion, les gendarmes, qui, depuis les affrontements d\u2019octobre, sont en moyenne 150 \u00e0 200 \u00e0 se relayer sur place, ont quitt\u00e9 les deux points de contr\u00f4le routier sur la zone d\u2019am\u00e9nagement diff\u00e9r\u00e9 (ZAD). L\u2019information a aussit\u00f4t \u00e9t\u00e9 relay\u00e9e sur les r\u00e9seaux sociaux par les militants, install\u00e9s sur place dans des cabanes, pour certains depuis plus de deux ans.<\/p>\n<p style=\"text-align: justify\">Ce retrait, dont l\u2019objectif affich\u00e9 par l\u2019Etat est de calmer les esprits, intervient dix jours apr\u00e8s la publication des rapports de trois commissions qui ont pr\u00e9conis\u00e9 des \u00e9tudes compl\u00e9mentaires avant le lancement des travaux de transfert de l\u2019actuel a\u00e9roport de Nantes sur le site de Notre-Dame-des-Landes \u00e0 l\u2019horizon 2017-2018.<\/p>\n<p style=\"text-align: justify\">DIALOGUE AVEC L\u2019ACIPA<\/p>\n<p style=\"text-align: justify\">Surtout, le dialogue a \u00e9t\u00e9 renou\u00e9 entre l\u2019Acipa, principale association historique d\u2019opposants, et la pr\u00e9fecture. Cette semaine, <span style=\"text-decoration: underline\">Julien Durand, porte-parole de l\u2019Acipa, avait ainsi estim\u00e9 que \u00ab\u00a0les tranch\u00e9es et les barricades\u00a0\u00bb install\u00e9es sur le site par les militants anti-a\u00e9roport \u00ab\u00a0ne sont pas une solution\u00a0\u00bb,<\/span> apr\u00e8s de nouvelles violences lundi entre certains opposants et les forces de l\u2019ordre. Ces violences avaient caus\u00e9 trois bless\u00e9s parmi les forces de l\u2019ordre, selon la gendarmerie, et un peu plus d\u2019une quinzaine chez les opposants, selon ceux-ci.<\/p>\n<p style=\"text-align: justify\"><span style=\"text-decoration: underline\">Partisan d\u2019une \u00ab\u00a0opposition constructive\u00a0\u00bb, M. Durand a accus\u00e9 les militants anticapitalistes d\u2019avoir provoqu\u00e9 les forces de l\u2019ordre par l\u2019installation d\u2019une nouvelle barricade sur la seule route encore praticable de la zone du projet, tout en regrettant la pr\u00e9sence des forces de l\u2019ordre sur place. Il a ensuite rencontr\u00e9 jeudi des repr\u00e9sentants de la pr\u00e9fecture de Loire-Atlantique. Une rencontre a priori fructueuse.<\/span><\/p>\n<p style=\"text-align: justify\"><span style=\"text-decoration: underline\">RETRAIT SOUS CONDITION<\/span><\/p>\n<p style=\"text-align: justify\"><span style=\"text-decoration: underline\">Le pr\u00e9fet a pr\u00e9cis\u00e9 que la nouvelle configuration \u00e9tait soumise \u00e0 des conditions comme l\u2019absence d\u2019obstacles \u00e0 la circulation, au travail des agriculteurs et \u00e0 la possibilit\u00e9 pour les diff\u00e9rents experts de faire les relev\u00e9s scientifiques demand\u00e9s dans les rapports des commissions. \u00ab\u00a0Si on n\u2019y arrive pas, on sera malheureusement oblig\u00e9s de revenir \u00e0 la situation ant\u00e9rieure\u00a0\u00bb,<\/span> a-t-il averti.<\/p>\n<p style=\"text-align: justify\">Depuis octobre et l\u2019\u00e9vacuation d\u2019opposants \u00e0 l\u2019a\u00e9roport, entre 150 et 200 gendarmes se relayaient en permanence \u00e0 deux points de contr\u00f4le routier sur la zone d\u2019am\u00e9nagement diff\u00e9r\u00e9 (ZAD), surnomm\u00e9e \u00ab\u00a0zone \u00e0 d\u00e9fendre\u00a0\u00bb par les adversaires du projet. De leur c\u00f4t\u00e9, entre 100 et 300 manifestants se sont r\u00e9install\u00e9s dans des cabanes en plein milieu de la ZAD.<\/p>\n<p style=\"text-align: justify\">En juin, la pr\u00e9fecture doit communiquer sur les \u00e9ventuels retards des travaux de construction de l\u2019a\u00e9roport du fait des am\u00e9nagements demand\u00e9s par les trois rapports remis la semaine derni\u00e8re au gouvernement. Le rapport principal, celui de la commission du dialogue, a r\u00e9affirm\u00e9 la n\u00e9cessit\u00e9 d\u2019un nouvel a\u00e9roport du fait de la saturation \u00e0 venir de l\u2019actuel \u00e9quipement, mais a r\u00e9clam\u00e9 plusieurs am\u00e9nagements, notamment de r\u00e9duction de l\u2019emprise du futur a\u00e9roport et des \u00e9tudes compl\u00e9mentaires destin\u00e9es \u00e0 apaiser le d\u00e9bat. L\u2019Etat avait accord\u00e9 en 2010 la concession de l\u2019a\u00e9roport au groupe de BTP Vinci.<\/p>\n<p style=\"text-align: justify\"><em>Deux articles compil\u00e9s sur <a href=\"http:\/\/cettesemaine.free.fr\/spip\/article.php3?id_article=5882\" target=\"_blank\">Br\u00e8ves du D\u00e9sordre<\/a>, 20 avril 2013<\/em><\/p>\n","protected":false},"excerpt":{"rendered":"<p>NdPN : nous surlignons les passages en forme d&rsquo;anguilles sous roche. Notre-Dame-des-Landes : les gendarmes ont quitt\u00e9 la zone de l\u2019a\u00e9roport Le Parisien, 20.04.2013, 13h02 Cinq jours apr\u00e8s les violents heurts qui ont \u00e9clat\u00e9 entre manifestants anti-a\u00e9roport et forces de l\u2019ordre, le calme est revenu \u00e0 Notre-Dame-des-Landes, pr\u00e8s de Nantes (Loire-Atlantique), et les gendarmes ont &hellip; <a href=\"https:\/\/fa86.noblogs.org\/?p=8768\" class=\"more-link\">Continuer la lecture de <span class=\"screen-reader-text\">[Notre-Dame-des-Landes] Les flics se retirent : pour quelles raisons ?<\/span> <span class=\"meta-nav\">&rarr;<\/span><\/a><\/p>\n","protected":false},"author":2691,"featured_media":0,"comment_status":"open","ping_status":"open","sticky":false,"template":"","format":"standard","meta":{"footnotes":""},"categories":[12,16],"tags":[],"class_list":["post-8768","post","type-post","status-publish","format-standard","hentry","category-okupa-y-resiste","category-repression"],"_links":{"self":[{"href":"https:\/\/fa86.noblogs.org\/index.php?rest_route=\/wp\/v2\/posts\/8768","targetHints":{"allow":["GET"]}}],"collection":[{"href":"https:\/\/fa86.noblogs.org\/index.php?rest_route=\/wp\/v2\/posts"}],"about":[{"href":"https:\/\/fa86.noblogs.org\/index.php?rest_route=\/wp\/v2\/types\/post"}],"author":[{"embeddable":true,"href":"https:\/\/fa86.noblogs.org\/index.php?rest_route=\/wp\/v2\/users\/2691"}],"replies":[{"embeddable":true,"href":"https:\/\/fa86.noblogs.org\/index.php?rest_route=%2Fwp%2Fv2%2Fcomments&post=8768"}],"version-history":[{"count":3,"href":"https:\/\/fa86.noblogs.org\/index.php?rest_route=\/wp\/v2\/posts\/8768\/revisions"}],"predecessor-version":[{"id":8770,"href":"https:\/\/fa86.noblogs.org\/index.php?rest_route=\/wp\/v2\/posts\/8768\/revisions\/8770"}],"wp:attachment":[{"href":"https:\/\/fa86.noblogs.org\/index.php?rest_route=%2Fwp%2Fv2%2Fmedia&parent=8768"}],"wp:term":[{"taxonomy":"category","embeddable":true,"href":"https:\/\/fa86.noblogs.org\/index.php?rest_route=%2Fwp%2Fv2%2Fcategories&post=8768"},{"taxonomy":"post_tag","embeddable":true,"href":"https:\/\/fa86.noblogs.org\/index.php?rest_route=%2Fwp%2Fv2%2Ftags&post=8768"}],"curies":[{"name":"wp","href":"https:\/\/api.w.org\/{rel}","templated":true}]}}