{"id":8786,"date":"2013-04-21T23:58:27","date_gmt":"2013-04-21T21:58:27","guid":{"rendered":"http:\/\/fa86.noblogs.org\/?p=8786"},"modified":"2013-04-22T00:00:47","modified_gmt":"2013-04-21T22:00:47","slug":"squat-de-letape-communique-du-21-04-13","status":"publish","type":"post","link":"https:\/\/fa86.noblogs.org\/?p=8786","title":{"rendered":"Squat de l\u2019Etape : communiqu\u00e9 du 21-04-13"},"content":{"rendered":"<p style=\"text-align: justify\">Nous ne savons pas trop comment prendre les titres de la <em>Nouvelle R\u00e9publique<\/em> \u00ab\u00a0Squat rom \u00e0 L\u2019\u00c9tape\u00a0\u00bb et \u00ab\u00a0Squat rom\u00a0\u00bb. Nous esp\u00e9rons qu\u2019il s\u2019agit seulement, comme le font certaines autres organisations, d\u2019insister sur la sp\u00e9cificit\u00e9 des roms\u00a0: une situation qui est plus d\u00e9plorable et scandaleuse que celle des \u00ab\u00a0sans papiers\u00a0\u00bb. Il se trouve toutefois qu\u2019aujourd\u2019hui il n\u2019y a pas de sp\u00e9cificit\u00e9 de la mis\u00e8re. Car depuis mardi dernier, une famille azerie-arm\u00e9nienne avec deux enfants de 2 ans et 7 ans malades (la petite fille de 2 ans est \u00e9pileptique), et depuis jeudi dernier un p\u00e8re s\u00e9par\u00e9 arm\u00e9nien et un homme seul g\u00e9orgien sont venus habiter sur place.<\/p>\n<p style=\"text-align: justify\">Pour le Dal86, il s\u2019agit donc simplement de personnes et de familles qui se trouvaient \u00e0 la rue. Pour des raisons historiques et contextuelles, il s\u2019est trouv\u00e9 qu\u2019au d\u00e9but il y a eu des roumains dont certains sont roms. Mais nous savions que d\u2019autres familles vivaient des \u00e9preuves \u00e9pouvantables et allaient nous rejoindre.<\/p>\n<p style=\"text-align: justify\">Nous savons aussi que l\u2019accueil d\u2019urgence et les solutions de logement sont fortement d\u00e9ficients. D\u2019abord, malgr\u00e9 ce que pr\u00e9voit la loi, l\u2019accueil inconditionnel n\u2019est pas assur\u00e9 \u00e0 cause du manque de places \u2013 des personnes seules et des familles se retrouvent r\u00e9guli\u00e8rement \u00e0 la rue. Nous pouvons lire dans le <strong>Plan D\u00e9partemental d\u2019Action pour le Logement des Personnes D\u00e9favoris\u00e9es du d\u00e9partement la Vienne 2012 \u2013 2016<\/strong>, \u00ab\u00a0<em>au 31 ao\u00fbt 2010, la synth\u00e8se r\u00e9gionale des PDAHI r\u00e9alis\u00e9e en Poitou-Charentes fait appara\u00eetre le bilan quantitatif suivant pour le d\u00e9partement de la Vienne : <strong>Urgence<\/strong> : 39 places install\u00e9es, dont 30 en CHRS<\/em>\u00a0\u00bb. M\u00eame s\u2019il y en a autant aujourd\u2019hui, ce qui serait \u00e0 d\u00e9montrer, c\u2019est manifestement insuffisant puisque d\u00e9j\u00e0 24 personnes habitent le squat de l\u2019Etape et que nous nous attendons ces prochains jours encore \u00e0 plus d\u2019une dizaine. D\u2019autre part, rien que l\u2019association Dal86 conna\u00eet, y compris les personnes du squat, 26 familles, un couple et 3 personnes seules sans logis ou dans des situations de logement tr\u00e8s pr\u00e9caires \u2013 104 personnes dont 64 enfants de quelques mois \u00e0 17 ans et 3 femmes enceintes. Il faut se rendre \u00e0 l\u2019\u00e9vidence, les 39 malheureuses places d\u2019urgence, ne pourront pas h\u00e9berger tout ce monde.<\/p>\n<p style=\"text-align: justify\">Ensuite, malgr\u00e9 la loi qui pr\u00e9voit un \u00ab\u00a0<em>accueil digne<\/em>\u00a0\u00bb, les locaux du CHUS sont tr\u00e8s v\u00e9tustes et la vie en dortoirs s\u00e9pare les couples et les familles. Malgr\u00e9 la loi qui pr\u00e9voit un accueil continu, les personnes et les familles doivent sortir \u00e0 10h30 le matin et ne pas y revenir avant 16h15 et pas apr\u00e8s 21h, et, si les femmes et les enfants sont h\u00e9berg\u00e9s tous les soirs, le manque de places fait que les hommes \u00ab\u00a0tournent\u00a0\u00bb et ne sont h\u00e9berg\u00e9 qu\u2019un jour sur deux voire, qu\u2019un jour sur 3 ou 4. Malgr\u00e9 la loi qui, outre le g\u00eete et l\u2019hygi\u00e8ne, pr\u00e9voit le couvert, il n\u2019y a pas de repas servis le soir ni a fortiori le midi.\u00a0Malgr\u00e9 la loi qui pr\u00e9voit une premi\u00e8re orientation \u00ab\u00a0<em>vers tout professionnel ou toute structure susceptibles de lui apporter l\u2019aide justifi\u00e9e par son \u00e9tat<\/em>\u00a0\u00bb, un accompagnement personnalis\u00e9 et une seconde orientation \u00ab\u00a0<em>vers une structure d\u2019h\u00e9bergement stable ou de soins, ou vers un logement, adapt\u00e9s \u00e0 sa situation<\/em>\u00a0\u00bb les personnes et les familles sont livr\u00e9s \u00e0 eux-m\u00eames et il est certain que des familles subissent ces mauvais traitements durant 2 longues ann\u00e9es, le maximum \u00e9tant 3 ans.<\/p>\n<p style=\"text-align: justify\">Nous pourrions multiplier les exemples. Nous n\u2019en donnerons qu\u2019un, cette famille azerie-arm\u00e9nienne, qui est arriv\u00e9e mardi dernier au squat de l\u2019Etape, a \u00e9t\u00e9 h\u00e9berg\u00e9e dans un premier temps par la Croix Rouge au CHUS \u00ab\u00a0115\u00a0\u00bb. Puis dans un CHRS et lorsqu\u2019elle a \u00e9t\u00e9 d\u00e9bout\u00e9e de sa demande d\u2019asile, la Croix Rouge lui a demand\u00e9 de partir et l\u2019a mise \u00e0 l\u2019h\u00f4tel. Puis, la Croix rouge leur a demand\u00e9 de trouver quelque chose par eux-m\u00eames car il n\u2019y avait pas de place au CHUS \u00ab\u00a0115\u00a0\u00bb \u2013 chose facile c\u2019est s\u00fbr pour des personnes parlant et comprenant mal le fran\u00e7ais, \u2013 et de partir de l\u2019h\u00f4tel vendredi 12 avril. Une place au CHUS \u00ab\u00a0115\u00a0\u00bb a malgr\u00e9 tout \u00e9t\u00e9 trouv\u00e9e \u00e0 l\u2019arrache la veille par la Croix Rouge apr\u00e8s l\u2019intervention du Dal86. Vu les conditions de vie lamentables au CHUS \u00ab\u00a0115\u00a0\u00bb et les maladies des enfants, la famille a laiss\u00e9 quelques affaires et est partie chez un ami \u00e0 Saintes. Lorsqu\u2019ils ont voulu revenir mardi dernier, ils n\u2019avaient plus de place au CHUS \u00ab\u00a0115\u00a0\u00bb et \u00e9taient \u00e0 la rue. Heureusement alors qu\u2019il y a eu le squat l\u2019Etape pour les mettre en s\u00e9curit\u00e9.<\/p>\n<p style=\"text-align: justify\">Cette situation catastrophique du CHUS est d\u00e9multipli\u00e9e par l\u2019incapacit\u00e9 du SIAO (Syst\u00e8me Int\u00e9gr\u00e9 d\u2019Accueil et d\u2019Orientation) \u00e0 orienter correctement et rapidement les personnes et les familles qui devraient rapidement sortir du CHUS comme c\u2019est stipul\u00e9 dans la loi. Il y avait, il y a quelques mois, une liste d\u2019attente d\u2019une centaine de noms. Combien y en a-t-il aujourd\u2019hui\u00a0?<\/p>\n<p style=\"text-align: justify\">Alors nous hallucinons lorsque les adjoints du maire de Poitiers d\u00e9clarent que les locaux du squat l\u2019Etape \u00ab\u00a0<em>ne r\u00e9pondent plus aux normes applicables \u00e0 ce type de site d\u2019h\u00e9bergement<\/em>.\u00a0\u00bb Non seulement il n\u2019y a pas photo si nous comparons ces locaux \u00e0 ceux v\u00e9tustes de la Croix Rouge, mais la situation dans le squat de l\u2019Etape est infiniment meilleure que de coucher et de vivre dans la rue.<\/p>\n<p style=\"text-align: justify\">Nous hallucinons aussi lorsque \u00ab\u00a0<em>les trois \u00e9lus notent que ces familles occupent des locaux potentiellement dangereux. Une situation signal\u00e9e au conseil g\u00e9n\u00e9ral du fait de la pr\u00e9sence de nombreux enfants<\/em>.\u00a0\u00bb Comment madame Laprie et messieurs Berthier et Bonefon peuvent-il se permettre de prof\u00e9rer se telles menaces dignes de la pire esp\u00e8ce des manipulateurs\u00a0? Car, vu la situation scandaleuse dans laquelle se trouvent ces familles et leurs enfants, et l\u2019\u00e9tat d\u00e9plorable de l\u2019h\u00e9bergement d\u2019urgence et du SIAO, ils sont autant en s\u00e9curit\u00e9 dans le squat l\u2019Etape qu\u2019au CHUS \u2013 tout en constatant qu\u2019ils ont, au squat, des conditions de vie beaucoup plus conformes \u00e0 la dignit\u00e9 humaine qu\u2019au CHUS \u2013 et ils sont infiniment plus en s\u00e9curit\u00e9 dans le squat que dans la rue.<\/p>\n<p style=\"text-align: justify\">Concernant le conseil g\u00e9n\u00e9ral, qui rappelons-le, en fait de protection de l\u2019enfance, d\u00e9nonce les vrais faux majeurs \u00e9trangers \u00e0 la \u00ab\u00a0police r\u00e9publicaine\u00a0\u00bb pour les faire expulser. Dal86 a accompagn\u00e9s plusieurs fois des familles avec des enfants \u00e0 l\u2019ASE, qui l\u00e0 aussi, en fait de protection de l\u2019enfance, ne se pr\u00e9occupe que des d\u00e9ficiences parentales et a toujours refus\u00e9 de prendre en charge les familles que nous lui avons amen\u00e9es. L\u2019ASE n\u2019a jamais rien voulu savoir nous disant que l\u2019absence de logement n\u2019\u00e9tait pas une maltraitance des enfants et que la solution relevait donc de la pr\u00e9fecture. L\u2019ASE a m\u00eame laiss\u00e9 partir plusieurs fois, sans leur proposer une prise en charge, des familles ayant des enfants, y compris en bas \u00e2ge, alors qu\u2019ils savaient tr\u00e8s bien qu\u2019ils partaient coucher dans la rue.<\/p>\n<h3 style=\"text-align: center\">Soyons clairs, si le Conseil G\u00e9n\u00e9ral l\u00e8ve ne serait-ce que le petit doigt concernant la suppos\u00e9e \u00ab\u00a0ins\u00e9curit\u00e9\u00a0\u00bb dans laquelle seraient les enfants dans le squat l\u2019Etape, nous viendrons illico \u00e0 l\u2019ASE, les familles du squat et les autres soutenues par le Dal86 et les autres orgas, pour exiger une prise en charge pour tous.<\/h3>\n<p style=\"text-align: justify\">De la m\u00eame mani\u00e8re, si la municipalit\u00e9 assigne les familles du squat l\u2019Etape au tribunal, nous viendrons illico \u00e0 la mairie, les familles du squat et les autres soutenues par le Dal86 et les autres orgas, pour exiger l\u2019annulation de la proc\u00e9dure.<\/p>\n<h2 style=\"text-align: center\">Un toit c\u2019est un droit avec ou sans papiers<\/h2>\n<p><a href=\"http:\/\/dal86.fr\/2013\/04\/21\/1238\/pxr_010-2\/\" rel=\"attachment wp-att-1240\"><img loading=\"lazy\" decoding=\"async\" class=\"aligncenter\" alt=\"PXR_010\" src=\"http:\/\/dal86.fr\/wp-content\/uploads\/2013\/04\/PXR_010-150x150.jpg\" width=\"150\" height=\"150\" \/><\/a><\/p>\n<p><strong>Revue de presse :<\/strong><\/p>\n<p>&#8211; <a href=\"http:\/\/poitou-charentes.france3.fr\/2013\/04\/07\/poitiers-un-batiment-du-centre-ville-occupe-par-une-famille-roumaine-soutenue-par-le-dal-230275.html\" target=\"_blank\">Poitiers: un b\u00e2timent du centre-ville occup\u00e9 par une famille roumaine soutenue par le DAL France3 07-04-13<\/a><br \/>\n&#8211; <a href=\"http:\/\/dal86.fr\/2013\/04\/07\/la-vente-des-locaux-de-lex-foyer-de-letape-une-vraie-provocation-a-legard-des-sans-logis-et-mal-loges\/\" target=\"_blank\">La vente des locaux de l\u2019ex-foyer de l\u2019Etape : une vraie provocation \u00e0 l\u2019\u00e9gard des sans logis et mal log\u00e9s<\/a> Dal86 07-04-13<br \/>\n&#8211; <a href=\"http:\/\/dal86.fr\/2013\/04\/16\/squat-letape-halte-aux-intimidations\/\" target=\"_blank\">Squat l\u2019Etape : halte aux intimidations ! Dal86 16-04-13<\/a><br \/>\n&#8211; \u00a0<a href=\"http:\/\/www.lanouvellerepublique.fr\/Vienne\/communes\/Poitiers\/n\/Contenus\/Articles\/2013\/04\/17\/Squat-du-foyer-L-Etape-le-bras-de-fer-engage-1415031\" target=\"_blank\">Squat du foyer L\u2019\u00c9tape : le bras de fer engag\u00e9 NR 17\/04\/2013<\/a><br \/>\n&#8211; <a href=\"http:\/\/www.npa86.org\/spip.php?article2737\" target=\"_blank\">ROMS : \u00e0 Poitiers comme ailleurs une situation indigne et inacceptable ! DNSI 18-04-13<\/a><br \/>\n&#8211; <a href=\"http:\/\/www.lanouvellerepublique.fr\/Vienne\/communes\/Poitiers\/n\/Contenus\/Articles\/2013\/04\/18\/POITIERS-Squat-rom-a-L-Etape-les-ecologistes-interpellent-le-maire-et-le-prefet-1416033\" target=\"_blank\">POITIERS Squat rom \u00e0 L\u2019\u00c9tape : les \u00e9cologistes interpellent le maire et le pr\u00e9fet NR 18-04-13<\/a><br \/>\n&#8211; <a href=\"http:\/\/www.lanouvellerepublique.fr\/Vienne\/Actualite\/Faits-divers-justice\/n\/Contenus\/Articles\/2013\/04\/19\/Squat-rom-un-foyer-a-reactions-1417319\" target=\"_blank\">Squat rom : un foyer \u00e0 r\u00e9actions NR 19\/04\/2013<\/a><br \/>\n&#8211; <a href=\"http:\/\/www.npa86.org\/spip.php?article2738\" target=\"_blank\">N<\/a><a href=\"http:\/\/www.npa86.org\/spip.php?article2738\" target=\"_blank\">on \u00e0 l\u2019expulsion des familles de Roms\u00a0! NPA 19-04-13<\/a><\/p>\n<p><b>Les habitants du squat l\u2019Etape ont besoin\u00a0:<\/b><\/p>\n<p>&#8211; de nourriture\u00a0;<br \/>\n&#8211; de v\u00eatements et de chaussures (adultes et enfants de 1 ans \u00e0 15 ans)<br \/>\n&#8211; d\u2019ustensiles de cuisine, d\u2019assiettes de verres de couverts\u00a0;<br \/>\n&#8211; de gazini\u00e8res, plaques de cuisson et r\u00e9chauds, de machines \u00e0 laver le linge, de r\u00e9frig\u00e9rateurs\u00a0;<br \/>\n&#8211; de matelas et de sommiers, de couvertures, de meubles, de tables de chaises\u00a0;<br \/>\n&#8211; de produits et ustensiles de toilette, d\u2019entretien\u00a0;<br \/>\n&#8211; d\u2019outils, de mat\u00e9riel, de produits de fabrication et r\u00e9paration,<br \/>\n&#8211; de t\u00e9l\u00e9phones portables d\u00e9simlock\u00e9s ou \u00ab\u00a0tout op\u00e9rateurs\u00a0\u00bb<br \/>\n&#8211; de fournitures scolaires et mat\u00e9riel informatique ;<br \/>\n&#8211; de jouets et de jeux pour les enfants et les adultes :<br \/>\n&#8211; \u2026<\/p>\n<p>\u2192 les ustensiles, machines et outils peuvent bien s\u00fbr \u00eatre seulement pr\u00eat\u00e9s.<\/p>\n<p style=\"text-align: justify\"><b>Vous pouvez aussi aussi faire un don<\/b>. Ch\u00e8ques \u00e0 l\u2019ordre du DAL86 a envoyer \u00e0 DAL86, Maison de la Solidarit\u00e9, 22 rue du pigeon blanc 86000 POITIERS en pr\u00e9cisant au dos \u00ab\u00a0Squat l\u2019Etape\u00a0\u00bb.<\/p>\n<p style=\"text-align: justify\"><b>Pour tous renseignements\u00a0: <\/b><a href=\"mailto:dal86@free.fr\">dal86@free.fr<\/a> ou au 05 49 88 94 56 (laisser un message nous vous rappellerons)<\/p>\n<p align=\"RIGHT\"><em><a href=\"http:\/\/dal86.fr\/\" target=\"_blank\">DAL86<\/a><\/em><em> \u2013 <\/em><em><a href=\"mailto:dal86@free.fr\" target=\"_blank\">dal86@free.fr<\/a><\/em><em> \u2013 06 52 93 54 44 \/ 05 49 88 94 56<\/em><\/p>\n<p align=\"RIGHT\"><em>Permanences : tous les samedis matin de 11h \u00e0 12h et tous les mardis soirs de 17h \u00e0 18h Maison de la Solidarit\u00e9 22 rue du Pigeon Blanc Poitiers <\/em><\/p>\n<p style=\"text-align: right\"><a href=\"http:\/\/dal86.fr\/2013\/04\/21\/1238\/\" target=\"_blank\"><em><strong>DAL 86<\/strong><\/em><\/a><\/p>\n","protected":false},"excerpt":{"rendered":"<p>Nous ne savons pas trop comment prendre les titres de la Nouvelle R\u00e9publique \u00ab\u00a0Squat rom \u00e0 L\u2019\u00c9tape\u00a0\u00bb et \u00ab\u00a0Squat rom\u00a0\u00bb. Nous esp\u00e9rons qu\u2019il s\u2019agit seulement, comme le font certaines autres organisations, d\u2019insister sur la sp\u00e9cificit\u00e9 des roms\u00a0: une situation qui est plus d\u00e9plorable et scandaleuse que celle des \u00ab\u00a0sans papiers\u00a0\u00bb. Il se trouve toutefois qu\u2019aujourd\u2019hui &hellip; <a href=\"https:\/\/fa86.noblogs.org\/?p=8786\" class=\"more-link\">Continuer la lecture de <span class=\"screen-reader-text\">Squat de l\u2019Etape : communiqu\u00e9 du 21-04-13<\/span> <span class=\"meta-nav\">&rarr;<\/span><\/a><\/p>\n","protected":false},"author":2691,"featured_media":0,"comment_status":"open","ping_status":"open","sticky":false,"template":"","format":"standard","meta":{"footnotes":""},"categories":[29],"tags":[],"class_list":["post-8786","post","type-post","status-publish","format-standard","hentry","category-un-toit-pour-tou-te-s"],"_links":{"self":[{"href":"https:\/\/fa86.noblogs.org\/index.php?rest_route=\/wp\/v2\/posts\/8786","targetHints":{"allow":["GET"]}}],"collection":[{"href":"https:\/\/fa86.noblogs.org\/index.php?rest_route=\/wp\/v2\/posts"}],"about":[{"href":"https:\/\/fa86.noblogs.org\/index.php?rest_route=\/wp\/v2\/types\/post"}],"author":[{"embeddable":true,"href":"https:\/\/fa86.noblogs.org\/index.php?rest_route=\/wp\/v2\/users\/2691"}],"replies":[{"embeddable":true,"href":"https:\/\/fa86.noblogs.org\/index.php?rest_route=%2Fwp%2Fv2%2Fcomments&post=8786"}],"version-history":[{"count":2,"href":"https:\/\/fa86.noblogs.org\/index.php?rest_route=\/wp\/v2\/posts\/8786\/revisions"}],"predecessor-version":[{"id":8788,"href":"https:\/\/fa86.noblogs.org\/index.php?rest_route=\/wp\/v2\/posts\/8786\/revisions\/8788"}],"wp:attachment":[{"href":"https:\/\/fa86.noblogs.org\/index.php?rest_route=%2Fwp%2Fv2%2Fmedia&parent=8786"}],"wp:term":[{"taxonomy":"category","embeddable":true,"href":"https:\/\/fa86.noblogs.org\/index.php?rest_route=%2Fwp%2Fv2%2Fcategories&post=8786"},{"taxonomy":"post_tag","embeddable":true,"href":"https:\/\/fa86.noblogs.org\/index.php?rest_route=%2Fwp%2Fv2%2Ftags&post=8786"}],"curies":[{"name":"wp","href":"https:\/\/api.w.org\/{rel}","templated":true}]}}