{"id":8792,"date":"2013-04-22T13:20:45","date_gmt":"2013-04-22T11:20:45","guid":{"rendered":"http:\/\/fa86.noblogs.org\/?p=8792"},"modified":"2013-04-22T13:20:45","modified_gmt":"2013-04-22T11:20:45","slug":"poitiers-le-barouf-dhonneur-de-la-manif-pour-tous","status":"publish","type":"post","link":"https:\/\/fa86.noblogs.org\/?p=8792","title":{"rendered":"[Poitiers] Le barouf d&rsquo;honneur de la Manif pour tous"},"content":{"rendered":"<p style=\"text-align: justify\"><em>Un convoi de 150 voitures et des klaxons \u00e0 tue-t\u00eate. La manifestation r\u00e9gionale contre le mariage gay, hier \u00e0 Poitiers, ressemblait \u00e0\u2026 un mariage.<\/em><\/p>\n<p style=\"text-align: justify\">Herv\u00e9 est \u00ab mont\u00e9 \u00bb du sud de la Vienne avec son \u00e9pouse B\u00e9reng\u00e8re et leurs quatre enfants. C&rsquo;est la troisi\u00e8me fois de sa vie qu&rsquo;il manifeste\u2009: \u00ab Les deux autres c&rsquo;\u00e9tait pour l&rsquo;\u00e9cole libre en 1984 et contre le PACS en 1997. \u00bb Il a visiblement de la suite dans les id\u00e9es, et avoue militer, aujourd&rsquo;hui, \u00ab pour la loi naturelle, qui fait que, depuis la nuit des temps, il faut un homme et une femme pour que naissent des enfants \u00bb.<\/p>\n<p style=\"text-align: justify\">Sur le parking du cin\u00e9ma de Fontaine-le-Comte, ils \u00e9taient plusieurs dizaines, comme lui, hier matin, qui d\u00e9coraient les vitres de leurs voitures avant d&rsquo;aller manifester en convoi sur les boulevards poitevins. \u00ab C&rsquo;est la premi\u00e8re manifestation d&rsquo;ampleur r\u00e9gionale que nous organisons en Poitou-Charentes \u00bb, explique Herv\u00e9 Tertrais, porte-parole picto-charentais. R\u00e9unir un convoi de 150 v\u00e9hicules, un dimanche matin, c&rsquo;est le chiffre qu&rsquo;il esp\u00e9rait. \u00ab On veut montrer au gouvernement qu&rsquo;on ne l\u00e2chera rien, m\u00eame si cette loi est vot\u00e9e mardi prochain, ajoute Antoine de B\u00e9rranger, coordinateur de la Manif pour tous dans l&rsquo;Ouest. Nous avons lib\u00e9r\u00e9 la parole sur ce sujet et on s&rsquo;aper\u00e7oit que l&rsquo;opinion publique nous est de plus en plus favorable. On ne comprend pas que le gouvernement reste totalement sourd \u00e0 cette r\u00e9alit\u00e9. C&rsquo;est frustrant. \u00bb<br \/>\nLe convoi s&rsquo;est \u00e9branl\u00e9 un peu avant midi en direction de la capitale r\u00e9gionale. Objectif\u2009: le parc de Blossac pour un pique-nique, apr\u00e8s un tour sur les boulevards p\u00e9riph\u00e9riques et un passage devant la pr\u00e9fecture. La consigne \u00e9tait claire\u2009: \u00ab On ne s&rsquo;arr\u00eate pas, mais on klaxonne tout le temps\u2009! \u00bb Comme dans un vrai mariage, avec des d\u00e9corations bleues et roses sur les jantes et les r\u00e9troviseurs. La manifestation se voulait avant tout familiale et pacifique, dans le respect des recommandations des organisateurs\u2009: pas de confrontation (voir ci-dessous). \u00ab Dites bien que nous condamnons les actes homophobes de ces derniers jours \u00bb, insiste Antoine de B\u00e9rranger.<\/p>\n<p style=\"text-align: justify\"><strong>manif<\/strong><\/p>\n<p style=\"text-align: justify\"><em>Diesel pour tous ?<\/em><\/p>\n<p style=\"text-align: justify\">Les opposants au mariage homosexuel ont \u00e9videmment provoqu\u00e9 pas mal d&#8217;embouteillages, m\u00eame si on \u00e9tait un dimanche matin. Surtout, avec leurs nombreux monospaces (familles nombreuses obligent\u2026) au diesel, ils n&rsquo;ont pas contribu\u00e9 \u00e0 la puret\u00e9 de l&rsquo;atmosph\u00e8re.<\/p>\n<p style=\"text-align: justify\"><strong>la phrase<\/strong><\/p>\n<p style=\"text-align: justify\"><em>\u00ab Nous sommes l\u00e0 pour \u00e9couter ce que les opposants \u00e0 la loi ont \u00e0 dire, ils ont un certain nombre de messages \u00e0 faire passer. \u00bb<\/em><\/p>\n<p style=\"text-align: justify\">Le pr\u00e9sident d\u00e9partemental de l&rsquo;UMP de la Vienne, Olivier Chartier, et un autre ex-candidat aux l\u00e9gislatives, Enguerrand Delannoy, ont rejoint les manifestants contre le mariage pour tous, hier apr\u00e8s-midi au parc de Blossac. Les organisateurs de la Manif pour tous avaient bien pr\u00e9cis\u00e9 que leur mouvement entend rester apolitique, mais les deux responsables de l&rsquo;UMP ont n\u00e9anmoins \u00e9t\u00e9 accueillis \u00e0 bras ouverts.<\/p>\n<p style=\"text-align: right\"><em><strong>Philippe Bonnet, <a href=\"http:\/\/www.lanouvellerepublique.fr\/Vienne\/Actualite\/24-Heures\/n\/Contenus\/Articles\/2013\/04\/22\/Le-barouf-d-honneur-de-la-Manif-pour-tous-1420896\" target=\"_blank\">La Nouvelle R\u00e9publique<\/a><\/strong><\/em><br \/>\n<em><strong>22\/04\/2013<\/strong><\/em><\/p>\n<p style=\"text-align: justify\"><strong>Des contre-manifestants tenus \u00e0 distance<\/strong><\/p>\n<p style=\"text-align: justify\">Il est 10\u2009h\u200930, ce dimanche matin, et le parking de l&rsquo;hypermarch\u00e9 Auchan de Poitiers-Sud conna\u00eet une fr\u00e9quentation inhabituelle. Une trentaine de jeunes militants de gauche sortent leurs banderoles des voitures tandis qu&rsquo;un fourgon et trois voitures de police viennent se garer \u00e0 quelques dizaines de m\u00e8tres d&rsquo;eux.<\/p>\n<p style=\"text-align: justify\">Ces militants du Groupe d&rsquo;action unitaire de la Vienne contre l&rsquo;extr\u00eame-droite comptent bloquer les voitures de la Manif pour tous qui doivent se rassembler au m\u00eame endroit une demi-heure plus tard.<br \/>\nMais les opposants au mariage homosexuel ont \u00e9t\u00e9 pr\u00e9venus par la police qu&rsquo;un comit\u00e9 d&rsquo;accueil les attendait et ils ont finalement chang\u00e9 de lieu de rassemblement (lire ci-dessus).<br \/>\nLes jeunes du NPA et des Jeunes communistes sont donc bien esseul\u00e9s, face aux policiers qui leur rappellent qu&rsquo;ils n&rsquo;ont pas d\u00e9clar\u00e9 leur manifestation et qu&rsquo;ils sont donc passibles de peines de prison ferme et de fortes amendes s&rsquo;ils troublent l&rsquo;ordre public.<br \/>\n\u00ab Nous condamnons fermement l&rsquo;action des forces de l&rsquo;ordre qui ont clairement aid\u00e9 les homophobes en leur indiquant le parking du CGR comme point de repli, puisque nous \u00e9tions sur celui d&rsquo;Auchan, commentait, apr\u00e8s coup, le porte-parole du NPA, Alexandre Raguet. Nous revendiquons notre droit \u00e0 nous exprimer, en tant que progressistes, comme bon nous semble et o\u00f9 bon nous semble\u2009! Les id\u00e9es de l&rsquo;extr\u00eame-droite ne feront pas la loi. \u00bb<\/p>\n<p style=\"text-align: justify\"><strong>s\u00e9nats<\/strong><\/p>\n<p style=\"text-align: justify\"><em>Alain Fouch\u00e9 \u00e9claircit sa position<\/em><\/p>\n<p style=\"text-align: justify\">Alain Fouch\u00e9 n&rsquo;a pas particip\u00e9 au vote sur le mariage pour tous il y a dix jours au S\u00e9nat\u2009: \u00ab Il devait avoir lieu dans l&rsquo;apr\u00e8s-midi, il a finalement \u00e9t\u00e9 avanc\u00e9 au matin. Du coup, il n&rsquo;y avait qu&rsquo;une quarantaine de s\u00e9nateurs. \u00bb Le groupe UMP a demand\u00e9 que soient au moins rendues publiques les intentions de vote. Ainsi, peut-on lire sur le site du S\u00e9nat que le s\u00e9nateur chauvinois avait l&rsquo;intention de s&rsquo;abstenir.<br \/>\n\u00ab J&rsquo;ai toujours dit que j&rsquo;\u00e9tais favorable \u00e0 un contrat d&rsquo;union civil pour les homosexuels, justifie Alain Fouch\u00e9, c&rsquo;est-\u00e0-dire une c\u00e9r\u00e9monie officielle et publique devant le maire, qui r\u00e8gle les probl\u00e8mes de succession, de r\u00e9version de retraite\u2026 Bref, un mariage qu&rsquo;on appellerait autrement, mais qui exclurait la question de la filiation, sur laquelle je suis beaucoup plus r\u00e9serv\u00e9. J&rsquo;avais donc l&rsquo;intention de m&rsquo;abstenir. Dans les derni\u00e8res heures avant le vote, le gouvernement a pr\u00e9sent\u00e9 le texte comme conduisant inexorablement vers la filiation, l&rsquo;adoption, la PMA, avec toutes les d\u00e9rives que cela entra\u00eene. C&rsquo;est pourquoi j&rsquo;aurais finalement vot\u00e9 contre. M\u00eame si j&rsquo;ai \u00e9t\u00e9 tent\u00e9, un temps, de m&rsquo;abstenir. \u00bb<br \/>\nEn janvier 2010, Alain Fouch\u00e9 faisait partie des 60 s\u00e9nateurs de tous bords signataires d&rsquo;une proposition de loi visant \u00e0 l\u00e9galiser la Gestation pour autrui (GPA). Il assure qu&rsquo;il avait retir\u00e9 quasi imm\u00e9diatement sa signature.<\/p>\n<p style=\"text-align: right\"><em><strong>Laurent Favreuille, <a href=\"http:\/\/www.lanouvellerepublique.fr\/Vienne\/Actualite\/24-Heures\/n\/Contenus\/Articles\/2013\/04\/22\/Des-contre-manifestants-tenus-a-distance-1421293\" target=\"_blank\">La Nouvelle R\u00e9publique<\/a><\/strong><\/em><br \/>\n<em><strong>22\/04\/2013<\/strong><\/em><\/p>\n","protected":false},"excerpt":{"rendered":"<p>Un convoi de 150 voitures et des klaxons \u00e0 tue-t\u00eate. La manifestation r\u00e9gionale contre le mariage gay, hier \u00e0 Poitiers, ressemblait \u00e0\u2026 un mariage. Herv\u00e9 est \u00ab mont\u00e9 \u00bb du sud de la Vienne avec son \u00e9pouse B\u00e9reng\u00e8re et leurs quatre enfants. C&rsquo;est la troisi\u00e8me fois de sa vie qu&rsquo;il manifeste\u2009: \u00ab Les deux autres &hellip; <a href=\"https:\/\/fa86.noblogs.org\/?p=8792\" class=\"more-link\">Continuer la lecture de <span class=\"screen-reader-text\">[Poitiers] Le barouf d&rsquo;honneur de la Manif pour tous<\/span> <span class=\"meta-nav\">&rarr;<\/span><\/a><\/p>\n","protected":false},"author":2691,"featured_media":0,"comment_status":"open","ping_status":"open","sticky":false,"template":"","format":"standard","meta":{"footnotes":""},"categories":[6,14],"tags":[],"class_list":["post-8792","post","type-post","status-publish","format-standard","hentry","category-paf-le-faf","category-questions-de-genres"],"_links":{"self":[{"href":"https:\/\/fa86.noblogs.org\/index.php?rest_route=\/wp\/v2\/posts\/8792","targetHints":{"allow":["GET"]}}],"collection":[{"href":"https:\/\/fa86.noblogs.org\/index.php?rest_route=\/wp\/v2\/posts"}],"about":[{"href":"https:\/\/fa86.noblogs.org\/index.php?rest_route=\/wp\/v2\/types\/post"}],"author":[{"embeddable":true,"href":"https:\/\/fa86.noblogs.org\/index.php?rest_route=\/wp\/v2\/users\/2691"}],"replies":[{"embeddable":true,"href":"https:\/\/fa86.noblogs.org\/index.php?rest_route=%2Fwp%2Fv2%2Fcomments&post=8792"}],"version-history":[{"count":1,"href":"https:\/\/fa86.noblogs.org\/index.php?rest_route=\/wp\/v2\/posts\/8792\/revisions"}],"predecessor-version":[{"id":8793,"href":"https:\/\/fa86.noblogs.org\/index.php?rest_route=\/wp\/v2\/posts\/8792\/revisions\/8793"}],"wp:attachment":[{"href":"https:\/\/fa86.noblogs.org\/index.php?rest_route=%2Fwp%2Fv2%2Fmedia&parent=8792"}],"wp:term":[{"taxonomy":"category","embeddable":true,"href":"https:\/\/fa86.noblogs.org\/index.php?rest_route=%2Fwp%2Fv2%2Fcategories&post=8792"},{"taxonomy":"post_tag","embeddable":true,"href":"https:\/\/fa86.noblogs.org\/index.php?rest_route=%2Fwp%2Fv2%2Ftags&post=8792"}],"curies":[{"name":"wp","href":"https:\/\/api.w.org\/{rel}","templated":true}]}}