{"id":8798,"date":"2013-04-22T13:46:54","date_gmt":"2013-04-22T11:46:54","guid":{"rendered":"http:\/\/fa86.noblogs.org\/?p=8798"},"modified":"2013-04-22T13:46:54","modified_gmt":"2013-04-22T11:46:54","slug":"poitiers-145-hectares-et-3-000-emplois-a-lhorizon-2030","status":"publish","type":"post","link":"https:\/\/fa86.noblogs.org\/?p=8798","title":{"rendered":"[Poitiers] 145 hectares et 3.000 emplois \u00e0 l&rsquo;horizon 2030"},"content":{"rendered":"<p style=\"text-align: justify\"><em>Une exposition est pr\u00e9sent\u00e9e \u00e0 l\u2019h\u00f4tel de ville de Poitiers et \u00e0 la mairie de Mign\u00e9-Auxances. On y d\u00e9couvre la future zone d\u2019activit\u00e9s R\u00e9publique IV.<\/em><\/p>\n<p style=\"text-align: justify\">Apr\u00e8s R\u00e9publique I, II et III, voici R\u00e9publique IV. Il ne s&rsquo;agit point des r\u00e9gimes pr\u00e9sidentiels, mais des zones d&rsquo;activit\u00e9s \u00e9conomiques de la communaut\u00e9 d&rsquo;agglom\u00e9ration de Poitiers. Les premi\u00e8res zones &#8211; on parle aujourd&rsquo;hui de p\u00f4les &#8211; se sont d\u00e9velopp\u00e9es sur le territoire de la commune de Poitiers. La quatri\u00e8me verra le jour \u00e0 cheval sur Poitiers et Mign\u00e9-Auxances.<\/p>\n<p style=\"text-align: justify\"><strong>Des \u00e9quipements mutualis\u00e9s<\/strong><\/p>\n<p style=\"text-align: justify\">Le projet a \u00e9t\u00e9 initi\u00e9 \u00e0 la fin des ann\u00e9es 2000, quand les emplacements susceptibles de recevoir des entreprises se faisaient rares. Avec la crise, la demande s&rsquo;est ralentie. Elle existe n\u00e9anmoins toujours et Grand Poitiers ne veut pas manquer une occasion de voir s&rsquo;\u00e9tablir un investisseur sur son territoire.<br \/>\nLe futur p\u00f4le \u00e9conomique s&rsquo;\u00e9tendra sur 145 hectares au nord-ouest de l&rsquo;autoroute A 10 et de la ligne \u00e0 grande vitesse actuellement en chantier. C\u00f4t\u00e9 route de Parthenay (RD 30), elle se raccordera \u00e0 Actiparc (Vouneuil-sous-Biard) et aux zones d&rsquo;activit\u00e9s de Larnay et de la Tardiverie (Biard). A l&rsquo;oppos\u00e9, R\u00e9publique IV rejoindra Chardonchamp, tout pr\u00e8s de l&rsquo;\u00e9changeur autoroutier de Poitiers-Nord. Au passage, la future zone englobera la zone commerciale de La Loge (Mign\u00e9-Auxances).<br \/>\nIl est pr\u00e9vu d&rsquo;accueillir les entreprises les plus gourmandes en espaces (plus de 10.000 m2) aux deux extr\u00e9mit\u00e9s. Les PME qui auront besoin de 3.000 \u00e0 10.000 m2 s&rsquo;implanteraient au-del\u00e0 la LGV. Les entreprises artisanales (moins de 3.000 m2) pourront s&rsquo;installer \u00e0 l&rsquo;arri\u00e8re de la zone de La Loge.<br \/>\nPour accompagner ces implantations, il est d&rsquo;ores et d\u00e9j\u00e0 pr\u00e9vu des \u00e9quipements mutualis\u00e9s\u2009: une p\u00e9pini\u00e8re d&rsquo;entreprises, un p\u00f4le de restauration, une cr\u00e8che d&rsquo;entreprises, des salles de r\u00e9unions et un p\u00f4le d&rsquo;accueil. Tout cela, bien \u00e9videmment restant \u00e0 pr\u00e9ciser. A la fois quant au mode de gestion et au dimensionnement de ces \u00e9quipements.<br \/>\nA l&rsquo;ambition \u00e9conomique\u2009: r\u00e9aliser un ensemble o\u00f9 travailleraient de 3.000 \u00e0 4.000 salari\u00e9s \u00e0 l&rsquo;horizon 2030, Grand Poitiers veut ajouter une ambition esth\u00e9tique et paysag\u00e8re. D&rsquo;ores et d\u00e9j\u00e0 des espaces naturels sont annonc\u00e9s\u2009: vergers et vignes seront conserv\u00e9s, des liaisons paysag\u00e8res seront am\u00e9nag\u00e9es et un syst\u00e8me de gestion des eaux pluviales mis en place.<\/p>\n<p style=\"text-align: justify\"><strong>\u00e0 suivre<\/strong><\/p>\n<p style=\"text-align: justify\"><em>Concertation<\/em><\/p>\n<p style=\"text-align: justify\">&gt; L&rsquo;exposition \u00e0 l&rsquo;h\u00f4tel de ville de Poitiers et \u00e0 la mairie de Mign\u00e9-Auxances est la premi\u00e8re \u00e9tape d&rsquo;une concertation pr\u00e9alable \u00e0 l&rsquo;am\u00e9nagement de la future zone \u00e9conomique.<br \/>\n&gt; Un regret: dans l&rsquo;h\u00f4tel de ville de Poitiers, la dimension de l&rsquo;exposition est inversement proportionnelle \u00e0 l&rsquo;ambition affich\u00e9e. Les quatre panneaux qui pr\u00e9sentent le projet sont pr\u00e9sent\u00e9s dans un couloir au 1er \u00e9tage d&rsquo;une des ailes de la mairie. Pour trouver, il est prudent de demander \u00e0 l&rsquo;accueil.<br \/>\n&gt; L&rsquo;exposition est visible jusqu&rsquo;au 17 mai et il est possible de formuler ses remarques sur un registre.<\/p>\n<p style=\"text-align: right\"><em><strong>Jean-Jacques Boissonneau, <a href=\"http:\/\/www.lanouvellerepublique.fr\/Vienne\/Actualite\/Economie-social\/n\/Contenus\/Articles\/2013\/04\/22\/145-hectares-et-3.000-emplois-a-l-horizon-2030-1420989#\" target=\"_blank\">La Nouvelle R\u00e9publique<\/a><\/strong><\/em><br \/>\n<em><strong>22\/04\/2013<\/strong><\/em><\/p>\n","protected":false},"excerpt":{"rendered":"<p>Une exposition est pr\u00e9sent\u00e9e \u00e0 l\u2019h\u00f4tel de ville de Poitiers et \u00e0 la mairie de Mign\u00e9-Auxances. On y d\u00e9couvre la future zone d\u2019activit\u00e9s R\u00e9publique IV. Apr\u00e8s R\u00e9publique I, II et III, voici R\u00e9publique IV. Il ne s&rsquo;agit point des r\u00e9gimes pr\u00e9sidentiels, mais des zones d&rsquo;activit\u00e9s \u00e9conomiques de la communaut\u00e9 d&rsquo;agglom\u00e9ration de Poitiers. Les premi\u00e8res zones &hellip; <a href=\"https:\/\/fa86.noblogs.org\/?p=8798\" class=\"more-link\">Continuer la lecture de <span class=\"screen-reader-text\">[Poitiers] 145 hectares et 3.000 emplois \u00e0 l&rsquo;horizon 2030<\/span> <span class=\"meta-nav\">&rarr;<\/span><\/a><\/p>\n","protected":false},"author":2691,"featured_media":0,"comment_status":"open","ping_status":"open","sticky":false,"template":"","format":"standard","meta":{"footnotes":""},"categories":[26,19,22,7],"tags":[],"class_list":["post-8798","post","type-post","status-publish","format-standard","hentry","category-construction-du-desert","category-dystopie-urbaine","category-le-travail-tue","category-propagande-marchande"],"_links":{"self":[{"href":"https:\/\/fa86.noblogs.org\/index.php?rest_route=\/wp\/v2\/posts\/8798","targetHints":{"allow":["GET"]}}],"collection":[{"href":"https:\/\/fa86.noblogs.org\/index.php?rest_route=\/wp\/v2\/posts"}],"about":[{"href":"https:\/\/fa86.noblogs.org\/index.php?rest_route=\/wp\/v2\/types\/post"}],"author":[{"embeddable":true,"href":"https:\/\/fa86.noblogs.org\/index.php?rest_route=\/wp\/v2\/users\/2691"}],"replies":[{"embeddable":true,"href":"https:\/\/fa86.noblogs.org\/index.php?rest_route=%2Fwp%2Fv2%2Fcomments&post=8798"}],"version-history":[{"count":1,"href":"https:\/\/fa86.noblogs.org\/index.php?rest_route=\/wp\/v2\/posts\/8798\/revisions"}],"predecessor-version":[{"id":8799,"href":"https:\/\/fa86.noblogs.org\/index.php?rest_route=\/wp\/v2\/posts\/8798\/revisions\/8799"}],"wp:attachment":[{"href":"https:\/\/fa86.noblogs.org\/index.php?rest_route=%2Fwp%2Fv2%2Fmedia&parent=8798"}],"wp:term":[{"taxonomy":"category","embeddable":true,"href":"https:\/\/fa86.noblogs.org\/index.php?rest_route=%2Fwp%2Fv2%2Fcategories&post=8798"},{"taxonomy":"post_tag","embeddable":true,"href":"https:\/\/fa86.noblogs.org\/index.php?rest_route=%2Fwp%2Fv2%2Ftags&post=8798"}],"curies":[{"name":"wp","href":"https:\/\/api.w.org\/{rel}","templated":true}]}}