{"id":8801,"date":"2013-04-23T23:33:33","date_gmt":"2013-04-23T21:33:33","guid":{"rendered":"http:\/\/fa86.noblogs.org\/?p=8801"},"modified":"2013-04-23T23:33:33","modified_gmt":"2013-04-23T21:33:33","slug":"poitou-victimes-collaterales-de-la-lgv","status":"publish","type":"post","link":"https:\/\/fa86.noblogs.org\/?p=8801","title":{"rendered":"[Poitou] Victimes collat\u00e9rales de la LGV"},"content":{"rendered":"<p style=\"text-align: justify\"><em>Fontaine-le-Comte, Ligug\u00e9<\/em><\/p>\n<p style=\"text-align: justify\">Ils avaient \u00e9vit\u00e9 la prison mais ils ont eu le trac\u00e9 de la ligne \u00e0 grande vitesse. Les habitants du lieu-dit \u00ab Les Barberies \u00bb, \u00e0 la limite des communes de Fontaine-le-Comte et Ligug\u00e9 pensaient en rester l\u00e0. Pourtant, un autre ennui leur est tomb\u00e9 dessus sous la forme d&rsquo;une future aire d&rsquo;accueil des Gens du Voyage.<\/p>\n<p style=\"text-align: justify\">Certes, les Tziganes qui circulent \u00e0 travers la France \u00e0 bord de leurs immenses caravanes sont loin d&rsquo;\u00eatre syst\u00e9matiquement de mauvais voisins. Il n&#8217;emp\u00eache\u2009: on pr\u00e9f\u00e8re g\u00e9n\u00e9ralement les voir s&rsquo;installer chez les autres plut\u00f4t que sous ses fen\u00eatres. C&rsquo;est pourquoi une poign\u00e9e d&rsquo;habitants ou de propri\u00e9taires du hameau, tous situ\u00e9s du c\u00f4t\u00e9 Ligug\u00e9, ont d\u00e9cid\u00e9 de saisir le tribunal administratif pour tenter de faire suspendre le permis de construire d\u00e9livr\u00e9 par la mairie de Fontaine-le-Comte, alors que les travaux d&rsquo;am\u00e9nagement ont d\u00e9j\u00e0 commenc\u00e9.<\/p>\n<p style=\"text-align: justify\"><strong>Quatorze emplacements<\/strong><\/p>\n<p style=\"text-align: justify\">Le \u00ab b\u00e9n\u00e9ficiaire \u00bb de ce permis n&rsquo;est autre que Cosea, la soci\u00e9t\u00e9 charg\u00e9e de construire la future ligne \u00e0 grande vitesse. Pourquoi\u2009? Parce que le trac\u00e9 de la LGV passe pr\u00e9cis\u00e9ment sur l&rsquo;actuelle aire d&rsquo;accueil de Larnay et qu&rsquo;il fallait obligatoirement reloger les voyageurs.<br \/>\nCosea \u00e9tant propri\u00e9taire d&rsquo;un vaste terrain qui ne lui servira \u00e0 rien, le long de la voie ferr\u00e9e Poitiers &#8211; La Rochelle, c\u00f4t\u00e9 Fontaine-le-Comte, a propos\u00e9 \u00e0 Grand-Poitiers d&rsquo;y recaser l&rsquo;aire d&rsquo;accueil. Le permis de construire a \u00e9t\u00e9 d\u00e9livr\u00e9 le 23 mars. L&rsquo;aire sera install\u00e9e sur un peu plus d&rsquo;un hectare et comportera 14 emplacements.<br \/>\nEn priv\u00e9, les riverains, dont certains habitent \u00e0 200 m\u00e8tres du camp, ne cachent pas les craintes directes que leur inspire ce voisinage\u2009: du c\u00f4t\u00e9 de Larnay, on leur a dit que la cohabitation avec les Gens du voyage \u00e9tait parfois tendue.<\/p>\n<p style=\"text-align: justify\"><strong>Travers\u00e9e dangereuse<\/strong><\/p>\n<p style=\"text-align: justify\">Ils ont tent\u00e9 de rencontrer les \u00e9lus de Fontaine-le-Comte pour leur proposer de choisir un autre terrain, route de B\u00e9ruges ou tout au moins d&rsquo;\u00e9carter un peu plus l&rsquo;aire d&rsquo;accueil des maisons, en installant un bois entre les deux. Ils disent n&rsquo;avoir re\u00e7u aucune r\u00e9ponse. Devant le juge des r\u00e9f\u00e9r\u00e9s, hier, Me Jessy Renner, qui d\u00e9fend les riverains et l&rsquo;association qu&rsquo;ils ont cr\u00e9\u00e9e, s&rsquo;est essentiellement appuy\u00e9e sur l&rsquo;unique point de r\u00e8glement qui pourrait contrecarrer le projet\u2009: pour acc\u00e9der \u00e0 la future aire d&rsquo;accueil, les caravanes arrivant de Poitiers devront couper la d\u00e9partementale 911 (ex-RN 11), ce qui repr\u00e9sentera un certain danger. Ce que conteste Me L\u00e6titia Lelong, avocate de Cosea et de la commune. D\u00e9cision sans doute mercredi.<\/p>\n<p style=\"text-align: right\"><em><strong>Vincent Buche, <a href=\"http:\/\/www.lanouvellerepublique.fr\/Vienne\/Actualite\/Faits-divers-justice\/n\/Contenus\/Articles\/2013\/04\/23\/Victimes-collaterales-de-la-LGV-1422523\" target=\"_blank\">La Nouvelle R\u00e9publique<\/a><\/strong><\/em><br \/>\n<em><strong>23\/04\/2013<\/strong><\/em><\/p>\n","protected":false},"excerpt":{"rendered":"<p>Fontaine-le-Comte, Ligug\u00e9 Ils avaient \u00e9vit\u00e9 la prison mais ils ont eu le trac\u00e9 de la ligne \u00e0 grande vitesse. Les habitants du lieu-dit \u00ab Les Barberies \u00bb, \u00e0 la limite des communes de Fontaine-le-Comte et Ligug\u00e9 pensaient en rester l\u00e0. Pourtant, un autre ennui leur est tomb\u00e9 dessus sous la forme d&rsquo;une future aire d&rsquo;accueil &hellip; <a href=\"https:\/\/fa86.noblogs.org\/?p=8801\" class=\"more-link\">Continuer la lecture de <span class=\"screen-reader-text\">[Poitou] Victimes collat\u00e9rales de la LGV<\/span> <span class=\"meta-nav\">&rarr;<\/span><\/a><\/p>\n","protected":false},"author":2691,"featured_media":0,"comment_status":"open","ping_status":"open","sticky":false,"template":"","format":"standard","meta":{"footnotes":""},"categories":[26],"tags":[],"class_list":["post-8801","post","type-post","status-publish","format-standard","hentry","category-construction-du-desert"],"_links":{"self":[{"href":"https:\/\/fa86.noblogs.org\/index.php?rest_route=\/wp\/v2\/posts\/8801","targetHints":{"allow":["GET"]}}],"collection":[{"href":"https:\/\/fa86.noblogs.org\/index.php?rest_route=\/wp\/v2\/posts"}],"about":[{"href":"https:\/\/fa86.noblogs.org\/index.php?rest_route=\/wp\/v2\/types\/post"}],"author":[{"embeddable":true,"href":"https:\/\/fa86.noblogs.org\/index.php?rest_route=\/wp\/v2\/users\/2691"}],"replies":[{"embeddable":true,"href":"https:\/\/fa86.noblogs.org\/index.php?rest_route=%2Fwp%2Fv2%2Fcomments&post=8801"}],"version-history":[{"count":2,"href":"https:\/\/fa86.noblogs.org\/index.php?rest_route=\/wp\/v2\/posts\/8801\/revisions"}],"predecessor-version":[{"id":8803,"href":"https:\/\/fa86.noblogs.org\/index.php?rest_route=\/wp\/v2\/posts\/8801\/revisions\/8803"}],"wp:attachment":[{"href":"https:\/\/fa86.noblogs.org\/index.php?rest_route=%2Fwp%2Fv2%2Fmedia&parent=8801"}],"wp:term":[{"taxonomy":"category","embeddable":true,"href":"https:\/\/fa86.noblogs.org\/index.php?rest_route=%2Fwp%2Fv2%2Fcategories&post=8801"},{"taxonomy":"post_tag","embeddable":true,"href":"https:\/\/fa86.noblogs.org\/index.php?rest_route=%2Fwp%2Fv2%2Ftags&post=8801"}],"curies":[{"name":"wp","href":"https:\/\/api.w.org\/{rel}","templated":true}]}}