{"id":8804,"date":"2013-04-23T23:38:37","date_gmt":"2013-04-23T21:38:37","guid":{"rendered":"http:\/\/fa86.noblogs.org\/?p=8804"},"modified":"2013-04-23T23:38:37","modified_gmt":"2013-04-23T21:38:37","slug":"un-salarie-de-renault-sest-suicide-lundi-sur-son-lieu-de-travail","status":"publish","type":"post","link":"https:\/\/fa86.noblogs.org\/?p=8804","title":{"rendered":"Un salari\u00e9 de Renault s&rsquo;est suicid\u00e9 lundi sur son lieu de travail"},"content":{"rendered":"<p style=\"text-align: justify\">Un salari\u00e9 de l&rsquo;usine Renault \u00e0 Cl\u00e9on (Seine-Maritime) s&rsquo;est donn\u00e9 la mort, dans la nuit du dimanche 21 au lundi 22 avril, sur son lieu de travail. L&rsquo;un de ses coll\u00e8gues l&rsquo;a retrouv\u00e9, pendu, vers 5 h 30, dans un secteur de l&rsquo;\u00e9tablissement o\u00f9 il n&rsquo;y avait plus aucune activit\u00e9.<\/p>\n<p style=\"text-align: justify\">Ag\u00e9 de 35 ans, il \u00e9tait technicien de maintenance de nuit et avait \u00e9t\u00e9 embauch\u00e9 par le constructeur automobile en 2000.<\/p>\n<p style=\"text-align: justify\">Il a laiss\u00e9 deux lettres \u2013 l&rsquo;une \u00e0 l&rsquo;attention de sa femme et de leurs filles, l&rsquo;autre destin\u00e9e \u00e0 la direction dans laquelle il \u00e9crit : \u00ab\u00a0Merci Renault. Merci ces ann\u00e9es de pression, chantage au nuit. O\u00f9 le droit de gr\u00e8ve n&rsquo;existe pas. Ne pas protester sinon gare. La peur, l&rsquo;incertitude de l&rsquo;avenir sont de bonne guerre, parait-il ? Tu expliqueras \u00e7a \u00e0 mes filles, Carlos [Ghosn, le PDG du groupe]. \u00ab\u00a0<\/p>\n<p style=\"text-align: justify\">Selon Pascal Morel, responsable du syndicat CGT dans l&rsquo;usine, cet homme avait \u00e9t\u00e9 tr\u00e8s impliqu\u00e9 dans les gr\u00e8ves qui ont \u00e9clat\u00e9 \u00e0 partir de la fin 2012 pour s&rsquo;opposer au projet d&rsquo;accord comp\u00e9titivit\u00e9-emploi.<\/p>\n<p style=\"text-align: justify\">Sign\u00e9 dans la premi\u00e8re quinzaine de mars, ce dispositif pr\u00e9voit que le personnel fasse des sacrifices (gel des salaires, accroissement du temps de travail&#8230;) en contrepartie de l&rsquo;engagement de la direction d&rsquo;augmenter les volumes de production.<\/p>\n<p style=\"text-align: justify\"><strong>\u00ab\u00a0PRESSIONS\u00a0\u00bb<\/strong><\/p>\n<p style=\"text-align: justify\">Apr\u00e8s ces conflits, \u00ab\u00a0la hi\u00e9rarchie a exerc\u00e9 des pressions\u00a0\u00bb, explique M. Morel, et a fait comprendre aux gr\u00e9vistes que s&rsquo;ils jouaient encore aux fortes t\u00eates, ils risquaient de perdre leur poste de nuit, nettement mieux pay\u00e9 que le travail en \u00e9quipe de jour. La diff\u00e9rence peut \u00eatre de l&rsquo;ordre de 700 euros par mois, d&rsquo;apr\u00e8s M. Morel.<\/p>\n<p style=\"text-align: justify\">Pour le syndicaliste, le suicide de cet homme est \u00ab\u00a0en lien avec le travail\u00a0\u00bb. Renault a une part de responsabilit\u00e9, ajoute M. Morel, dans la mesure o\u00f9 un \u00ab\u00a0syst\u00e8me\u00a0\u00bb, reposant sur le chantage et sur l&rsquo;intimidation, a \u00e9t\u00e9 mis en place pour encadrer le personnel.<\/p>\n<p style=\"text-align: justify\">Une porte-parole de la soci\u00e9t\u00e9 r\u00e9torque que le salari\u00e9 avait \u00e9t\u00e9 favorablement \u00ab\u00a0\u00e9valu\u00e9\u00a0\u00bb par sa hi\u00e9rarchie et qu&rsquo;il avait l&rsquo;assurance de pouvoir continuer \u00e0 travailler de nuit. Il n&rsquo;\u00e9tait pas connu des services m\u00e9dicaux de l&rsquo;entreprise.<\/p>\n<p style=\"text-align: justify\">\u00ab\u00a0Renault a \u00e0 c\u0153ur de comprendre ce qui s&rsquo;est pass\u00e9, insiste-t-on chez le constructeur. La direction est touch\u00e9e et s&rsquo;associe au chagrin de la famille et des salari\u00e9s.\u00a0\u00bb<\/p>\n<p style=\"text-align: justify\">Une cellule psychologique a \u00e9t\u00e9 mise en place sur le site de Cl\u00e9on. Le parquet de Rouen a ouvert une enqu\u00eate. De son c\u00f4t\u00e9, le comit\u00e9 d&rsquo;hygi\u00e8ne, de s\u00e9curit\u00e9 et des conditions de travail (CHSCT) va essayer d&rsquo;identifier les facteurs expliquant le passage \u00e0 l&rsquo;acte pour \u00e9viter que de tels faits ne se reproduisent, affirme M. Morel.<\/p>\n<p style=\"text-align: right\"><em><strong>Bertrand Bissuel, <a href=\"http:\/\/www.lemonde.fr\/economie\/article\/2013\/04\/23\/un-salarie-de-renault-s-est-suicide-a-cleon_3164988_3234.html\" target=\"_blank\">Lemonde.fr<\/a><br \/>\n23\/04\/2013<\/strong><\/em><\/p>\n","protected":false},"excerpt":{"rendered":"<p>Un salari\u00e9 de l&rsquo;usine Renault \u00e0 Cl\u00e9on (Seine-Maritime) s&rsquo;est donn\u00e9 la mort, dans la nuit du dimanche 21 au lundi 22 avril, sur son lieu de travail. L&rsquo;un de ses coll\u00e8gues l&rsquo;a retrouv\u00e9, pendu, vers 5 h 30, dans un secteur de l&rsquo;\u00e9tablissement o\u00f9 il n&rsquo;y avait plus aucune activit\u00e9. Ag\u00e9 de 35 ans, il &hellip; <a href=\"https:\/\/fa86.noblogs.org\/?p=8804\" class=\"more-link\">Continuer la lecture de <span class=\"screen-reader-text\">Un salari\u00e9 de Renault s&rsquo;est suicid\u00e9 lundi sur son lieu de travail<\/span> <span class=\"meta-nav\">&rarr;<\/span><\/a><\/p>\n","protected":false},"author":2691,"featured_media":0,"comment_status":"open","ping_status":"open","sticky":false,"template":"","format":"standard","meta":{"footnotes":""},"categories":[22],"tags":[],"class_list":["post-8804","post","type-post","status-publish","format-standard","hentry","category-le-travail-tue"],"_links":{"self":[{"href":"https:\/\/fa86.noblogs.org\/index.php?rest_route=\/wp\/v2\/posts\/8804","targetHints":{"allow":["GET"]}}],"collection":[{"href":"https:\/\/fa86.noblogs.org\/index.php?rest_route=\/wp\/v2\/posts"}],"about":[{"href":"https:\/\/fa86.noblogs.org\/index.php?rest_route=\/wp\/v2\/types\/post"}],"author":[{"embeddable":true,"href":"https:\/\/fa86.noblogs.org\/index.php?rest_route=\/wp\/v2\/users\/2691"}],"replies":[{"embeddable":true,"href":"https:\/\/fa86.noblogs.org\/index.php?rest_route=%2Fwp%2Fv2%2Fcomments&post=8804"}],"version-history":[{"count":1,"href":"https:\/\/fa86.noblogs.org\/index.php?rest_route=\/wp\/v2\/posts\/8804\/revisions"}],"predecessor-version":[{"id":8805,"href":"https:\/\/fa86.noblogs.org\/index.php?rest_route=\/wp\/v2\/posts\/8804\/revisions\/8805"}],"wp:attachment":[{"href":"https:\/\/fa86.noblogs.org\/index.php?rest_route=%2Fwp%2Fv2%2Fmedia&parent=8804"}],"wp:term":[{"taxonomy":"category","embeddable":true,"href":"https:\/\/fa86.noblogs.org\/index.php?rest_route=%2Fwp%2Fv2%2Fcategories&post=8804"},{"taxonomy":"post_tag","embeddable":true,"href":"https:\/\/fa86.noblogs.org\/index.php?rest_route=%2Fwp%2Fv2%2Ftags&post=8804"}],"curies":[{"name":"wp","href":"https:\/\/api.w.org\/{rel}","templated":true}]}}