{"id":8816,"date":"2013-04-26T14:54:14","date_gmt":"2013-04-26T12:54:14","guid":{"rendered":"http:\/\/fa86.noblogs.org\/?p=8816"},"modified":"2013-04-26T14:54:14","modified_gmt":"2013-04-26T12:54:14","slug":"chatellerault-conflit-a-la-poste-la-greve-continue","status":"publish","type":"post","link":"https:\/\/fa86.noblogs.org\/?p=8816","title":{"rendered":"[Ch\u00e2tellerault] Conflit \u00e0 La Poste : la gr\u00e8ve continue"},"content":{"rendered":"<p style=\"text-align: justify\">Le conflit au centre de distribution du courrier de Ch\u00e2tellerault est entr\u00e9 dans sa phase active, hier matin. 25\u00a0tourn\u00e9es de courrier supprim\u00e9es plus 3\u00a0tourn\u00e9es de colis et une partie du tri non effectu\u00e9, le syndicat Sud a r\u00e9ussi \u00e0 mobiliser \u00e0 la hauteur o\u00f9 il l&rsquo;entendait, visiblement.<i> \u00ab\u00a0Sur le centre, cela repr\u00e9sente 34\u00a0personnes en gr\u00e8ve\u00a0\u00bb,<\/i> indique L\u00e6titia Herero, du syndicat Sud, qui n&rsquo;est pas contredite sur ce point par la direction.<\/p>\n<p style=\"text-align: justify\">Par contre, l\u00e0 o\u00f9 les points de vue divergent, c&rsquo;est sur les motifs de la gr\u00e8ve. <i>\u00ab\u00a0Au centre de Ch\u00e2tellerault, le nombre de plis qui transitent est pass\u00e9 de 44.000\u00a0\u00e0 40.000\u00a0en seulement trois ans,<\/i> explique B\u00e9atrice Estrade, directrice du site. <i>Nous essayons donc d&rsquo;adapter nos effectifs \u00e0 l&rsquo;activit\u00e9 sachant que, depuis un an, nous pr\u00e9parons cette r\u00e9organisation qui a donn\u00e9 lieu \u00e0 12\u00a0rencontres avec les syndicats, \u00e0 trois r\u00e9unions de CHSCT et \u00e0 un entretien individuel avec chacun des salari\u00e9s. Au total, ce sont 5\u00a0et 1\/2 <\/i>\u00ab\u00a0\u2009<i>\u00e9quivalents temps plein\u2009<\/i>\u00ab\u00a0<i> qui sont supprim\u00e9s par non-remplacement des d\u00e9parts naturels.\u00a0\u00bb<\/i><br \/>\nLa syndicaliste estime, pour sa part, que la suppression de postes doit pouvoir \u00eatre \u00e9vit\u00e9e et que La Poste a les moyens de pr\u00e9server l&#8217;emploi \u00e0 Ch\u00e2tellerault. Une analyse que partage le syndicat CGT m\u00eame s&rsquo;il n&rsquo;a pas appel\u00e9 \u00e0 la gr\u00e8ve, cette fois, pr\u00e9f\u00e9rant tenter de ren\u00e9gocier la r\u00e9organisation dans les instances o\u00f9 il est repr\u00e9sent\u00e9.<br \/>\nEn attendant, la gr\u00e8ve continue aujourd&rsquo;hui.<\/p>\n<p style=\"text-align: right\"><em><strong>Presse patronale (<a href=\"http:\/\/www.lanouvellerepublique.fr\/Vienne\/Actualite\/Economie-social\/n\/Contenus\/Articles\/2013\/04\/26\/Conflit-a-La-Poste-la-greve-continue-1425903\" target=\"_blank\">La Nouvelle R\u00e9publique<\/a>)<\/strong><\/em><br \/>\n<em><strong>26\/04\/2013<\/strong><\/em><\/p>\n","protected":false},"excerpt":{"rendered":"<p>Le conflit au centre de distribution du courrier de Ch\u00e2tellerault est entr\u00e9 dans sa phase active, hier matin. 25\u00a0tourn\u00e9es de courrier supprim\u00e9es plus 3\u00a0tourn\u00e9es de colis et une partie du tri non effectu\u00e9, le syndicat Sud a r\u00e9ussi \u00e0 mobiliser \u00e0 la hauteur o\u00f9 il l&rsquo;entendait, visiblement. \u00ab\u00a0Sur le centre, cela repr\u00e9sente 34\u00a0personnes en gr\u00e8ve\u00a0\u00bb, &hellip; <a href=\"https:\/\/fa86.noblogs.org\/?p=8816\" class=\"more-link\">Continuer la lecture de <span class=\"screen-reader-text\">[Ch\u00e2tellerault] Conflit \u00e0 La Poste : la gr\u00e8ve continue<\/span> <span class=\"meta-nav\">&rarr;<\/span><\/a><\/p>\n","protected":false},"author":2691,"featured_media":0,"comment_status":"open","ping_status":"open","sticky":false,"template":"","format":"standard","meta":{"footnotes":""},"categories":[22],"tags":[],"class_list":["post-8816","post","type-post","status-publish","format-standard","hentry","category-le-travail-tue"],"_links":{"self":[{"href":"https:\/\/fa86.noblogs.org\/index.php?rest_route=\/wp\/v2\/posts\/8816","targetHints":{"allow":["GET"]}}],"collection":[{"href":"https:\/\/fa86.noblogs.org\/index.php?rest_route=\/wp\/v2\/posts"}],"about":[{"href":"https:\/\/fa86.noblogs.org\/index.php?rest_route=\/wp\/v2\/types\/post"}],"author":[{"embeddable":true,"href":"https:\/\/fa86.noblogs.org\/index.php?rest_route=\/wp\/v2\/users\/2691"}],"replies":[{"embeddable":true,"href":"https:\/\/fa86.noblogs.org\/index.php?rest_route=%2Fwp%2Fv2%2Fcomments&post=8816"}],"version-history":[{"count":2,"href":"https:\/\/fa86.noblogs.org\/index.php?rest_route=\/wp\/v2\/posts\/8816\/revisions"}],"predecessor-version":[{"id":8818,"href":"https:\/\/fa86.noblogs.org\/index.php?rest_route=\/wp\/v2\/posts\/8816\/revisions\/8818"}],"wp:attachment":[{"href":"https:\/\/fa86.noblogs.org\/index.php?rest_route=%2Fwp%2Fv2%2Fmedia&parent=8816"}],"wp:term":[{"taxonomy":"category","embeddable":true,"href":"https:\/\/fa86.noblogs.org\/index.php?rest_route=%2Fwp%2Fv2%2Fcategories&post=8816"},{"taxonomy":"post_tag","embeddable":true,"href":"https:\/\/fa86.noblogs.org\/index.php?rest_route=%2Fwp%2Fv2%2Ftags&post=8816"}],"curies":[{"name":"wp","href":"https:\/\/api.w.org\/{rel}","templated":true}]}}